

{"id":36785,"date":"2019-06-05T09:36:29","date_gmt":"2019-06-05T12:36:29","guid":{"rendered":"http:\/\/portalfloresnoar.com\/floresnoar\/?p=36785"},"modified":"2019-09-16T17:50:58","modified_gmt":"2019-09-16T20:50:58","slug":"agenda-pe-jornada-de-renascimentos-de-12-a-169-no-recife","status":"publish","type":"post","link":"https:\/\/portalfloresnoar.com\/floresnoar\/agenda-pe-jornada-de-renascimentos-de-12-a-169-no-recife\/","title":{"rendered":"[AGENDA PE] Jornada de Renascimentos, de 12 a 16\/9, no Recife"},"content":{"rendered":"<p><img decoding=\"async\" loading=\"lazy\" class=\"aligncenter wp-image-36786 \" src=\"http:\/\/portalfloresnoar.com\/floresnoar\/wp-content\/uploads\/2019\/09\/terapia-renascimento-recife-700x391.jpg\" alt=\"\" width=\"600\" height=\"335\" srcset=\"https:\/\/portalfloresnoar.com\/floresnoar\/wp-content\/uploads\/2019\/09\/terapia-renascimento-recife-700x391.jpg 700w, https:\/\/portalfloresnoar.com\/floresnoar\/wp-content\/uploads\/2019\/09\/terapia-renascimento-recife-300x168.jpg 300w, https:\/\/portalfloresnoar.com\/floresnoar\/wp-content\/uploads\/2019\/09\/terapia-renascimento-recife.jpg 720w\" sizes=\"(max-width: 600px) 100vw, 600px\" \/><\/p>\n<p>Os terapeutas Deyvid Santos (PE) e Nilo Diniz (DF) conduzem de 12 a 16 de setembro de 2019, no Recife, a Jornada de Renascimentos, que inclui atendimentos individuais de uma hora e meia, e tamb\u00e9m grupos com tr\u00eas horas de dura\u00e7\u00e3o, acompanhados dos dois terapeutas.<\/p>\n<p>O Renascimento \u00e9 uma respira\u00e7\u00e3o din\u00e2mica, cont\u00ednua e orientada que, durante 40 ou 50 minutos, em m\u00e9dia, propicia um estado de concentra\u00e7\u00e3o e de percep\u00e7\u00e3o do corpo, bem como de eventuais pontos de tens\u00e3o ou bloqueio de energia. Ligados quase sempre ao campo emocional, esses pontos podem gerar padr\u00f5es, posturas e sintomas indesej\u00e1veis.<\/p>\n<p>O terapeuta guia a respira\u00e7\u00e3o, d\u00e1 o suporte necess\u00e1rio e dialoga sobre as sensa\u00e7\u00f5es e percep\u00e7\u00f5es ap\u00f3s a respira\u00e7\u00e3o, com o intuito de refor\u00e7ar o processo de distensionamento.<\/p>\n<p><img decoding=\"async\" loading=\"lazy\" class=\" wp-image-36788 alignleft\" src=\"http:\/\/portalfloresnoar.com\/floresnoar\/wp-content\/uploads\/2019\/09\/deivid-galindo-terapeuta-300x300.jpg\" alt=\"\" width=\"182\" height=\"182\" srcset=\"https:\/\/portalfloresnoar.com\/floresnoar\/wp-content\/uploads\/2019\/09\/deivid-galindo-terapeuta-300x300.jpg 300w, https:\/\/portalfloresnoar.com\/floresnoar\/wp-content\/uploads\/2019\/09\/deivid-galindo-terapeuta-150x150.jpg 150w, https:\/\/portalfloresnoar.com\/floresnoar\/wp-content\/uploads\/2019\/09\/deivid-galindo-terapeuta-100x100.jpg 100w, https:\/\/portalfloresnoar.com\/floresnoar\/wp-content\/uploads\/2019\/09\/deivid-galindo-terapeuta.jpg 400w\" sizes=\"(max-width: 182px) 100vw, 182px\" \/><\/p>\n<p><strong>Deyvid Santos<\/strong> (Recife-PE) \u00e9 terapeuta de Renascimento, Regress\u00e3o e Reiki. Formado em Ci\u00eancias Sociais, pesquisa Pr\u00e1ticas Integrativas e Complementares. Iniciou-se no caminho terap\u00eautico atrav\u00e9s do Reiki (2008), Regress\u00e3o de Mem\u00f3ria (2012) e Renascimento (2015). Tendo realizado a forma\u00e7\u00e3o como terapeuta do renascimento com a psic\u00f3loga e renascedora M\u00f4nica N\u00edrmala (Pardees). Atualmente atende individualmente e em grupos na Cl\u00ednica Equilibre Pr\u00e1ticas Sist\u00eamicas.<\/p>\n<p>&nbsp;<\/p>\n<p><img decoding=\"async\" loading=\"lazy\" class=\" wp-image-36790 alignleft\" src=\"http:\/\/portalfloresnoar.com\/floresnoar\/wp-content\/uploads\/2019\/09\/terapia-renascimento_nilo-diniz-271x300.png\" alt=\"\" width=\"183\" height=\"203\" srcset=\"https:\/\/portalfloresnoar.com\/floresnoar\/wp-content\/uploads\/2019\/09\/terapia-renascimento_nilo-diniz-271x300.png 271w, https:\/\/portalfloresnoar.com\/floresnoar\/wp-content\/uploads\/2019\/09\/terapia-renascimento_nilo-diniz.png 367w\" sizes=\"(max-width: 183px) 100vw, 183px\" \/><\/p>\n<p><strong>Nilo S. M. Diniz<\/strong> (Bras\u00edlia-DF) atende como terapeuta de renascimento desde 2007, tendo conhecido esta t\u00e9cnica, em 1999, com a renascedora Regina Vilas Boas, em S\u00e3o Paulo, com quem realizou diversas jornadas de renascimento, em S\u00e3o Paulo e Bras\u00edlia. \u00c9 especialista em psicologia junguiana, especializando-se, atualmente, em psicossom\u00e1tica. Em agosto e outubro de 2016, fez atendimentos em Recife, na Cl\u00ednica Equilibre Pr\u00e1ticas Sist\u00eamicas, de Cleide Torres.<\/p>\n<p>&nbsp;<\/p>\n<p>&nbsp;<\/p>\n<p>SERVI\u00c7O<br \/>\n<strong>JORNADA DE RENASCIMENTOS<\/strong><br \/>\n<strong>Atendimentos individuais:<\/strong> 12 e 16 de Setembro (hor\u00e1rio a agendar)<br \/>\n<strong>Atendimento em grupo:<\/strong> 12 de Setembro (quinta), das 19 h \u00e0s 22 h e 15 de Setembro (domingo) das 17 h \u00e0s 20 h<br \/>\n<strong>Local:<\/strong> EQUILIBRE &#8211; PR\u00c1TICAS SIST\u00caMICAS &#8211; Rua An\u00edbal Falc\u00e3o, 151, Gra\u00e7as, Recife\/PE<\/p>\n<p>PR\u00c9-INSCRI\u00c7\u00d5ES <strong><a href=\"https:\/\/docs.google.com\/forms\/d\/e\/1FAIpQLSe0InEzS6aHC9E65rnBJi1DRbCanekGZRt6d65fmUJ_Ij_ELw\/viewform\" target=\"_blank\" rel=\"noopener\">NESTE LINK<\/a><\/strong>!<\/p>\n<p><strong>MAIS INFORMA\u00c7\u00d5ES<\/strong><br \/>\n(87) 99965.2036 (WhatsApp e Tim)<\/p>\n","protected":false},"excerpt":{"rendered":"<p>Os terapeutas Deyvid Santos (PE) e Nilo Diniz (DF) conduzem de 12 a 16 de setembro de 2019, no Recife, a Jornada de Renascimentos, que inclui atendimentos individuais de uma hora e meia, e tamb\u00e9m grupos com tr\u00eas horas de dura\u00e7\u00e3o, acompanhados dos dois terapeutas. O Renascimento \u00e9 uma respira\u00e7\u00e3o din\u00e2mica, cont\u00ednua e orientada que, [&hellip;]<\/p>\n","protected":false},"author":1,"featured_media":36786,"comment_status":"open","ping_status":"open","sticky":false,"template":"","format":"standard","meta":{"om_disable_all_campaigns":false,"_monsterinsights_skip_tracking":false,"_monsterinsights_sitenote_active":false,"_monsterinsights_sitenote_note":"","_monsterinsights_sitenote_category":0,"footnotes":""},"categories":[8,214],"tags":[433,178,304],"acf":[],"publishpress_future_action":{"enabled":false,"date":"1969-12-31 21:00:00","action":"","terms":[],"taxonomy":"","browser_timezone_offset":0},"_links":{"self":[{"href":"https:\/\/portalfloresnoar.com\/floresnoar\/wp-json\/wp\/v2\/posts\/36785"}],"collection":[{"href":"https:\/\/portalfloresnoar.com\/floresnoar\/wp-json\/wp\/v2\/posts"}],"about":[{"href":"https:\/\/portalfloresnoar.com\/floresnoar\/wp-json\/wp\/v2\/types\/post"}],"author":[{"embeddable":true,"href":"https:\/\/portalfloresnoar.com\/floresnoar\/wp-json\/wp\/v2\/users\/1"}],"replies":[{"embeddable":true,"href":"https:\/\/portalfloresnoar.com\/floresnoar\/wp-json\/wp\/v2\/comments?post=36785"}],"version-history":[{"count":0,"href":"https:\/\/portalfloresnoar.com\/floresnoar\/wp-json\/wp\/v2\/posts\/36785\/revisions"}],"wp:featuredmedia":[{"embeddable":true,"href":"https:\/\/portalfloresnoar.com\/floresnoar\/wp-json\/wp\/v2\/media\/36786"}],"wp:attachment":[{"href":"https:\/\/portalfloresnoar.com\/floresnoar\/wp-json\/wp\/v2\/media?parent=36785"}],"wp:term":[{"taxonomy":"category","embeddable":true,"href":"https:\/\/portalfloresnoar.com\/floresnoar\/wp-json\/wp\/v2\/categories?post=36785"},{"taxonomy":"post_tag","embeddable":true,"href":"https:\/\/portalfloresnoar.com\/floresnoar\/wp-json\/wp\/v2\/tags?post=36785"}],"curies":[{"name":"wp","href":"https:\/\/api.w.org\/{rel}","templated":true}]}}