

{"id":36776,"date":"2019-04-04T20:23:21","date_gmt":"2019-04-04T23:23:21","guid":{"rendered":"http:\/\/portalfloresnoar.com\/floresnoar\/?p=36776"},"modified":"2019-10-15T11:21:04","modified_gmt":"2019-10-15T14:21:04","slug":"agenda-pe-retiro-de-mindfulness-dias-11-12-e-1310-em-aldeia","status":"publish","type":"post","link":"https:\/\/portalfloresnoar.com\/floresnoar\/agenda-pe-retiro-de-mindfulness-dias-11-12-e-1310-em-aldeia\/","title":{"rendered":"[AGENDA PE] Retiro de Mindfulness dias 11, 12 e 13\/10 em Aldeia"},"content":{"rendered":"<p><img decoding=\"async\" loading=\"lazy\" class=\"wp-image-36777 size-full aligncenter\" src=\"http:\/\/portalfloresnoar.com\/floresnoar\/wp-content\/uploads\/2019\/09\/retiro-mindfulness-com-felipe-lapa.jpg\" alt=\"\" width=\"510\" height=\"510\" srcset=\"https:\/\/portalfloresnoar.com\/floresnoar\/wp-content\/uploads\/2019\/09\/retiro-mindfulness-com-felipe-lapa.jpg 510w, https:\/\/portalfloresnoar.com\/floresnoar\/wp-content\/uploads\/2019\/09\/retiro-mindfulness-com-felipe-lapa-150x150.jpg 150w, https:\/\/portalfloresnoar.com\/floresnoar\/wp-content\/uploads\/2019\/09\/retiro-mindfulness-com-felipe-lapa-300x300.jpg 300w, https:\/\/portalfloresnoar.com\/floresnoar\/wp-content\/uploads\/2019\/09\/retiro-mindfulness-com-felipe-lapa-100x100.jpg 100w\" sizes=\"(max-width: 510px) 100vw, 510px\" \/><\/p>\n<p>O instrutor de Mindfulness Felipe Lapa conduz nos dias 11, 12 e 13 de outubro de 2019, na Ch\u00e1cara Mais Consciente, em Aldeia\/PE, o &#8216;Retiro 3 dias Mindfulness&#8217;. Este retiro combina as principais pr\u00e1ticas de Mindfulness (sentadas, deitadas, caminhando e comendo), momentos de relaxamento na natureza, alimenta\u00e7\u00e3o vegetariana e Inicia\u00e7\u00e3o em Reiki I.<\/p>\n<p>Este encontro \u00e9 para todas as pessoas que desejam conhecer, iniciar e avan\u00e7ar os estudos sobre si mesmo, a partir de um fim de semana de imers\u00e3o e experimenta\u00e7\u00e3o. O retiro ser\u00e1 realizado em local inspirador, rodeado por mata atl\u00e2ntica nativa, tranquilidade, verde e ar puro.<\/p>\n<p>&#8220;O programa \u00e9 focado para adultos e tem como objetivo ajudar aos participantes a incorporar o Mindfulness no dia a dia e treinarmos habilidades para lidarmos com os desafios de Ser Humano. \u00c9 um espa\u00e7o para silenciar o ru\u00eddo e as distra\u00e7\u00f5es e ficar consigo mesmo, criando-se a oportunidade para iniciar uma nova dire\u00e7\u00e3o&#8221;, declara Felipe Lapa.<\/p>\n<p>Mindfulness, ou Aten\u00e7\u00e3o Plena, \u00e9 um estado de aten\u00e7\u00e3o ao momento presente que tem resultados cientificamente comprovados em \u00e1reas como a redu\u00e7\u00e3o do stress, da ansiedade, da irritabilidade e da agressividade, ajudando o praticante a encontrar mais serenidade, tranquilidade e paz no dia a dia.<\/p>\n<p>&#8220;Ao descobrir o grande valor do sil\u00eancio os praticantes podem explorar os seus usos na vida di\u00e1ria. Aprender a estar confort\u00e1vel com o sil\u00eancio expande o que \u00e9 poss\u00edvel nos nossos relacionamentos com os outros e com n\u00f3s mesmos. Em particular, ele pode ser um grande apoio para nos ajudar a descobrir uma maior liberdade onde quer que estejamos. E com liberdade podemos experimentar quietude e paz, mesmo no seio do frenesim&#8221;.<\/p>\n<p><strong>B\u00d4NUS:<\/strong> Haver\u00e1 I<strong>nicia\u00e7\u00e3o em Reiki 1<\/strong> para todos os participantes que desejarem.<br \/>\nReiki \u00e9 uma terapia natural que utiliza a imposi\u00e7\u00e3o das m\u00e3os para transmitir a Energia Universal de Cura, promovendo a harmoniza\u00e7\u00e3o do corpo f\u00edsico, emocional, mental e do esp\u00edrito. Durante as sess\u00f5es de Reiki \u00e9 poss\u00edvel restaurar a sa\u00fade e o bem-estar, al\u00e9m de iniciar ou acelerar a cura e harmoniza\u00e7\u00e3o das disfun\u00e7\u00f5es existentes.\u00a0Ao receber a primeira inicia\u00e7\u00e3o em Reiki I, o iniciante torna-se um canal para a energia de cura universal.<\/p>\n<p><strong>In\u00edcio:<\/strong> 11\/10, \u00e0s 20h<br \/>\n<strong>Encerramento:<\/strong> 13\/10, \u00e0s 17h<\/p>\n<p><strong>O que est\u00e1 incluso?<\/strong><br \/>\n\u2013 Acomoda\u00e7\u00e3o em quarto para at\u00e9 4 pessoas*<br \/>\n<em>*(cada um deve trazer sua roupa de cama)<\/em><br \/>\n\u2013 Alimenta\u00e7\u00e3o Vegetariana completa (caf\u00e9 da manh\u00e3 do s\u00e1bado at\u00e9 o almo\u00e7o do domingo)<\/p>\n<p><strong>Local<\/strong><br \/>\nCh\u00e1cara Mais Consciente, Km 13, Aldeia-PE.<\/p>\n<p><strong>Investimento<\/strong> (com alimenta\u00e7\u00e3o e hospedagem inclusos):<br \/>\nNormal: R$ 890,00<br \/>\nEx-Aluno Mais Consciente: R$ 690,00<br \/>\n[Em at\u00e9 10x SEM juros]<\/p>\n<p><strong>Inscri\u00e7\u00f5es atrav\u00e9s <a href=\"https:\/\/www.maisconsciente.com.br\/produto\/retiro-3-dias-de-mindfulness-11-12-e-13-de-outubro-de-2019-aldeia-pe-grupo-1\/?utm_source=leadlovers&amp;utm_medium=email&amp;utm_campaign=&amp;utm_content=Um%20fim%20de%20semana%20completo%203%20dias%20para%20relaxar%20e%20equilibrar%20o%20seu%20corpo%20e%20mente.\" target=\"_blank\" rel=\"noopener\">DESTE LINK<\/a>!<\/strong><\/p>\n<p>MAIS INFORMA\u00c7\u00d5ES<br \/>\n\u202d(81) 9.8227-2129\u202c &#8211; Felipe Lapa<br \/>\n(81) 9.9781-0911 &#8211; Mariana Lapa<br \/>\ncontato@maisconsciente.com.br<\/p>\n","protected":false},"excerpt":{"rendered":"<p>O instrutor de Mindfulness Felipe Lapa conduz nos dias 11, 12 e 13 de outubro de 2019, na Ch\u00e1cara Mais Consciente, em Aldeia\/PE, o &#8216;Retiro 3 dias Mindfulness&#8217;. Este retiro combina as principais pr\u00e1ticas de Mindfulness (sentadas, deitadas, caminhando e comendo), momentos de relaxamento na natureza, alimenta\u00e7\u00e3o vegetariana e Inicia\u00e7\u00e3o em Reiki I. Este encontro [&hellip;]<\/p>\n","protected":false},"author":1,"featured_media":36778,"comment_status":"open","ping_status":"open","sticky":false,"template":"","format":"standard","meta":{"om_disable_all_campaigns":false,"_monsterinsights_skip_tracking":false,"_monsterinsights_sitenote_active":false,"_monsterinsights_sitenote_note":"","_monsterinsights_sitenote_category":0,"footnotes":""},"categories":[8,214],"tags":[589,43,582,396],"acf":[],"publishpress_future_action":{"enabled":false,"date":"1969-12-31 21:00:00","action":"","terms":[],"taxonomy":"","browser_timezone_offset":0},"_links":{"self":[{"href":"https:\/\/portalfloresnoar.com\/floresnoar\/wp-json\/wp\/v2\/posts\/36776"}],"collection":[{"href":"https:\/\/portalfloresnoar.com\/floresnoar\/wp-json\/wp\/v2\/posts"}],"about":[{"href":"https:\/\/portalfloresnoar.com\/floresnoar\/wp-json\/wp\/v2\/types\/post"}],"author":[{"embeddable":true,"href":"https:\/\/portalfloresnoar.com\/floresnoar\/wp-json\/wp\/v2\/users\/1"}],"replies":[{"embeddable":true,"href":"https:\/\/portalfloresnoar.com\/floresnoar\/wp-json\/wp\/v2\/comments?post=36776"}],"version-history":[{"count":0,"href":"https:\/\/portalfloresnoar.com\/floresnoar\/wp-json\/wp\/v2\/posts\/36776\/revisions"}],"wp:featuredmedia":[{"embeddable":true,"href":"https:\/\/portalfloresnoar.com\/floresnoar\/wp-json\/wp\/v2\/media\/36778"}],"wp:attachment":[{"href":"https:\/\/portalfloresnoar.com\/floresnoar\/wp-json\/wp\/v2\/media?parent=36776"}],"wp:term":[{"taxonomy":"category","embeddable":true,"href":"https:\/\/portalfloresnoar.com\/floresnoar\/wp-json\/wp\/v2\/categories?post=36776"},{"taxonomy":"post_tag","embeddable":true,"href":"https:\/\/portalfloresnoar.com\/floresnoar\/wp-json\/wp\/v2\/tags?post=36776"}],"curies":[{"name":"wp","href":"https:\/\/api.w.org\/{rel}","templated":true}]}}