

{"id":36679,"date":"2019-05-22T15:24:28","date_gmt":"2019-05-22T18:24:28","guid":{"rendered":"http:\/\/portalfloresnoar.com\/floresnoar\/?p=36679"},"modified":"2019-09-16T17:49:09","modified_gmt":"2019-09-16T20:49:09","slug":"agenda-pe-inspiracao-poetica-e-tema-de-vivencia-criativa-dia-149-no-recife","status":"publish","type":"post","link":"https:\/\/portalfloresnoar.com\/floresnoar\/agenda-pe-inspiracao-poetica-e-tema-de-vivencia-criativa-dia-149-no-recife\/","title":{"rendered":"[AGENDA PE] &#8216;Inspira\u00e7\u00e3o Po\u00e9tica&#8217; \u00e9 tema de viv\u00eancia criativa, dia 14\/9, no Recife"},"content":{"rendered":"<p><img decoding=\"async\" loading=\"lazy\" class=\"aligncenter wp-image-36680 \" src=\"http:\/\/portalfloresnoar.com\/floresnoar\/wp-content\/uploads\/2019\/08\/alquimia-criativa.jpg\" alt=\"\" width=\"601\" height=\"601\" srcset=\"https:\/\/portalfloresnoar.com\/floresnoar\/wp-content\/uploads\/2019\/08\/alquimia-criativa.jpg 690w, https:\/\/portalfloresnoar.com\/floresnoar\/wp-content\/uploads\/2019\/08\/alquimia-criativa-150x150.jpg 150w, https:\/\/portalfloresnoar.com\/floresnoar\/wp-content\/uploads\/2019\/08\/alquimia-criativa-300x300.jpg 300w, https:\/\/portalfloresnoar.com\/floresnoar\/wp-content\/uploads\/2019\/08\/alquimia-criativa-100x100.jpg 100w\" sizes=\"(max-width: 601px) 100vw, 601px\" \/><\/p>\n<p>A arteterapeuta Pollyanna Pepeu facilita no dia\u00a0 14 de setembro de 2019, um novo encontro do projeto \u2018Alquimia Criativa: modalidades expressivas\u2019, desta vez com o tema: &#8216;Inspira\u00e7\u00e3o Po\u00e9tica&#8217;. A viv\u00eancia ser\u00e1 das 15h \u00e0s 17h, em Boa Viagem.<\/p>\n<p>&#8220;Nesta viv\u00eancia iremos mergulhar no mundo da poesia, unindo \u00e0 palavra outras express\u00f5es criativas&#8221;, declara Pollyanna, ressaltando que o encontro \u00e9 voltado para arteterapeutas, educadores e demais pessoas interessadas em participar.<\/p>\n<p>FACILITADORA<br \/>\n<strong>Pollyanna Pepeu\u00a0<\/strong>\u2013<strong>\u00a0<\/strong>Psic\u00f3loga, arteterapeuta, orientadora Vocacional, especialista em Psicologia Junguiana, facilitadora de Grupos de Estudos, supervisora Cl\u00ednica e docente.<\/p>\n<p><strong>\u2018Alquimia Criativa: modalidades expressivas&#8217;\u2019<\/strong><br \/>\n<strong>Tema do pr\u00f3ximo encontro:<\/strong> &#8216;Inspira\u00e7\u00e3o Po\u00e9tica&#8217;<br \/>\n<strong>Data:<\/strong>\u00a014\/09\/2019<br \/>\n<strong>Hor\u00e1rio:<\/strong>\u00a015h \u00e0s 17h<br \/>\n<strong>Local:<\/strong>\u00a0 Rua Jo\u00e3o Eug\u00eanio de Lima, 143, Boa Viagem (Set\u00fabal), Recife\/PE<br \/>\n<strong>P\u00fablico-alvo:<\/strong>\u00a0Arteterapeutas, educadores e pessoas interessadas<br \/>\n<strong>Valor:<\/strong>\u00a0 R$ 70,00<br \/>\n<em>Obs.: Ser\u00e1 fornecido certificado!<\/em><\/p>\n<p><em>Vagas limitadas!<\/em><\/p>\n<p><strong>INSCRI\u00c7\u00d5ES E MAIS INFORMA\u00c7\u00d5ES<\/strong><br \/>\n(81) 98891.3357 (Pollyanna Pepeu)<\/p>\n","protected":false},"excerpt":{"rendered":"<p>A arteterapeuta Pollyanna Pepeu facilita no dia\u00a0 14 de setembro de 2019, um novo encontro do projeto \u2018Alquimia Criativa: modalidades expressivas\u2019, desta vez com o tema: &#8216;Inspira\u00e7\u00e3o Po\u00e9tica&#8217;. A viv\u00eancia ser\u00e1 das 15h \u00e0s 17h, em Boa Viagem. &#8220;Nesta viv\u00eancia iremos mergulhar no mundo da poesia, unindo \u00e0 palavra outras express\u00f5es criativas&#8221;, declara Pollyanna, ressaltando [&hellip;]<\/p>\n","protected":false},"author":1,"featured_media":36681,"comment_status":"open","ping_status":"open","sticky":false,"template":"","format":"standard","meta":{"om_disable_all_campaigns":false,"_monsterinsights_skip_tracking":false,"_monsterinsights_sitenote_active":false,"_monsterinsights_sitenote_note":"","_monsterinsights_sitenote_category":0,"footnotes":""},"categories":[8,214],"tags":[34,257,304],"acf":[],"publishpress_future_action":{"enabled":false,"date":"1969-12-31 21:00:00","action":"","terms":[],"taxonomy":"","browser_timezone_offset":0},"_links":{"self":[{"href":"https:\/\/portalfloresnoar.com\/floresnoar\/wp-json\/wp\/v2\/posts\/36679"}],"collection":[{"href":"https:\/\/portalfloresnoar.com\/floresnoar\/wp-json\/wp\/v2\/posts"}],"about":[{"href":"https:\/\/portalfloresnoar.com\/floresnoar\/wp-json\/wp\/v2\/types\/post"}],"author":[{"embeddable":true,"href":"https:\/\/portalfloresnoar.com\/floresnoar\/wp-json\/wp\/v2\/users\/1"}],"replies":[{"embeddable":true,"href":"https:\/\/portalfloresnoar.com\/floresnoar\/wp-json\/wp\/v2\/comments?post=36679"}],"version-history":[{"count":0,"href":"https:\/\/portalfloresnoar.com\/floresnoar\/wp-json\/wp\/v2\/posts\/36679\/revisions"}],"wp:featuredmedia":[{"embeddable":true,"href":"https:\/\/portalfloresnoar.com\/floresnoar\/wp-json\/wp\/v2\/media\/36681"}],"wp:attachment":[{"href":"https:\/\/portalfloresnoar.com\/floresnoar\/wp-json\/wp\/v2\/media?parent=36679"}],"wp:term":[{"taxonomy":"category","embeddable":true,"href":"https:\/\/portalfloresnoar.com\/floresnoar\/wp-json\/wp\/v2\/categories?post=36679"},{"taxonomy":"post_tag","embeddable":true,"href":"https:\/\/portalfloresnoar.com\/floresnoar\/wp-json\/wp\/v2\/tags?post=36679"}],"curies":[{"name":"wp","href":"https:\/\/api.w.org\/{rel}","templated":true}]}}