

{"id":36653,"date":"2019-04-20T11:26:11","date_gmt":"2019-04-20T14:26:11","guid":{"rendered":"http:\/\/portalfloresnoar.com\/floresnoar\/?p=36653"},"modified":"2019-09-01T09:33:17","modified_gmt":"2019-09-01T12:33:17","slug":"agenda-pe-som-de-cristal-realiza-atendimentos-com-terapia-do-som-de-2-a-69-no-recife","status":"publish","type":"post","link":"https:\/\/portalfloresnoar.com\/floresnoar\/agenda-pe-som-de-cristal-realiza-atendimentos-com-terapia-do-som-de-2-a-69-no-recife\/","title":{"rendered":"[AGENDA PE] Som de Cristal realiza atendimentos com Terapia do Som, de 2 a 6\/9, no Recife"},"content":{"rendered":"<p><img decoding=\"async\" loading=\"lazy\" class=\"aligncenter wp-image-36655 \" src=\"http:\/\/portalfloresnoar.com\/floresnoar\/wp-content\/uploads\/2019\/08\/atendimentos-terapia-do-som.jpg\" alt=\"\" width=\"600\" height=\"600\" srcset=\"https:\/\/portalfloresnoar.com\/floresnoar\/wp-content\/uploads\/2019\/08\/atendimentos-terapia-do-som.jpg 690w, https:\/\/portalfloresnoar.com\/floresnoar\/wp-content\/uploads\/2019\/08\/atendimentos-terapia-do-som-150x150.jpg 150w, https:\/\/portalfloresnoar.com\/floresnoar\/wp-content\/uploads\/2019\/08\/atendimentos-terapia-do-som-300x300.jpg 300w, https:\/\/portalfloresnoar.com\/floresnoar\/wp-content\/uploads\/2019\/08\/atendimentos-terapia-do-som-100x100.jpg 100w\" sizes=\"(max-width: 600px) 100vw, 600px\" \/><\/p>\n<p>Os terapeutas Luiz e Rita Pontes, do <a href=\"https:\/\/www.somdecristal.com.br\/\" target=\"_blank\" rel=\"noopener\">Som de Cristal<\/a>\u00a0oferecem de 2 a 6 de setembro de 2019, no Recife, atendimentos individuais com Terapia do Som.<\/p>\n<p>A Terapia do Som no Brasil iniciou com Luiz e Rita Pontes desde que receberam suas primeiras tigelas de cristal em 2008. De la pra c\u00e1, come\u00e7aram a tocar tigelas, vivendo transforma\u00e7\u00f5es profundas em suas vidas, e depois passaram a tocar tamb\u00e9m para as outras pessoas, testemunhando todos os benef\u00edcios que esta vibra\u00e7\u00e3o trazia.<\/p>\n<p>&#8220;Em 2013 iniciamos o atendimento com a terapia do som com tigelas de cristal, usando como guia principalmente a nossa intui\u00e7\u00e3o e o nosso treinamento como estudantes de &#8216;Um Curso em Milagres&#8217; e terapeutas da cura das atitudes. A sess\u00e3o dura aproximadamente uma hora e meia e promove o alinhamento dos chakras&#8221;, explicam os terapeutas.<\/p>\n<p>A maior parte do tempo a pessoa passa deitada na maca, recebendo o som de oito tigelas de cristal foscas brancas afinadas, tocadas pelos dois terapeutas, que utilizam tamb\u00e9m um par de diapas\u00f5es de cristal, duas pir\u00e2mides sonoras de quartzo e duas ta\u00e7as de cristal, agora incluindo mais instrumentos de cristal no processo. &#8220;Cada instrumento desempenha o seu papel, e o resultado final costuma ser um relaxamento muito profundo, entre outros benef\u00edcios&#8221;.<\/p>\n<p>Os instrumentos n\u00e3o tocam o corpo da pessoa, mas ficam muito pr\u00f3ximos. Al\u00e9m disso, s\u00e3o colocados diretamente sobre o corpo cristais que trabalham em conjunto com o som dos instrumentos. &#8220;Com resultados pr\u00e1ticos obtidos a partir do atendimento de mais de uma centena de pessoas, notamos que este tipo de terapia pode produzir os seguintes efeitos: relaxamento, paz interior, clareza mental, aumento de criatividade, melhora da qualidade do sono, sensa\u00e7\u00e3o de harmonia e equil\u00edbrio, libera\u00e7\u00e3o de n\u00f3s e bloqueios emocionais, revitaliza\u00e7\u00e3o energ\u00e9tica&#8221;.<\/p>\n<p>TERAPEUTAS<br \/>\n<img decoding=\"async\" loading=\"lazy\" class=\"size-full wp-image-36657 alignleft\" src=\"http:\/\/portalfloresnoar.com\/floresnoar\/wp-content\/uploads\/2019\/08\/luiz-som-de-cristal.png\" alt=\"\" width=\"175\" height=\"175\" srcset=\"https:\/\/portalfloresnoar.com\/floresnoar\/wp-content\/uploads\/2019\/08\/luiz-som-de-cristal.png 175w, https:\/\/portalfloresnoar.com\/floresnoar\/wp-content\/uploads\/2019\/08\/luiz-som-de-cristal-150x150.png 150w, https:\/\/portalfloresnoar.com\/floresnoar\/wp-content\/uploads\/2019\/08\/luiz-som-de-cristal-100x100.png 100w\" sizes=\"(max-width: 175px) 100vw, 175px\" \/><\/p>\n<p><strong>Luiz Pontes &#8211;\u00a0<\/strong>\u00e9 terapeuta do som, especialista em musicoterapia e empreendedor. \u00c9 fundador da Som de Cristal e pioneiro na introdu\u00e7\u00e3o de instrumentos de quartzo no Brasil, especialmente as tigelas de cristal. Trabalha com ferramentas para o desenvolvimento da consci\u00eancia desde 1996. Curte demais peregrinar nas montanhas de Minas Gerais, sempre levando sua tigela de cristal.<\/p>\n<p>&nbsp;<\/p>\n<p><strong><img decoding=\"async\" loading=\"lazy\" class=\"alignnone size-full wp-image-36658 alignleft\" src=\"http:\/\/portalfloresnoar.com\/floresnoar\/wp-content\/uploads\/2019\/08\/rita-som-de-cristal.png\" alt=\"\" width=\"175\" height=\"175\" srcset=\"https:\/\/portalfloresnoar.com\/floresnoar\/wp-content\/uploads\/2019\/08\/rita-som-de-cristal.png 175w, https:\/\/portalfloresnoar.com\/floresnoar\/wp-content\/uploads\/2019\/08\/rita-som-de-cristal-150x150.png 150w, https:\/\/portalfloresnoar.com\/floresnoar\/wp-content\/uploads\/2019\/08\/rita-som-de-cristal-100x100.png 100w\" sizes=\"(max-width: 175px) 100vw, 175px\" \/>Rita Pontes<\/strong> &#8211; \u00e9 terapeuta do som, professora e dan\u00e7arina. \u00c9 fundadora da Som de Cristal e pioneira na introdu\u00e7\u00e3o de instrumentos de quartzo no Brasil, especialmente as tigelas de cristal. Inspirou a Dan\u00e7a Sagrada da Alma, abordagem livre da dan\u00e7a que foca na express\u00e3o dos potenciais internos e na inten\u00e7\u00e3o focada.<\/p>\n<p>&nbsp;<\/p>\n<p>&nbsp;<\/p>\n<p><strong>LOCAIS E DATAS DOS ATENDIMENTOS:<\/strong><\/p>\n<p><strong>Zona Sul<\/strong><br \/>\nData: Dias 2 e 3 de setembro de 2019<br \/>\nHor\u00e1rios: manh\u00e3 e tarde<br \/>\nLocal: Espa\u00e7o Energia Divina &#8211;\u00a0Rua Bar\u00e3o de Souza Le\u00e3o, 1103, Boa Viagem, Recife\/PE<\/p>\n<p><strong>Zona Norte<\/strong><br \/>\nData: 5 e 6 de setembro de 2019<br \/>\nHor\u00e1rios: Manh\u00e3 e tarde<br \/>\nLocal: Espa\u00e7o Gerar &#8211; Rua Jorge de Albuquerque, 103, Casa Forte, Recife\/PE<\/p>\n<p>V<strong>ALOR DO ATENDIMENTO:<\/strong> R$ 250,00<\/p>\n<p><strong>AGENDAMENTOS ATRAV\u00c9S DO WHATSAPP:<\/strong><br \/>\n(81) 9 9513.5242 (Josie Duarte)<\/p>\n<p><iframe loading=\"lazy\" width=\"500\" height=\"281\" src=\"https:\/\/www.youtube.com\/embed\/DywejOQYQMM?feature=oembed\" frameborder=\"0\" allow=\"accelerometer; autoplay; encrypted-media; gyroscope; picture-in-picture\" allowfullscreen><\/iframe><\/p>\n","protected":false},"excerpt":{"rendered":"<p>Os terapeutas Luiz e Rita Pontes, do Som de Cristal\u00a0oferecem de 2 a 6 de setembro de 2019, no Recife, atendimentos individuais com Terapia do Som. A Terapia do Som no Brasil iniciou com Luiz e Rita Pontes desde que receberam suas primeiras tigelas de cristal em 2008. De la pra c\u00e1, come\u00e7aram a tocar [&hellip;]<\/p>\n","protected":false},"author":1,"featured_media":36654,"comment_status":"open","ping_status":"open","sticky":false,"template":"","format":"standard","meta":{"om_disable_all_campaigns":false,"_monsterinsights_skip_tracking":false,"_monsterinsights_sitenote_active":false,"_monsterinsights_sitenote_note":"","_monsterinsights_sitenote_category":0,"footnotes":""},"categories":[8,214],"tags":[105,29,565,127],"acf":[],"publishpress_future_action":{"enabled":false,"date":"1969-12-31 21:00:00","action":"","terms":[],"taxonomy":"","browser_timezone_offset":0},"_links":{"self":[{"href":"https:\/\/portalfloresnoar.com\/floresnoar\/wp-json\/wp\/v2\/posts\/36653"}],"collection":[{"href":"https:\/\/portalfloresnoar.com\/floresnoar\/wp-json\/wp\/v2\/posts"}],"about":[{"href":"https:\/\/portalfloresnoar.com\/floresnoar\/wp-json\/wp\/v2\/types\/post"}],"author":[{"embeddable":true,"href":"https:\/\/portalfloresnoar.com\/floresnoar\/wp-json\/wp\/v2\/users\/1"}],"replies":[{"embeddable":true,"href":"https:\/\/portalfloresnoar.com\/floresnoar\/wp-json\/wp\/v2\/comments?post=36653"}],"version-history":[{"count":0,"href":"https:\/\/portalfloresnoar.com\/floresnoar\/wp-json\/wp\/v2\/posts\/36653\/revisions"}],"wp:featuredmedia":[{"embeddable":true,"href":"https:\/\/portalfloresnoar.com\/floresnoar\/wp-json\/wp\/v2\/media\/36654"}],"wp:attachment":[{"href":"https:\/\/portalfloresnoar.com\/floresnoar\/wp-json\/wp\/v2\/media?parent=36653"}],"wp:term":[{"taxonomy":"category","embeddable":true,"href":"https:\/\/portalfloresnoar.com\/floresnoar\/wp-json\/wp\/v2\/categories?post=36653"},{"taxonomy":"post_tag","embeddable":true,"href":"https:\/\/portalfloresnoar.com\/floresnoar\/wp-json\/wp\/v2\/tags?post=36653"}],"curies":[{"name":"wp","href":"https:\/\/api.w.org\/{rel}","templated":true}]}}