

{"id":36631,"date":"2020-01-14T19:32:03","date_gmt":"2020-01-14T22:32:03","guid":{"rendered":"http:\/\/portalfloresnoar.com\/floresnoar\/?p=36631"},"modified":"2020-02-18T10:01:44","modified_gmt":"2020-02-18T13:01:44","slug":"agenda-pe-atendimentos-de-frequencias-de-luz-com-juan-saucedo-no-recife-2","status":"publish","type":"post","link":"https:\/\/portalfloresnoar.com\/floresnoar\/agenda-pe-atendimentos-de-frequencias-de-luz-com-juan-saucedo-no-recife-2\/","title":{"rendered":"[AGENDA PE] Atendimentos de Frequ\u00eancias de Luz com Juan Saucedo no Recife"},"content":{"rendered":"<p><img decoding=\"async\" loading=\"lazy\" class=\"aligncenter wp-image-36632 size-full\" src=\"http:\/\/portalfloresnoar.com\/floresnoar\/wp-content\/uploads\/2019\/08\/frequencias-de-luz-no-recife.jpeg\" alt=\"\" width=\"630\" height=\"429\" srcset=\"https:\/\/portalfloresnoar.com\/floresnoar\/wp-content\/uploads\/2019\/08\/frequencias-de-luz-no-recife.jpeg 630w, https:\/\/portalfloresnoar.com\/floresnoar\/wp-content\/uploads\/2019\/08\/frequencias-de-luz-no-recife-300x204.jpeg 300w\" sizes=\"(max-width: 630px) 100vw, 630px\" \/><\/p>\n<p>O terapeuta Juan Saucedo est\u00e1 oferecendo atendimentos de Frequ\u00eancias de Luz, no Recife. Esta t\u00e9cnica de cura utiliza radiestesia, estudo dos chacras, imposi\u00e7\u00e3o de m\u00e3os, mantras e visualiza\u00e7\u00e3o de cores. Os atendimentos devem ser previamente agendados.<\/p>\n<p>De acordo com Juan, Frequ\u00eancias de Luz \u00e9 uma avan\u00e7ada terapia hol\u00edstica energ\u00e9tica que consiste, principalmente, de tr\u00eas processos:<\/p>\n<p><em>1. Atrav\u00e9s de um preciso diagn\u00f3stico dos diversos centros energ\u00e9ticos (chacras\/ gl\u00e2ndulas end\u00f3crinas), identifica-se desequil\u00edbrios energ\u00e9ticos que podem gerar doen\u00e7as fisiol\u00f3gicas.<\/em><\/p>\n<p><em>2. Trabalha a harmoniza\u00e7\u00e3o do sistema de chacras, assim como o equil\u00edbrio dos corpos sutis: et\u00e9rico, emocional e mental, proporcionando sa\u00fade hol\u00edstica.<\/em><\/p>\n<p><em>3. Atua no n\u00edvel espiritual, com a ativa\u00e7\u00e3o da gl\u00e2ndula pineal (chacra coron\u00e1rio), que nos reconecta ao Eu Superior\/Intui\u00e7\u00e3o Divina.<\/em><\/p>\n<p><strong>Local dos atendimentos:<\/strong> Rua Nicar\u00e1gua, 173, Espinheiro, Recife\/PE<\/p>\n<p><strong>Agendamento e mais informa\u00e7\u00f5es:<\/strong><br \/>\n(81) 988264767 (Juan)<\/p>\n","protected":false},"excerpt":{"rendered":"<p>O terapeuta Juan Saucedo est\u00e1 oferecendo atendimentos de Frequ\u00eancias de Luz, no Recife. Esta t\u00e9cnica de cura utiliza radiestesia, estudo dos chacras, imposi\u00e7\u00e3o de m\u00e3os, mantras e visualiza\u00e7\u00e3o de cores. Os atendimentos devem ser previamente agendados. De acordo com Juan, Frequ\u00eancias de Luz \u00e9 uma avan\u00e7ada terapia hol\u00edstica energ\u00e9tica que consiste, principalmente, de tr\u00eas processos: [&hellip;]<\/p>\n","protected":false},"author":1,"featured_media":26776,"comment_status":"open","ping_status":"open","sticky":false,"template":"","format":"standard","meta":{"om_disable_all_campaigns":false,"_monsterinsights_skip_tracking":false,"_monsterinsights_sitenote_active":false,"_monsterinsights_sitenote_note":"","_monsterinsights_sitenote_category":0,"footnotes":""},"categories":[8,224,214],"tags":[325,385,638,356,127],"acf":[],"publishpress_future_action":{"enabled":false,"date":"1969-12-31 21:00:00","action":"","terms":[],"taxonomy":"","browser_timezone_offset":0},"_links":{"self":[{"href":"https:\/\/portalfloresnoar.com\/floresnoar\/wp-json\/wp\/v2\/posts\/36631"}],"collection":[{"href":"https:\/\/portalfloresnoar.com\/floresnoar\/wp-json\/wp\/v2\/posts"}],"about":[{"href":"https:\/\/portalfloresnoar.com\/floresnoar\/wp-json\/wp\/v2\/types\/post"}],"author":[{"embeddable":true,"href":"https:\/\/portalfloresnoar.com\/floresnoar\/wp-json\/wp\/v2\/users\/1"}],"replies":[{"embeddable":true,"href":"https:\/\/portalfloresnoar.com\/floresnoar\/wp-json\/wp\/v2\/comments?post=36631"}],"version-history":[{"count":0,"href":"https:\/\/portalfloresnoar.com\/floresnoar\/wp-json\/wp\/v2\/posts\/36631\/revisions"}],"wp:featuredmedia":[{"embeddable":true,"href":"https:\/\/portalfloresnoar.com\/floresnoar\/wp-json\/wp\/v2\/media\/26776"}],"wp:attachment":[{"href":"https:\/\/portalfloresnoar.com\/floresnoar\/wp-json\/wp\/v2\/media?parent=36631"}],"wp:term":[{"taxonomy":"category","embeddable":true,"href":"https:\/\/portalfloresnoar.com\/floresnoar\/wp-json\/wp\/v2\/categories?post=36631"},{"taxonomy":"post_tag","embeddable":true,"href":"https:\/\/portalfloresnoar.com\/floresnoar\/wp-json\/wp\/v2\/tags?post=36631"}],"curies":[{"name":"wp","href":"https:\/\/api.w.org\/{rel}","templated":true}]}}