

{"id":36617,"date":"2019-05-09T12:03:53","date_gmt":"2019-05-09T15:03:53","guid":{"rendered":"http:\/\/portalfloresnoar.com\/floresnoar\/?p=36617"},"modified":"2019-08-29T11:23:41","modified_gmt":"2019-08-29T14:23:41","slug":"agenda-pe-4a-edicao-do-cine-gerar-acontece-no-dia-28-de-agosto","status":"publish","type":"post","link":"https:\/\/portalfloresnoar.com\/floresnoar\/agenda-pe-4a-edicao-do-cine-gerar-acontece-no-dia-28-de-agosto\/","title":{"rendered":"[AGENDA PE] 4\u00aa edi\u00e7\u00e3o do Cine Gerar acontece no dia 28 de agosto"},"content":{"rendered":"<p><img decoding=\"async\" loading=\"lazy\" class=\"aligncenter wp-image-36618 size-large\" src=\"http:\/\/portalfloresnoar.com\/floresnoar\/wp-content\/uploads\/2019\/08\/cine-gerar-agosto-495x700.jpg\" alt=\"\" width=\"495\" height=\"700\" srcset=\"https:\/\/portalfloresnoar.com\/floresnoar\/wp-content\/uploads\/2019\/08\/cine-gerar-agosto-495x700.jpg 495w, https:\/\/portalfloresnoar.com\/floresnoar\/wp-content\/uploads\/2019\/08\/cine-gerar-agosto-212x300.jpg 212w, https:\/\/portalfloresnoar.com\/floresnoar\/wp-content\/uploads\/2019\/08\/cine-gerar-agosto.jpg 670w\" sizes=\"(max-width: 495px) 100vw, 495px\" \/><\/p>\n<p>Na edi\u00e7\u00e3o de agosto o Cine Gerar apresenta no dia 28 de agosto, \u00e0s 18h30, o filme &#8216;Brilho eterno de uma mente sem lembran\u00e7as&#8217;. O evento acontece mensalmente no Espa\u00e7o Gerar, localizado no bairro de Casa Forte, no Recife.<\/p>\n<p>O Cine Gerar \u00e9 tem como objetivo utilizar o audiovisual como ferramenta facilitadora na discuss\u00e3o de temas da atualidade. Atrav\u00e9s do convite \u00e0 imers\u00e3o no filme escolhido pelos organizadores o projeto visa, ainda, estimular a reflex\u00e3o, de forma coletiva, e o olhar para o entrecruzamento da hist\u00f3ria nos temas pessoais de cada participante da sess\u00e3o.<\/p>\n<p>&#8220;A obra americana, de 2004, conta a hist\u00f3ria de Joel Barrish e Clementine Krzucinski, um casal que, depois de conflitos em que se ofendem mutuamente, decidem solicitar os servi\u00e7os de Lacuna, empresa m\u00e9dica que oferece um tratamento para apagar mem\u00f3rias indesejadas. \u201cBrilho eterno\u201d explora a natureza da mem\u00f3ria e do amor, e a sua fun\u00e7\u00e3o na humaniza\u00e7\u00e3o dos seres humanos. Atrav\u00e9s do relacionamento de Joel e Clementine o filme constr\u00f3i, gradualmente, uma reflex\u00e3o madura e provocadora sobre complementaridade, escolhas e responsabilidade. Essa jornada pelas pr\u00f3prias lembran\u00e7as \u00e9 tamb\u00e9m um processo de autoconhecimento e de amadurecimento emocional&#8221;, comenta a psic\u00f3loga Roberta Barbosa, que facilitar\u00e1 a discuss\u00e3o ap\u00f3s a exibi\u00e7\u00e3o do filme.<\/p>\n<p><strong>CINE GERAR &#8211; 4a EDI\u00c7\u00c3O &#8211; AGOSTO 2019<\/strong><br \/>\nDATA: 28\/08\/2019 (\u00faltima quarta-feira do m\u00eas)<br \/>\nHORA: 18h30<br \/>\nLOCAL: GERAR ARTETERAPIA E BEM-ESTAR \u2013 Rua Jorge de Albuquerque, 103, Casa Forte, Recife-PE.<br \/>\nINGRESSO: R$ 10,00 (N\u00e3o \u00e9 preciso inscri\u00e7\u00e3o pr\u00e9via)<\/p>\n<p>Obs.: O filme escolhido tem classifica\u00e7\u00e3o indicativa de 12 anos e ser\u00e1 exibido em formato legendado.<\/p>\n<p>MAIS INFORMA\u00c7\u00d5ES: 9.9432-5589 (Roberta Barbosa) | 9.9685-3296 (Rodrigo Lira)<\/p>\n<p><em><strong>Confira o trailer:<\/strong><\/em><\/p>\n<p><iframe loading=\"lazy\" src=\"https:\/\/www.youtube.com\/embed\/n1mIgijfCcg\" width=\"560\" height=\"315\" frameborder=\"0\" allowfullscreen=\"allowfullscreen\"><\/iframe><\/p>\n","protected":false},"excerpt":{"rendered":"<p>Na edi\u00e7\u00e3o de agosto o Cine Gerar apresenta no dia 28 de agosto, \u00e0s 18h30, o filme &#8216;Brilho eterno de uma mente sem lembran\u00e7as&#8217;. O evento acontece mensalmente no Espa\u00e7o Gerar, localizado no bairro de Casa Forte, no Recife. O Cine Gerar \u00e9 tem como objetivo utilizar o audiovisual como ferramenta facilitadora na discuss\u00e3o de [&hellip;]<\/p>\n","protected":false},"author":1,"featured_media":0,"comment_status":"open","ping_status":"open","sticky":false,"template":"","format":"standard","meta":{"om_disable_all_campaigns":false,"_monsterinsights_skip_tracking":false,"_monsterinsights_sitenote_active":false,"_monsterinsights_sitenote_note":"","_monsterinsights_sitenote_category":0,"footnotes":""},"categories":[8,214],"tags":[121,63,670,81],"acf":[],"publishpress_future_action":{"enabled":false,"date":"1969-12-31 21:00:00","action":"","terms":[],"taxonomy":"","browser_timezone_offset":0},"_links":{"self":[{"href":"https:\/\/portalfloresnoar.com\/floresnoar\/wp-json\/wp\/v2\/posts\/36617"}],"collection":[{"href":"https:\/\/portalfloresnoar.com\/floresnoar\/wp-json\/wp\/v2\/posts"}],"about":[{"href":"https:\/\/portalfloresnoar.com\/floresnoar\/wp-json\/wp\/v2\/types\/post"}],"author":[{"embeddable":true,"href":"https:\/\/portalfloresnoar.com\/floresnoar\/wp-json\/wp\/v2\/users\/1"}],"replies":[{"embeddable":true,"href":"https:\/\/portalfloresnoar.com\/floresnoar\/wp-json\/wp\/v2\/comments?post=36617"}],"version-history":[{"count":0,"href":"https:\/\/portalfloresnoar.com\/floresnoar\/wp-json\/wp\/v2\/posts\/36617\/revisions"}],"wp:attachment":[{"href":"https:\/\/portalfloresnoar.com\/floresnoar\/wp-json\/wp\/v2\/media?parent=36617"}],"wp:term":[{"taxonomy":"category","embeddable":true,"href":"https:\/\/portalfloresnoar.com\/floresnoar\/wp-json\/wp\/v2\/categories?post=36617"},{"taxonomy":"post_tag","embeddable":true,"href":"https:\/\/portalfloresnoar.com\/floresnoar\/wp-json\/wp\/v2\/tags?post=36617"}],"curies":[{"name":"wp","href":"https:\/\/api.w.org\/{rel}","templated":true}]}}