

{"id":36609,"date":"2019-06-06T14:12:40","date_gmt":"2019-06-06T17:12:40","guid":{"rendered":"http:\/\/portalfloresnoar.com\/floresnoar\/?p=36609"},"modified":"2019-08-19T19:39:27","modified_gmt":"2019-08-19T22:39:27","slug":"agenda-pe-oficina-de-teatro-de-bonecos-tem-inicio-dia-178-no-recife","status":"publish","type":"post","link":"https:\/\/portalfloresnoar.com\/floresnoar\/agenda-pe-oficina-de-teatro-de-bonecos-tem-inicio-dia-178-no-recife\/","title":{"rendered":"[AGENDA PE] Oficina de Teatro de Bonecos tem in\u00edcio dia 17\/8 no Recife"},"content":{"rendered":"<p><img decoding=\"async\" loading=\"lazy\" class=\"aligncenter wp-image-36610 \" src=\"http:\/\/portalfloresnoar.com\/floresnoar\/wp-content\/uploads\/2019\/08\/teatro-de-bonecos.jpeg\" alt=\"\" width=\"601\" height=\"338\" srcset=\"https:\/\/portalfloresnoar.com\/floresnoar\/wp-content\/uploads\/2019\/08\/teatro-de-bonecos.jpeg 720w, https:\/\/portalfloresnoar.com\/floresnoar\/wp-content\/uploads\/2019\/08\/teatro-de-bonecos-300x169.jpeg 300w, https:\/\/portalfloresnoar.com\/floresnoar\/wp-content\/uploads\/2019\/08\/teatro-de-bonecos-700x394.jpeg 700w\" sizes=\"(max-width: 601px) 100vw, 601px\" \/><\/p>\n<p>O artista Sebasti\u00e3o Sim\u00e3o Filho conduz a partir do dia 17 de agosto de 2019, na MauMau Galeria, no Recife, uma Oficina de Teatro de Bonecos, onde ser\u00e3o abordadas todas as etapas da arte do Teatro de Bonecos: confec\u00e7\u00e3o<br \/>\nmanipula\u00e7\u00e3o e cria\u00e7\u00e3o de espet\u00e1culo.<\/p>\n<p>Ser\u00e3o tardes de lazer art\u00edstico e cultural em que crian\u00e7as e adultos podem participar. As crian\u00e7as podem vir acompanhadas dos respectivos respons\u00e1veis ( tia, av\u00f4, av\u00f3, pai, m\u00e3e, etc.) ou fazer a oficina de forma independente. Da mesma forma adultos sem filhos tamb\u00e9m s\u00e3o bem vindxs!<\/p>\n<p>FACILITADOR<br \/>\n<strong>Sebasti\u00e3o Sim\u00e3o Filho<\/strong> atua h\u00e1 mais de 30 anos como ator, autor e diretor de teatro, bonequeiro e mascareiro com trabalho voltado \u00e0 pesquisa da Antropologia Teatral, tendo participado na Europa da XI ISTA \u2013 International School Of Theatre Antropology e do Semin\u00e1rio de Antropologia Teatral, ambos coordenados por Eug\u00eanio Barba. Por quatro anos trabalhou no SESC \u2013 Petrolina\/PE onde ministrou cursos, dirigiu espet\u00e1culos, coordenou conjuntos teatrais de jovens e de terceira idade. Dirigiu mais de 30 (trinta) espet\u00e1culos de atores com textos de autores nacionais e estrangeiros. Ministrou in\u00fameras oficinas de m\u00e1scaras e de teatro de bonecos. Confeccionou bonecos para comerciais de TV e espet\u00e1culos de teatro de outras cias e grupos. Fundou a Cia M\u00e1scaras de Teatro.<\/p>\n<p><strong>Oficina de Teatro de Bonecos para adultos e crian\u00e7as<\/strong><br \/>\nInicio: 17 de agosto de 2019<br \/>\nHor\u00e1rio: 14h \u00e0s 17h<br \/>\nDura\u00e7\u00e3o: 03 meses (aos s\u00e1bados)<br \/>\nLocal: MauMau &#8211; Rua Nicar\u00e1gua, 173, Espinheiro, Recife &#8211; PE<br \/>\nInvestimento: R$ 150,00 (mensalidade)<br \/>\nCrian\u00e7a acompanhada de adulto: R$ 220,00 (mensalidade)<br \/>\nInscri\u00e7\u00e3o: galeriamaumau@gmail.com<\/p>\n<p><strong>Mais informa\u00e7\u00f5es:<\/strong> 81 98727 \u2013 7093<\/p>\n","protected":false},"excerpt":{"rendered":"<p>O artista Sebasti\u00e3o Sim\u00e3o Filho conduz a partir do dia 17 de agosto de 2019, na MauMau Galeria, no Recife, uma Oficina de Teatro de Bonecos, onde ser\u00e3o abordadas todas as etapas da arte do Teatro de Bonecos: confec\u00e7\u00e3o manipula\u00e7\u00e3o e cria\u00e7\u00e3o de espet\u00e1culo. Ser\u00e3o tardes de lazer art\u00edstico e cultural em que crian\u00e7as e [&hellip;]<\/p>\n","protected":false},"author":1,"featured_media":36610,"comment_status":"open","ping_status":"open","sticky":false,"template":"","format":"standard","meta":{"om_disable_all_campaigns":false,"_monsterinsights_skip_tracking":false,"_monsterinsights_sitenote_active":false,"_monsterinsights_sitenote_note":"","_monsterinsights_sitenote_category":0,"footnotes":""},"categories":[8,214],"tags":[44,657,857,328,64],"acf":[],"publishpress_future_action":{"enabled":false,"date":"1969-12-31 21:00:00","action":"","terms":[],"taxonomy":"","browser_timezone_offset":0},"_links":{"self":[{"href":"https:\/\/portalfloresnoar.com\/floresnoar\/wp-json\/wp\/v2\/posts\/36609"}],"collection":[{"href":"https:\/\/portalfloresnoar.com\/floresnoar\/wp-json\/wp\/v2\/posts"}],"about":[{"href":"https:\/\/portalfloresnoar.com\/floresnoar\/wp-json\/wp\/v2\/types\/post"}],"author":[{"embeddable":true,"href":"https:\/\/portalfloresnoar.com\/floresnoar\/wp-json\/wp\/v2\/users\/1"}],"replies":[{"embeddable":true,"href":"https:\/\/portalfloresnoar.com\/floresnoar\/wp-json\/wp\/v2\/comments?post=36609"}],"version-history":[{"count":0,"href":"https:\/\/portalfloresnoar.com\/floresnoar\/wp-json\/wp\/v2\/posts\/36609\/revisions"}],"wp:featuredmedia":[{"embeddable":true,"href":"https:\/\/portalfloresnoar.com\/floresnoar\/wp-json\/wp\/v2\/media\/36610"}],"wp:attachment":[{"href":"https:\/\/portalfloresnoar.com\/floresnoar\/wp-json\/wp\/v2\/media?parent=36609"}],"wp:term":[{"taxonomy":"category","embeddable":true,"href":"https:\/\/portalfloresnoar.com\/floresnoar\/wp-json\/wp\/v2\/categories?post=36609"},{"taxonomy":"post_tag","embeddable":true,"href":"https:\/\/portalfloresnoar.com\/floresnoar\/wp-json\/wp\/v2\/tags?post=36609"}],"curies":[{"name":"wp","href":"https:\/\/api.w.org\/{rel}","templated":true}]}}