

{"id":36589,"date":"2019-05-13T13:54:57","date_gmt":"2019-05-13T16:54:57","guid":{"rendered":"http:\/\/portalfloresnoar.com\/floresnoar\/?p=36589"},"modified":"2019-09-01T09:31:41","modified_gmt":"2019-09-01T12:31:41","slug":"agenda-pe-vivencias-de-kundalini-yoga-com-isa-correa-no-final-de-agosto-no-recife","status":"publish","type":"post","link":"https:\/\/portalfloresnoar.com\/floresnoar\/agenda-pe-vivencias-de-kundalini-yoga-com-isa-correa-no-final-de-agosto-no-recife\/","title":{"rendered":"[AGENDA PE] Viv\u00eancias de Kundalini Yoga com Isa Corr\u00eaa, no final de agosto, no Recife"},"content":{"rendered":"<p><img decoding=\"async\" loading=\"lazy\" class=\"aligncenter wp-image-34563 \" src=\"http:\/\/portalfloresnoar.com\/floresnoar\/wp-content\/uploads\/2018\/11\/Isa-Correa-700x441.jpg\" alt=\"\" width=\"600\" height=\"378\" srcset=\"https:\/\/portalfloresnoar.com\/floresnoar\/wp-content\/uploads\/2018\/11\/Isa-Correa-700x441.jpg 700w, https:\/\/portalfloresnoar.com\/floresnoar\/wp-content\/uploads\/2018\/11\/Isa-Correa-300x189.jpg 300w, https:\/\/portalfloresnoar.com\/floresnoar\/wp-content\/uploads\/2018\/11\/Isa-Correa.jpg 720w\" sizes=\"(max-width: 600px) 100vw, 600px\" \/><\/p>\n<p>De 30 de agosto e 1 de setembro de 2019, a professora Isa Corr\u00eaa, de Curitiba\/PR, estar\u00e1 no Recife oferecendo tr\u00eas oportunidades de vivenciar a experi\u00eancia de conex\u00e3o com o Kundalini Yoga. N\u00e3o \u00e9 necess\u00e1rio ter experi\u00eancia em yoga para participar.<\/p>\n<p>&#8220;O Kundalini Yoga traz uma abordagem essencialmente pr\u00e1tica, efetiva de obtermos controle sobre nossa mente, a partir da movimento da energia em nosso interior. Com exerc\u00edcios respirat\u00f3rios, kriyas e medita\u00e7\u00f5es, estaremos recebendo poderosas ferramentas para aprender a canalizar com sabedoria nossos potenciais energ\u00e9ticos&#8221;, explica Isa, que tem mais de 18 anos de experi\u00eancia com a t\u00e9cnica.<\/p>\n<p>Isabela Corr\u00eaa \u00e9 instrutora de Kundalini Yoga e psic\u00f3loga especialista em Psicoterapia Corporal, Psicologia Anal\u00edtica, EMDR e Constela\u00e7\u00e3o Familiar. Al\u00e9m de dar aulas e workshops de yoga, trabalha como psic\u00f3loga cl\u00ednica e facilita grupos de crescimento pessoal. H\u00e1 18 anos estuda e pratica Kundalini Yoga, tendo trilhado diversos outros caminhos, recursos, tradi\u00e7\u00f5es e t\u00e9cnicas que promovem o desenvolvimento do ser humano, bem como a amplia\u00e7\u00e3o da consci\u00eancia e conex\u00e3o com o potencial criativo.<\/p>\n<p>CONFIRA A PROGRAMA\u00c7\u00c3O!<\/p>\n<p><img decoding=\"async\" loading=\"lazy\" class=\"wp-image-36603 alignleft\" src=\"http:\/\/portalfloresnoar.com\/floresnoar\/wp-content\/uploads\/2019\/08\/aulao-kundalini-yoga-recife-300x300.jpg\" alt=\"\" width=\"394\" height=\"394\" srcset=\"https:\/\/portalfloresnoar.com\/floresnoar\/wp-content\/uploads\/2019\/08\/aulao-kundalini-yoga-recife-300x300.jpg 300w, https:\/\/portalfloresnoar.com\/floresnoar\/wp-content\/uploads\/2019\/08\/aulao-kundalini-yoga-recife-150x150.jpg 150w, https:\/\/portalfloresnoar.com\/floresnoar\/wp-content\/uploads\/2019\/08\/aulao-kundalini-yoga-recife-100x100.jpg 100w, https:\/\/portalfloresnoar.com\/floresnoar\/wp-content\/uploads\/2019\/08\/aulao-kundalini-yoga-recife.jpg 600w\" sizes=\"(max-width: 394px) 100vw, 394px\" \/><\/p>\n<p><strong>Dia 30\/08 (19h) &#8211; Palestra &#8211; Aul\u00e3o Kundalini Yoga \u2013 &#8220;Vitalidade e Consci\u00eancia&#8221;<\/strong><br \/>\nEnerg\u00e9tico, forte e acess\u00edvel a qualquer pessoa \u2013 estas s\u00e3o as caracter\u00edsticas principais de uma pr\u00e1tica de Kundalini Yoga. Chamado tamb\u00e9m de Yoga da Consci\u00eancia, tem uma a\u00e7\u00e3o poderosa no nosso sistema energ\u00e9tico e glandular, trazendo in\u00fameros benef\u00edcios a curto prazo.\u00a0 Como um caminho de autoconhecimento e transforma\u00e7\u00e3o, visa direcionar a cada um de n\u00f3s para o desenvolvimento pleno da Consci\u00eancia, e um retorno \u00e0 ess\u00eancia.<\/p>\n<p>Contribui\u00e7\u00e3o: 30,00<br \/>\nLocal: Espa\u00e7o Circular &#8211; Rua Samuel de Farias, 95 &#8211; Recife &#8211; Tel 81 998126633<\/p>\n<p>&nbsp;<\/p>\n<p>&nbsp;<\/p>\n<p><strong><img decoding=\"async\" loading=\"lazy\" class=\" wp-image-36604 alignleft\" src=\"http:\/\/portalfloresnoar.com\/floresnoar\/wp-content\/uploads\/2019\/08\/kundalini-yoga-1-300x300.jpg\" alt=\"\" width=\"390\" height=\"390\" srcset=\"https:\/\/portalfloresnoar.com\/floresnoar\/wp-content\/uploads\/2019\/08\/kundalini-yoga-1-300x300.jpg 300w, https:\/\/portalfloresnoar.com\/floresnoar\/wp-content\/uploads\/2019\/08\/kundalini-yoga-1-150x150.jpg 150w, https:\/\/portalfloresnoar.com\/floresnoar\/wp-content\/uploads\/2019\/08\/kundalini-yoga-1-100x100.jpg 100w, https:\/\/portalfloresnoar.com\/floresnoar\/wp-content\/uploads\/2019\/08\/kundalini-yoga-1.jpg 600w\" sizes=\"(max-width: 390px) 100vw, 390px\" \/><\/strong><\/p>\n<p><strong>Dia 31\/08 (das 9h \u00e0s 17h)- Workshop &#8220;A Jornada da Alma&#8221;<\/strong><br \/>\nNa perspectiva do Yoga, a Alma \u00e9 o motivo pelo qual vivemos. \u00c9 ela que permite uma exist\u00eancia significativa, sempre na dire\u00e7\u00e3o do crescimento e novos aprendizados. Entretando, em meio \u00e0 turbul\u00eancia da mente e emo\u00e7\u00f5es agitadas, \u00e9 dif\u00edcil conectar com esta inst\u00e2ncia essencial.<\/p>\n<p>O Kundalini Yoga tem um profundo olhar sobre a exist\u00eancia humana, a Jornada da Alma, e traz uma interessante abordagem para equilibrar, nutrir e desenvolver as \u00e1reas da consci\u00eancia que nos comp\u00f5em.<\/p>\n<p>Para conectar com a Alma \u00e9 necess\u00e1rio estar com o cora\u00e7\u00e3o aberto e certo equil\u00edbrio entre mente e cora\u00e7\u00e3o. Neste workshop vamos abordar principalmente estes temas, com pr\u00e1ticas e medita\u00e7\u00f5es do Kundalini Yoga, exerc\u00edcios da psicologia e bioenerg\u00e9tica.<\/p>\n<p><em>Programa\u00e7\u00e3o<\/em><br \/>\n&#8211; Pr\u00e1tica para as 10 \u00e1reas da consci\u00eancia<br \/>\n&#8211; A Jornada da Alma \u2013 o olhar do Yoga sobre a exist\u00eancia<br \/>\n&#8211; Exerc\u00edcios de bioenerg\u00e9tica e Psicologia<br \/>\n&#8211; Medita\u00e7\u00e3o<\/p>\n<p><strong>Investimento:<\/strong> 190,00<br \/>\n<strong>Local:<\/strong> Mandala Terapias &#8211; Km 11 Aldeia &#8211; Abelardo Bastos 04 &#8211; Fone: 81 9 9616 5390<\/p>\n<p><strong><img decoding=\"async\" loading=\"lazy\" class=\"wp-image-36605 alignleft\" src=\"http:\/\/portalfloresnoar.com\/floresnoar\/wp-content\/uploads\/2019\/08\/kundalini-yoga-isa-correa-300x300.jpg\" alt=\"\" width=\"386\" height=\"386\" srcset=\"https:\/\/portalfloresnoar.com\/floresnoar\/wp-content\/uploads\/2019\/08\/kundalini-yoga-isa-correa-300x300.jpg 300w, https:\/\/portalfloresnoar.com\/floresnoar\/wp-content\/uploads\/2019\/08\/kundalini-yoga-isa-correa-150x150.jpg 150w, https:\/\/portalfloresnoar.com\/floresnoar\/wp-content\/uploads\/2019\/08\/kundalini-yoga-isa-correa-100x100.jpg 100w, https:\/\/portalfloresnoar.com\/floresnoar\/wp-content\/uploads\/2019\/08\/kundalini-yoga-isa-correa.jpg 600w\" sizes=\"(max-width: 386px) 100vw, 386px\" \/><\/strong><\/p>\n<p><strong>Dia 01\/09 (das 9h \u00e0s 13h) &#8211; Workshop: &#8220;Alicerce para o Infinito \u2013 Kundalini Yoga como base para a experi\u00eancia do Ser&#8221;<\/strong><\/p>\n<p>No universo do Yoga consideramos os asanas (posturas f\u00edsicas) e pranayamas (exerc\u00edcios respirat\u00f3rios para condu\u00e7\u00e3o da energia vital) como fundamentais para impactar o corpo, mente e emo\u00e7\u00f5es, os preparando para a medita\u00e7\u00e3o \u2013 um estado al\u00e9m das oscila\u00e7\u00f5es da mente.<\/p>\n<p>Neste workshop bastante vivencial vamos realizar pr\u00e1ticas energ\u00e9ticas e medita\u00e7\u00f5es integrativas do Kundalini Yoga visando nos levar a uma experi\u00eancia profunda do sil\u00eancio e da quietude do Ser.<\/p>\n<p>Quando o corpo est\u00e1 relaxado e firme, quando os chackras est\u00e3o alinhados, energizados, e a mente desperta e livre de dualidade, ent\u00e3o \u00e9 poss\u00edvel uma experi\u00eancia meditativa profunda.<\/p>\n<p><strong>Investimento:<\/strong> 130,00<br \/>\n<strong>Local:<\/strong> Mandala Terapias &#8211; Km 11 Aldeia &#8211; Abelardo Bastos 04 &#8211; Fone: 81 9 9616 5390<\/p>\n<h3><a href=\"https:\/\/docs.google.com\/forms\/d\/1yoGBJt4L2W9YnMGfvbI1EBvUvlchtnI7DETFU1O467s\/viewform?fbclid=IwAR2i7TcKhX972sroAv6-m2rWGzsS3ERI99b2nItY8PQlYbMmH-tivDw5HmM&amp;edit_requested=true\" target=\"_blank\" rel=\"noopener\"><strong>Inscri\u00e7\u00f5es atrav\u00e9s DESTE LINK!<\/strong><\/a><\/h3>\n<p><em>Obs.: Quem participar de todas as atividades tem direito a um desconto.<\/em><\/p>\n<p><strong>MAIS INFORMA\u00c7\u00d5ES<\/strong><br \/>\n(81) 9 9616 5390 (WhatsApp)<\/p>\n","protected":false},"excerpt":{"rendered":"<p>De 30 de agosto e 1 de setembro de 2019, a professora Isa Corr\u00eaa, de Curitiba\/PR, estar\u00e1 no Recife oferecendo tr\u00eas oportunidades de vivenciar a experi\u00eancia de conex\u00e3o com o Kundalini Yoga. N\u00e3o \u00e9 necess\u00e1rio ter experi\u00eancia em yoga para participar. &#8220;O Kundalini Yoga traz uma abordagem essencialmente pr\u00e1tica, efetiva de obtermos controle sobre nossa [&hellip;]<\/p>\n","protected":false},"author":1,"featured_media":34563,"comment_status":"open","ping_status":"open","sticky":false,"template":"","format":"standard","meta":{"om_disable_all_campaigns":false,"_monsterinsights_skip_tracking":false,"_monsterinsights_sitenote_active":false,"_monsterinsights_sitenote_note":"","_monsterinsights_sitenote_category":0,"footnotes":""},"categories":[8,214],"tags":[105,750,304,515,21],"acf":[],"publishpress_future_action":{"enabled":false,"date":"1969-12-31 21:00:00","action":"","terms":[],"taxonomy":"","browser_timezone_offset":0},"_links":{"self":[{"href":"https:\/\/portalfloresnoar.com\/floresnoar\/wp-json\/wp\/v2\/posts\/36589"}],"collection":[{"href":"https:\/\/portalfloresnoar.com\/floresnoar\/wp-json\/wp\/v2\/posts"}],"about":[{"href":"https:\/\/portalfloresnoar.com\/floresnoar\/wp-json\/wp\/v2\/types\/post"}],"author":[{"embeddable":true,"href":"https:\/\/portalfloresnoar.com\/floresnoar\/wp-json\/wp\/v2\/users\/1"}],"replies":[{"embeddable":true,"href":"https:\/\/portalfloresnoar.com\/floresnoar\/wp-json\/wp\/v2\/comments?post=36589"}],"version-history":[{"count":0,"href":"https:\/\/portalfloresnoar.com\/floresnoar\/wp-json\/wp\/v2\/posts\/36589\/revisions"}],"wp:featuredmedia":[{"embeddable":true,"href":"https:\/\/portalfloresnoar.com\/floresnoar\/wp-json\/wp\/v2\/media\/34563"}],"wp:attachment":[{"href":"https:\/\/portalfloresnoar.com\/floresnoar\/wp-json\/wp\/v2\/media?parent=36589"}],"wp:term":[{"taxonomy":"category","embeddable":true,"href":"https:\/\/portalfloresnoar.com\/floresnoar\/wp-json\/wp\/v2\/categories?post=36589"},{"taxonomy":"post_tag","embeddable":true,"href":"https:\/\/portalfloresnoar.com\/floresnoar\/wp-json\/wp\/v2\/tags?post=36589"}],"curies":[{"name":"wp","href":"https:\/\/api.w.org\/{rel}","templated":true}]}}