

{"id":36587,"date":"2019-06-13T11:30:58","date_gmt":"2019-06-13T14:30:58","guid":{"rendered":"http:\/\/portalfloresnoar.com\/floresnoar\/?p=36587"},"modified":"2019-08-19T19:31:28","modified_gmt":"2019-08-19T22:31:28","slug":"agenda-pe-atelier-expressivo-realiza-vivencias-de-tecnicas-artisticas-voltadas-a-profissionais-da-saude-e-educacao","status":"publish","type":"post","link":"https:\/\/portalfloresnoar.com\/floresnoar\/agenda-pe-atelier-expressivo-realiza-vivencias-de-tecnicas-artisticas-voltadas-a-profissionais-da-saude-e-educacao\/","title":{"rendered":"[AGENDA PE] Atelier Expressivo realiza viv\u00eancias de t\u00e9cnicas art\u00edsticas voltadas a profissionais da Sa\u00fade e Educa\u00e7\u00e3o"},"content":{"rendered":"<p><img decoding=\"async\" loading=\"lazy\" class=\"aligncenter wp-image-36591 \" src=\"http:\/\/portalfloresnoar.com\/floresnoar\/wp-content\/uploads\/2019\/08\/atelier-expressivo-2.jpg\" alt=\"\" width=\"600\" height=\"848\" srcset=\"https:\/\/portalfloresnoar.com\/floresnoar\/wp-content\/uploads\/2019\/08\/atelier-expressivo-2.jpg 690w, https:\/\/portalfloresnoar.com\/floresnoar\/wp-content\/uploads\/2019\/08\/atelier-expressivo-2-212x300.jpg 212w, https:\/\/portalfloresnoar.com\/floresnoar\/wp-content\/uploads\/2019\/08\/atelier-expressivo-2-495x700.jpg 495w\" sizes=\"(max-width: 600px) 100vw, 600px\" \/><\/p>\n<p>A procura de estudantes e profissionais de Psicologia e demais \u00e1reas de Sa\u00fade e Educa\u00e7\u00e3o por t\u00e9cnicas art\u00edsticas e maior conhecimento da Hist\u00f3ria da Arte, impulsionou a arteterapeuta e arte-educadora Camila Sobreira a criar o Atelier Expressivo, um projeto que re\u00fane encontros de experimenta\u00e7\u00e3o de materiais art\u00edsticos, aliando \u00e0s viv\u00eancias discuss\u00f5es sobre Hist\u00f3ria da Arte e estudos de caso em Sa\u00fade e Educa\u00e7\u00e3o.<\/p>\n<p>O encontro acontece uma vez por m\u00eas, numa tarde de s\u00e1bado, das 13h \u00e0s 17h. Entre as t\u00e9cnicas a serem vistas nos pr\u00f3ximos m\u00f3dulos est\u00e3o: tintas e cores, recorte e colagem, performance, estamparia e carimbo, e modelagem em argila.<\/p>\n<p>P\u00daBLICO-ALVO<br \/>\nEstudantes e profissionais de Educa\u00e7\u00e3o, Psicologia, Terapia Ocupacional e Arteterapia.<\/p>\n<p>LOCAL<br \/>\n<strong>Santosha<\/strong> &#8211; Rua Dona Julieta, 185, Encruzilhada, Recife\/PE<\/p>\n<p>CONFIRA AS DATAS E T\u00c9CNICAS QUE SER\u00c3O ABORDADAS EM CADA M\u00d3DULO:<br \/>\n<strong>17\/8\/2019<\/strong> (s\u00e1bado) &#8211; Estudo das cores<br \/>\n<strong>21\/9\/2019<\/strong> (s\u00e1bado) &#8211; Modelagem &#8211; a imagem em 3d (argila)<br \/>\n<strong>19\/10\/2019<\/strong> (s\u00e1bado) &#8211; Pap\u00e9is, recorte e colagem<br \/>\n<strong>16\/11\/2019<\/strong> (s\u00e1bado) &#8211; Express\u00e3o corporal e performance na arte<br \/>\n<strong>14\/12\/2019<\/strong> (s\u00e1bado) &#8211; Mantras visuais (carimbo e estamparia)<\/p>\n<p>INVESTIMENTO MENSAL<br \/>\n<strong>Para quem for participar de todos os m\u00f3dulos:<\/strong><br \/>\nR$ 85,00 (estudantes) | R$ 100,00 (profissionais) &#8211; VALOR POR M\u00d3DULO<\/p>\n<p><strong>Para quem for participar de m\u00f3dulos avulsos:<\/strong><br \/>\nR$ 95,00 (estudantes) | R$ 125,00 (profissionais) &#8211;\u00a0VALOR POR M\u00d3DULO<\/p>\n<p><strong>INSCRI\u00c7\u00d5ES E MAIS INFORMA\u00c7\u00d5ES<\/strong><br \/>\n(81) 98726.4361 (WhatsApp)<br \/>\n@atelier_terapeutico<\/p>\n","protected":false},"excerpt":{"rendered":"<p>A procura de estudantes e profissionais de Psicologia e demais \u00e1reas de Sa\u00fade e Educa\u00e7\u00e3o por t\u00e9cnicas art\u00edsticas e maior conhecimento da Hist\u00f3ria da Arte, impulsionou a arteterapeuta e arte-educadora Camila Sobreira a criar o Atelier Expressivo, um projeto que re\u00fane encontros de experimenta\u00e7\u00e3o de materiais art\u00edsticos, aliando \u00e0s viv\u00eancias discuss\u00f5es sobre Hist\u00f3ria da Arte [&hellip;]<\/p>\n","protected":false},"author":1,"featured_media":36588,"comment_status":"open","ping_status":"open","sticky":false,"template":"","format":"standard","meta":{"om_disable_all_campaigns":false,"_monsterinsights_skip_tracking":false,"_monsterinsights_sitenote_active":false,"_monsterinsights_sitenote_note":"","_monsterinsights_sitenote_category":0,"footnotes":""},"categories":[8,214],"tags":[44,34,856,812,672,855,673,304],"acf":[],"publishpress_future_action":{"enabled":false,"date":"1969-12-31 21:00:00","action":"","terms":[],"taxonomy":"","browser_timezone_offset":0},"_links":{"self":[{"href":"https:\/\/portalfloresnoar.com\/floresnoar\/wp-json\/wp\/v2\/posts\/36587"}],"collection":[{"href":"https:\/\/portalfloresnoar.com\/floresnoar\/wp-json\/wp\/v2\/posts"}],"about":[{"href":"https:\/\/portalfloresnoar.com\/floresnoar\/wp-json\/wp\/v2\/types\/post"}],"author":[{"embeddable":true,"href":"https:\/\/portalfloresnoar.com\/floresnoar\/wp-json\/wp\/v2\/users\/1"}],"replies":[{"embeddable":true,"href":"https:\/\/portalfloresnoar.com\/floresnoar\/wp-json\/wp\/v2\/comments?post=36587"}],"version-history":[{"count":0,"href":"https:\/\/portalfloresnoar.com\/floresnoar\/wp-json\/wp\/v2\/posts\/36587\/revisions"}],"wp:featuredmedia":[{"embeddable":true,"href":"https:\/\/portalfloresnoar.com\/floresnoar\/wp-json\/wp\/v2\/media\/36588"}],"wp:attachment":[{"href":"https:\/\/portalfloresnoar.com\/floresnoar\/wp-json\/wp\/v2\/media?parent=36587"}],"wp:term":[{"taxonomy":"category","embeddable":true,"href":"https:\/\/portalfloresnoar.com\/floresnoar\/wp-json\/wp\/v2\/categories?post=36587"},{"taxonomy":"post_tag","embeddable":true,"href":"https:\/\/portalfloresnoar.com\/floresnoar\/wp-json\/wp\/v2\/tags?post=36587"}],"curies":[{"name":"wp","href":"https:\/\/api.w.org\/{rel}","templated":true}]}}