

{"id":36572,"date":"2019-08-01T15:59:36","date_gmt":"2019-08-01T18:59:36","guid":{"rendered":"http:\/\/portalfloresnoar.com\/floresnoar\/?p=36572"},"modified":"2019-08-19T17:52:37","modified_gmt":"2019-08-19T20:52:37","slug":"agenda-pe-quintal-sabia-oferece-contraturno-para-criancas-de-2-a-5-anos-no-recife","status":"publish","type":"post","link":"https:\/\/portalfloresnoar.com\/floresnoar\/agenda-pe-quintal-sabia-oferece-contraturno-para-criancas-de-2-a-5-anos-no-recife\/","title":{"rendered":"[AGENDA PE] Quintal Sabi\u00e1 oferece contraturno para crian\u00e7as de 2 a 5 anos no Recife"},"content":{"rendered":"<p><img decoding=\"async\" loading=\"lazy\" class=\"aligncenter wp-image-36573 size-large\" src=\"http:\/\/portalfloresnoar.com\/floresnoar\/wp-content\/uploads\/2019\/08\/quintal-sabia_recife-560x700.jpg\" alt=\"\" width=\"560\" height=\"700\" srcset=\"https:\/\/portalfloresnoar.com\/floresnoar\/wp-content\/uploads\/2019\/08\/quintal-sabia_recife-560x700.jpg 560w, https:\/\/portalfloresnoar.com\/floresnoar\/wp-content\/uploads\/2019\/08\/quintal-sabia_recife-240x300.jpg 240w, https:\/\/portalfloresnoar.com\/floresnoar\/wp-content\/uploads\/2019\/08\/quintal-sabia_recife.jpg 690w\" sizes=\"(max-width: 560px) 100vw, 560px\" \/><\/p>\n<p>Um quintal repleto de experi\u00eancias, sentidos e frui\u00e7\u00e3o art\u00edstica abriu as portas em agosto, no Recife, para ampliar as possibilidades de intera\u00e7\u00f5es e conhecimentos na primeira inf\u00e2ncia. O Quintal Sabi\u00e1 traz uma proposta de contraturno para crian\u00e7as de 2 a 5 anos de idade e tem como principal objetivo resgatar uma \u201cinf\u00e2ncia de quintal\u201d aliada \u00e0 inten\u00e7\u00e3o de promover a express\u00e3o e aprendizado atrav\u00e9s das mais diversas linguagens art\u00edsticas.<\/p>\n<p>Num ambiente que estimula a liberdade, sem abrir m\u00e3o do cuidado, o p\u00fablico infantil ser\u00e1 contemplado com um espa\u00e7o integrado \u00e0 natureza, repleto de artes como: imagens, pinturas, conta\u00e7\u00e3o de hist\u00f3rias, dan\u00e7a e musicalidade.<\/p>\n<p>&#8220;A cada dia da semana desenvolveremos um eixo art\u00edstico com base no conviver, brincar e explorar de forma colaborativa, dando voz \u00e0 crian\u00e7a e ao seu pensamento singular. Contamos com uma equipe de educadores e pesquisadores interessados em desenvolver uma pedagogia baseada na ess\u00eancia infantil, desenvolvendo campos de aprendizagem com base no corpo, pensamento e imagina\u00e7\u00e3o&#8221;, explica Irma Brwn, integrante da equipe do Quintal Sabi\u00e1.<\/p>\n<p>EQUIPE<br \/>\n<strong>Gabi Cabral<\/strong><br \/>\nLicenciada em Educa\u00e7\u00e3o Art\u00edstica Artes C\u00eanicas pela Universidade Federal de Pernambuco (2006) especializa\u00e7\u00e3o em Arteterapia (2007\/2009).<br \/>\nMais de quinze anos de atua\u00e7\u00e3o na \u00e1rea teatral na cidade, onde vivenciou diversas produ\u00e7\u00f5es culturais como atriz, performer e encenadora.<br \/>\nFormadora de professores na Educa\u00e7\u00e3o Infantil\/ Ensino Fundamental e EJA, na \u00e1rea de teatro educa\u00e7\u00e3o, pela Prefeitura do Recife\/Governo do Estado\/PE.<br \/>\nProfessora de Escolinha de Teatro em escolas particulares da RMR.<br \/>\nProfessora de express\u00e3o corporal e teatro em ONGS.<br \/>\nAtriz performer<br \/>\nArte terapeuta formada pela institui\u00e7\u00e3o POMAR\/RJ, experi\u00eancia com jovens do grupo social \u00c1RIA e Galeria Peligro.<\/p>\n<p><strong>Bia Lima<\/strong><br \/>\nEducadora graduada em Licenciatura em Artes Visuais pela UFPE, realiza<br \/>\npesquisas acerca do brincar e da rela\u00e7\u00e3o da arte na inf\u00e2ncia em espa\u00e7os urbanos e<br \/>\nnaturais. Atua como arte educadora em espa\u00e7os formais e n\u00e3o formais e desde 2011 iniciou<br \/>\nsua trajet\u00f3ria por escolas, museus e espa\u00e7os expositivos como o Museu de Arte Moderna<br \/>\nAlo\u00edsio Magalh\u00e3es (MAMAM), Funda\u00e7\u00e3o Joaquim Nabuco (FUNDAJ), Casa das Asas,<br \/>\nEscola Mater Christi, Escola Encontro, Col\u00e9gio Equipe, Projeto Brinqueducar (Prefeitura do<br \/>\nRecife) entre outros. Em 2019 fundou o projeto VARAL junto com Camila Storck no qual tem<br \/>\ncomo pilar o respeito \u00e0 pot\u00eancia dos processos art\u00edsticos de cada ser e na valoriza\u00e7\u00e3o da<br \/>\ninf\u00e2ncia plena.<\/p>\n<p><strong>\u00c9rica Maria<\/strong><br \/>\n\u00c9 graduada em Licenciatura em Artes Visuais pela UFPE. \u00c9 fot\u00f3grafa pelo senac. Tem pesquisa sobre arte urbana e criou a marca Maitri. J\u00e1 atuou em Galerias de Arte, Museus e na educa\u00e7\u00e3o formal do infantil ao fundamental 2.<\/p>\n<p><strong>Juan Eduardo Saucedo<\/strong><br \/>\nAutodidata e pesquisador da dan\u00e7a h\u00e1 mais de uma d\u00e9cada. Est\u00e1 em processo de forma\u00e7\u00e3o em Movimento aut\u00eantico. \u00c9 malabarista e terapeuta hol\u00edstico energ\u00e9tico. J\u00e1 frequentou diversos cursos e oficinas de circo, teatro e dan\u00e7a. Atua em grupos de dan\u00e7a e performance. \u00c9 artes\u00e3o de brinquedos populares e pai de tr\u00eas crian\u00e7as.<\/p>\n<p><strong>Irma Brown<\/strong><br \/>\nGraduada em Licenciatura em Artes C\u00eanicas pela UFPE, \u00e9 artista de tr\u00e2nsito livre. Substantivo feminino plural. Seu trabalho se funde em diversas linguagens. Utiliza a performance, o v\u00eddeo, a fotografia e a poesia. Trabalha tamb\u00e9m com serigrafia e gravura. N\u00e3o por coincid\u00eancia, \u00e9 gestora e fundadora da Galeria Maumau, onde mora e coordena atividades de artes e educa\u00e7\u00e3o desde 2009.<\/p>\n<p>SERVI\u00c7O<br \/>\n<strong>Quintal Sabi\u00e1 &#8211; contraturno para crian\u00e7as de 2 a 5 anos<\/strong><br \/>\nIn\u00edcio: 12 de agosto<br \/>\nLocal: Rua Nicar\u00e1gua, 173, Espinheiro, Recife\/PE<br \/>\nDias: Segunda a Quinta<br \/>\nHor\u00e1rio: 14h \u00e0s 17h<br \/>\nFaixa Et\u00e1ria: 2 a 5 anos<\/p>\n<p><strong>Visita\u00e7\u00e3o agendada:<\/strong><br \/>\nIrma Brown: 81 98661 7559<\/p>\n<p><strong>MAIS INFORMA\u00c7\u00d5ES<\/strong><br \/>\nGabi Cabral: 81 99882-8630<\/p>\n<p>&nbsp;<\/p>\n<p>&nbsp;<\/p>\n","protected":false},"excerpt":{"rendered":"<p>Um quintal repleto de experi\u00eancias, sentidos e frui\u00e7\u00e3o art\u00edstica abriu as portas em agosto, no Recife, para ampliar as possibilidades de intera\u00e7\u00f5es e conhecimentos na primeira inf\u00e2ncia. O Quintal Sabi\u00e1 traz uma proposta de contraturno para crian\u00e7as de 2 a 5 anos de idade e tem como principal objetivo resgatar uma \u201cinf\u00e2ncia de quintal\u201d aliada [&hellip;]<\/p>\n","protected":false},"author":1,"featured_media":0,"comment_status":"open","ping_status":"open","sticky":false,"template":"","format":"standard","meta":{"om_disable_all_campaigns":false,"_monsterinsights_skip_tracking":false,"_monsterinsights_sitenote_active":false,"_monsterinsights_sitenote_note":"","_monsterinsights_sitenote_category":0,"footnotes":""},"categories":[8,214],"tags":[44,853,223,461],"acf":[],"publishpress_future_action":{"enabled":false,"date":"1969-12-31 21:00:00","action":"","terms":[],"taxonomy":"","browser_timezone_offset":0},"_links":{"self":[{"href":"https:\/\/portalfloresnoar.com\/floresnoar\/wp-json\/wp\/v2\/posts\/36572"}],"collection":[{"href":"https:\/\/portalfloresnoar.com\/floresnoar\/wp-json\/wp\/v2\/posts"}],"about":[{"href":"https:\/\/portalfloresnoar.com\/floresnoar\/wp-json\/wp\/v2\/types\/post"}],"author":[{"embeddable":true,"href":"https:\/\/portalfloresnoar.com\/floresnoar\/wp-json\/wp\/v2\/users\/1"}],"replies":[{"embeddable":true,"href":"https:\/\/portalfloresnoar.com\/floresnoar\/wp-json\/wp\/v2\/comments?post=36572"}],"version-history":[{"count":0,"href":"https:\/\/portalfloresnoar.com\/floresnoar\/wp-json\/wp\/v2\/posts\/36572\/revisions"}],"wp:attachment":[{"href":"https:\/\/portalfloresnoar.com\/floresnoar\/wp-json\/wp\/v2\/media?parent=36572"}],"wp:term":[{"taxonomy":"category","embeddable":true,"href":"https:\/\/portalfloresnoar.com\/floresnoar\/wp-json\/wp\/v2\/categories?post=36572"},{"taxonomy":"post_tag","embeddable":true,"href":"https:\/\/portalfloresnoar.com\/floresnoar\/wp-json\/wp\/v2\/tags?post=36572"}],"curies":[{"name":"wp","href":"https:\/\/api.w.org\/{rel}","templated":true}]}}