

{"id":36501,"date":"2019-05-29T12:23:49","date_gmt":"2019-05-29T15:23:49","guid":{"rendered":"http:\/\/portalfloresnoar.com\/floresnoar\/?p=36501"},"modified":"2019-08-05T12:05:43","modified_gmt":"2019-08-05T15:05:43","slug":"agenda-pe-aula-terapia-de-danca-do-ventre-curativa-nesta-sexta-no-espaco-gerar","status":"publish","type":"post","link":"https:\/\/portalfloresnoar.com\/floresnoar\/agenda-pe-aula-terapia-de-danca-do-ventre-curativa-nesta-sexta-no-espaco-gerar\/","title":{"rendered":"[AGENDA PE] Aula-Terapia de Dan\u00e7a do Ventre Curativa no Espa\u00e7o Gerar"},"content":{"rendered":"<p><img decoding=\"async\" loading=\"lazy\" class=\"aligncenter wp-image-36503 \" src=\"http:\/\/portalfloresnoar.com\/floresnoar\/wp-content\/uploads\/2019\/07\/danca-ventre-recife.jpg\" alt=\"\" width=\"601\" height=\"601\" srcset=\"https:\/\/portalfloresnoar.com\/floresnoar\/wp-content\/uploads\/2019\/07\/danca-ventre-recife.jpg 720w, https:\/\/portalfloresnoar.com\/floresnoar\/wp-content\/uploads\/2019\/07\/danca-ventre-recife-150x150.jpg 150w, https:\/\/portalfloresnoar.com\/floresnoar\/wp-content\/uploads\/2019\/07\/danca-ventre-recife-300x300.jpg 300w, https:\/\/portalfloresnoar.com\/floresnoar\/wp-content\/uploads\/2019\/07\/danca-ventre-recife-700x700.jpg 700w, https:\/\/portalfloresnoar.com\/floresnoar\/wp-content\/uploads\/2019\/07\/danca-ventre-recife-100x100.jpg 100w\" sizes=\"(max-width: 601px) 100vw, 601px\" \/><\/p>\n<p>A terapeuta Corporal Josie Duarte facilita no dia 2 de agosto de 2019, das 19h \u00e0s 22h, no Espa\u00e7o Gerar,\u00a0 Aula-Terapia de Dan\u00e7a do Ventre Curativa, com o tema \u2018Ventre, o dan\u00e7ar das emo\u00e7\u00f5es\u2019.<\/p>\n<p>\u201cNo encontro vamos aprofundar o contato com os movimentos da dan\u00e7a do ventre, acessando padr\u00f5es emocionais e comportamentais\u201d, explica Josie, acrescentando que na viv\u00eancia ser\u00e1 abordado o recurso da dan\u00e7a do ventre curativa como um processo em movimento de observa\u00e7\u00e3o interior, gerando intervalos na vida para o bem-estar e sa\u00fade emocional. A aula \u00e9 indicada a todas as mulheres que vivem a experi\u00eancia de reconhecer sua identidade.<\/p>\n<p>\u201cSabendo ou n\u00e3o dan\u00e7ar dan\u00e7a do ventre\u00a0 ou outra qualidade de dan\u00e7a feminina, a mulher pode se desenvolver muito bem com a Aula-Terapia vivenciando uma percep\u00e7\u00e3o diferente de entrar em contato com seu corpo, sua mente e seu espirito, num processo de construir a sua nova forma de express\u00e3o emocional.\u201d, declara a terapeuta corporal.<\/p>\n<p>Josie Duarte tem um caminho com a dan\u00e7a do ventre curativa de 20 anos em atendimentos clinicos e trabalho com grupos de mulheres atrav\u00e9s dos grupos e cursos que ministra. Seu estudo e dedica\u00e7\u00e3o \u00e0s Terapias Hol\u00edsticas se inicia no ano 2000, como terapeuta corporal, cromoterapeuta e bailarina. Conciliando seu trabalho com o amor existencial pela dan\u00e7a, desenvolveu uma metodologia pr\u00f3pria chamada Dan\u00e7a do Ventre Curativa em S\u00e3o Paulo. Mas foi no Recife que h\u00e1 7 anos o formato terap\u00eautico nasceu como ferramenta de educa\u00e7\u00e3o emocional.<\/p>\n<p>As interessadas, devem ir vestidas com saias livres, que n\u00e3o interfiram no movimento, tops ou uma pe\u00e7a que a mulher sinta-se bem e que a terapeuta possa ver os movimentos sem interferir em sua dan\u00e7a.<\/p>\n<p>SERVI\u00c7O<br \/>\n<strong>Aula-Terapia de Dan\u00e7a do Ventre Curativa<\/strong><br \/>\n<strong>Data:<\/strong>\u00a02 de agosto de 2019 (sexta-feira)<br \/>\n<strong>Local:\u00a0<\/strong>\u00a0Espa\u00e7o Gerar \u2013 Rua Jorge de Albuquerque,103, Casa Forte, Recife\/PE. Telefone: (81) 3268.1749<br \/>\n<strong>Hor\u00e1rio:<\/strong>\u00a019 \u00e0s 22h (3 horas de dura\u00e7\u00e3o)<br \/>\n<strong>Investimento:<\/strong>\u00a0 Pagamentos realizados at\u00e9 1\/8: R$ 150,00 | Ap\u00f3s 1\/8: R$ 225,00\u00a0 (\u00e0 vista ou cart\u00e3o de cr\u00e9dito)<\/p>\n<p><em>Confere certificado de participa\u00e7\u00e3o!<\/em><\/p>\n<p><strong>Mais informa\u00e7\u00f5es:<\/strong>\u00a0(81) 99513.5242 (WhatsApp)<\/p>\n","protected":false},"excerpt":{"rendered":"<p>A terapeuta Corporal Josie Duarte facilita no dia 2 de agosto de 2019, das 19h \u00e0s 22h, no Espa\u00e7o Gerar,\u00a0 Aula-Terapia de Dan\u00e7a do Ventre Curativa, com o tema \u2018Ventre, o dan\u00e7ar das emo\u00e7\u00f5es\u2019. \u201cNo encontro vamos aprofundar o contato com os movimentos da dan\u00e7a do ventre, acessando padr\u00f5es emocionais e comportamentais\u201d, explica Josie, acrescentando [&hellip;]<\/p>\n","protected":false},"author":1,"featured_media":36502,"comment_status":"open","ping_status":"open","sticky":false,"template":"","format":"standard","meta":{"om_disable_all_campaigns":false,"_monsterinsights_skip_tracking":false,"_monsterinsights_sitenote_active":false,"_monsterinsights_sitenote_note":"","_monsterinsights_sitenote_category":0,"footnotes":""},"categories":[8,214],"tags":[345,42,716,780],"acf":[],"publishpress_future_action":{"enabled":false,"date":"1969-12-31 21:00:00","action":"","terms":[],"taxonomy":"","browser_timezone_offset":0},"_links":{"self":[{"href":"https:\/\/portalfloresnoar.com\/floresnoar\/wp-json\/wp\/v2\/posts\/36501"}],"collection":[{"href":"https:\/\/portalfloresnoar.com\/floresnoar\/wp-json\/wp\/v2\/posts"}],"about":[{"href":"https:\/\/portalfloresnoar.com\/floresnoar\/wp-json\/wp\/v2\/types\/post"}],"author":[{"embeddable":true,"href":"https:\/\/portalfloresnoar.com\/floresnoar\/wp-json\/wp\/v2\/users\/1"}],"replies":[{"embeddable":true,"href":"https:\/\/portalfloresnoar.com\/floresnoar\/wp-json\/wp\/v2\/comments?post=36501"}],"version-history":[{"count":0,"href":"https:\/\/portalfloresnoar.com\/floresnoar\/wp-json\/wp\/v2\/posts\/36501\/revisions"}],"wp:featuredmedia":[{"embeddable":true,"href":"https:\/\/portalfloresnoar.com\/floresnoar\/wp-json\/wp\/v2\/media\/36502"}],"wp:attachment":[{"href":"https:\/\/portalfloresnoar.com\/floresnoar\/wp-json\/wp\/v2\/media?parent=36501"}],"wp:term":[{"taxonomy":"category","embeddable":true,"href":"https:\/\/portalfloresnoar.com\/floresnoar\/wp-json\/wp\/v2\/categories?post=36501"},{"taxonomy":"post_tag","embeddable":true,"href":"https:\/\/portalfloresnoar.com\/floresnoar\/wp-json\/wp\/v2\/tags?post=36501"}],"curies":[{"name":"wp","href":"https:\/\/api.w.org\/{rel}","templated":true}]}}