

{"id":36497,"date":"2019-05-29T16:28:26","date_gmt":"2019-05-29T19:28:26","guid":{"rendered":"http:\/\/portalfloresnoar.com\/floresnoar\/?p=36497"},"modified":"2019-08-05T12:05:06","modified_gmt":"2019-08-05T15:05:06","slug":"agenda-pe-oficinas-de-limpeza-energetica-neste-fim-de-semana-no-recife","status":"publish","type":"post","link":"https:\/\/portalfloresnoar.com\/floresnoar\/agenda-pe-oficinas-de-limpeza-energetica-neste-fim-de-semana-no-recife\/","title":{"rendered":"[AGENDA PE] Oficinas de Limpeza Energ\u00e9tica no Recife"},"content":{"rendered":"<p><img decoding=\"async\" loading=\"lazy\" class=\"aligncenter wp-image-36498 \" src=\"http:\/\/portalfloresnoar.com\/floresnoar\/wp-content\/uploads\/2019\/07\/limpeza-energetica.jpg\" alt=\"\" width=\"601\" height=\"601\" srcset=\"https:\/\/portalfloresnoar.com\/floresnoar\/wp-content\/uploads\/2019\/07\/limpeza-energetica.jpg 690w, https:\/\/portalfloresnoar.com\/floresnoar\/wp-content\/uploads\/2019\/07\/limpeza-energetica-150x150.jpg 150w, https:\/\/portalfloresnoar.com\/floresnoar\/wp-content\/uploads\/2019\/07\/limpeza-energetica-300x300.jpg 300w, https:\/\/portalfloresnoar.com\/floresnoar\/wp-content\/uploads\/2019\/07\/limpeza-energetica-100x100.jpg 100w\" sizes=\"(max-width: 601px) 100vw, 601px\" \/><\/p>\n<p>Est\u00e3o abertas as inscri\u00e7\u00f5es para duas turmas da Oficina de Limpeza Energ\u00e9tica, que acontecem no pr\u00f3ximo fim de semana, na Casa Soha, no Recife. A primeira turma ser\u00e1 no dia 3\/8 (s\u00e1bado) e a outra, no dia 4\/8 (domingo).<\/p>\n<p>O encontro ser\u00e1 conduzido pelos terapeutas Jamille Coelho e Charles de Lima que, na ocasi\u00e3o, compartilham os saberes adquiridos ao longo de suas jornadas, atrav\u00e9s dos ensinamentos recebidos dos povos ind\u00edgenas, negros e do saber popular das erveiras e rezadeiras, que s\u00e3o aplicados nos seus atendimentos individuais e em grupo.<\/p>\n<p>Al\u00e9m de aprender como s\u00e3o preparados os banhos de ervas, as defuma\u00e7\u00f5es e os escalda-p\u00e9s, a dupla tamb\u00e9m far\u00e1 medita\u00e7\u00f5es guiadas e c\u00e2nticos com tambor. Fora isso, cada participante ter\u00e1 a oportunidade de entrar em conex\u00e3o com a for\u00e7a de cura das plantas, aprendendo a ativar o rezo de cada uma.<\/p>\n<p>&#8220;Para melhor entender a aplicabilidade das ervas, de acordo com a necessidade de cada indiv\u00edduo e dos seus processos, tamb\u00e9m ser\u00e3o compartilhados ensinamentos sobre a integra\u00e7\u00e3o do nosso ser com a energia universal e de que forma as energias, em diversos n\u00edveis vibracionais, interferem nos corpos f\u00edsico e sutil (mental, emocional e espiritual e etc.), provocando alinhamentos ou desequil\u00edbrios, adoecimentos&#8221;, explica Jamille. Os terapeutas tamb\u00e9m ensinam a partir de quais sintomas \u00e9 preciso ficar atentos, no que diz respeito a um prov\u00e1vel desequil\u00edbrio de energia no nosso campo.<\/p>\n<p>&#8220;O equil\u00edbrio da sa\u00fade energ\u00e9tica, emocional e mental do nosso ser, \u00e9 essencial para podermos fluir com toda a for\u00e7a de transforma\u00e7\u00e3o que a Terra vem atravessando nos \u00faltimos tempos, no caminho da evolu\u00e7\u00e3o e do despertar do amor nos nossos cora\u00e7\u00f5es. Entender esse movimento no nosso corpo \u00e9 uma d\u00e1diva e as plantas nos ajudam a superar cada desafio com centramento e mansid\u00e3o. Elas nutrem a nossa energia e removem o que n\u00e3o precisamos mais. Ser\u00e1 uma excelente oportunidade para recordarmos os saberes ancestrais contidos na ess\u00eancia da nossa alma e que ficaram esquecidos por tanto tempo&#8221;, declaram os terapeutas.<\/p>\n<p><strong>As inscri\u00e7\u00f5es podem ser feitas at\u00e9 a pr\u00f3xima sexta-feira (2\/8), via WhatsApp:<\/strong> (81) 9.9278.4653 ou (81) 9.9987.0583.<\/p>\n<p>DATA\/ HOR\u00c1RIO<br \/>\nTurma 1 (s\u00e1bado, 3 de agosto): Das 10h \u00e0s 19h.<br \/>\nTurma 2 (domingo, 4 de agosto): Das 9h \u00e0s 18h<\/p>\n<p>LOCAL<br \/>\nCasa Soha &#8211; Rua Capit\u00e3o Reginaldo Carneiro da Cunha, 68. Po\u00e7o da Panela, Recife\/PE<\/p>\n<p>CONTRIBUI\u00c7\u00c3O<br \/>\nR$ 150,00<\/p>\n<p>O QUE LEVAR:<br \/>\n\u00b7 Bloquinho + caneta<br \/>\n\u00b7 Almofada<br \/>\n\u00b7 Caneca (\u00e1gua e ch\u00e1)<br \/>\n\u00b7 Bacia (que caibam os seus p\u00e9s)<br \/>\n\u00b7 Meias bem quentinhas<br \/>\n\u00b7 Toalha de rosto<br \/>\n\u00b7 1 garrafa de 2 litros<br \/>\n\u00b7 Um paninho para colocar suas ervas<br \/>\n\u00b7 Lanchinho para compartilhar (frutas, bolos, sucos, etc&#8230;)<\/p>\n<p><strong>MAIS INFORMA\u00c7\u00d5ES<\/strong><br \/>\n(81) 9.9278.4653 | (81) 9.9987.0583<\/p>\n","protected":false},"excerpt":{"rendered":"<p>Est\u00e3o abertas as inscri\u00e7\u00f5es para duas turmas da Oficina de Limpeza Energ\u00e9tica, que acontecem no pr\u00f3ximo fim de semana, na Casa Soha, no Recife. A primeira turma ser\u00e1 no dia 3\/8 (s\u00e1bado) e a outra, no dia 4\/8 (domingo). O encontro ser\u00e1 conduzido pelos terapeutas Jamille Coelho e Charles de Lima que, na ocasi\u00e3o, compartilham [&hellip;]<\/p>\n","protected":false},"author":1,"featured_media":36499,"comment_status":"open","ping_status":"open","sticky":false,"template":"","format":"standard","meta":{"om_disable_all_campaigns":false,"_monsterinsights_skip_tracking":false,"_monsterinsights_sitenote_active":false,"_monsterinsights_sitenote_note":"","_monsterinsights_sitenote_category":0,"footnotes":""},"categories":[8,214],"tags":[106,75,295,133,714,328,304],"acf":[],"publishpress_future_action":{"enabled":false,"date":"1969-12-31 21:00:00","action":"","terms":[],"taxonomy":"","browser_timezone_offset":0},"_links":{"self":[{"href":"https:\/\/portalfloresnoar.com\/floresnoar\/wp-json\/wp\/v2\/posts\/36497"}],"collection":[{"href":"https:\/\/portalfloresnoar.com\/floresnoar\/wp-json\/wp\/v2\/posts"}],"about":[{"href":"https:\/\/portalfloresnoar.com\/floresnoar\/wp-json\/wp\/v2\/types\/post"}],"author":[{"embeddable":true,"href":"https:\/\/portalfloresnoar.com\/floresnoar\/wp-json\/wp\/v2\/users\/1"}],"replies":[{"embeddable":true,"href":"https:\/\/portalfloresnoar.com\/floresnoar\/wp-json\/wp\/v2\/comments?post=36497"}],"version-history":[{"count":0,"href":"https:\/\/portalfloresnoar.com\/floresnoar\/wp-json\/wp\/v2\/posts\/36497\/revisions"}],"wp:featuredmedia":[{"embeddable":true,"href":"https:\/\/portalfloresnoar.com\/floresnoar\/wp-json\/wp\/v2\/media\/36499"}],"wp:attachment":[{"href":"https:\/\/portalfloresnoar.com\/floresnoar\/wp-json\/wp\/v2\/media?parent=36497"}],"wp:term":[{"taxonomy":"category","embeddable":true,"href":"https:\/\/portalfloresnoar.com\/floresnoar\/wp-json\/wp\/v2\/categories?post=36497"},{"taxonomy":"post_tag","embeddable":true,"href":"https:\/\/portalfloresnoar.com\/floresnoar\/wp-json\/wp\/v2\/tags?post=36497"}],"curies":[{"name":"wp","href":"https:\/\/api.w.org\/{rel}","templated":true}]}}