

{"id":36480,"date":"2019-11-29T05:11:13","date_gmt":"2019-11-29T08:11:13","guid":{"rendered":"http:\/\/portalfloresnoar.com\/floresnoar\/?p=36480"},"modified":"2020-01-03T12:51:35","modified_gmt":"2020-01-03T15:51:35","slug":"despertar-terapias-integrativas-disponibiliza-salas-para-atendimentos-no-recife","status":"publish","type":"post","link":"https:\/\/portalfloresnoar.com\/floresnoar\/despertar-terapias-integrativas-disponibiliza-salas-para-atendimentos-no-recife\/","title":{"rendered":"Despertar Terapias Integrativas disponibiliza salas para atendimentos no Recife"},"content":{"rendered":"<p><img decoding=\"async\" loading=\"lazy\" class=\"wp-image-36487 alignleft\" src=\"http:\/\/portalfloresnoar.com\/floresnoar\/wp-content\/uploads\/2019\/07\/espaco-terapeutico-recife-225x300.jpg\" alt=\"\" width=\"403\" height=\"537\" srcset=\"https:\/\/portalfloresnoar.com\/floresnoar\/wp-content\/uploads\/2019\/07\/espaco-terapeutico-recife-225x300.jpg 225w, https:\/\/portalfloresnoar.com\/floresnoar\/wp-content\/uploads\/2019\/07\/espaco-terapeutico-recife-525x700.jpg 525w, https:\/\/portalfloresnoar.com\/floresnoar\/wp-content\/uploads\/2019\/07\/espaco-terapeutico-recife.jpg 720w\" sizes=\"(max-width: 403px) 100vw, 403px\" \/><\/p>\n<p>O Despertar Terapias Integrativas, localizado no bairro dos Aflitos, no Recife, oferece salas para loca\u00e7\u00e3o (por turno mensal e hora), voltadas para profissionais de sa\u00fade e de terapias integrativas\/hol\u00edsticas, que desejem um espa\u00e7o com infra-estrutura adequada e assessoria de comunica\u00e7\u00e3o.<\/p>\n<p>&#8220;Somos um coletivo de Terapeutas Integrativos e Psic\u00f3logos, com a proposta de levar autoconhecimento, educa\u00e7\u00e3o emocional, desenvolvimento pessoal e espiritualidade \u00e0s pessoas que nos procuram. O ambiente \u00e9 super bacana e a localiza\u00e7\u00e3o \u00e9 de f\u00e1cil acesso. Dispomos de seguran\u00e7a 24h, estacionamento e manobrista gr\u00e1tis&#8221;, declara a terapeuta Mirtiline Leit\u00e3o, respons\u00e1vel pelo espa\u00e7o.<\/p>\n<p><strong>Endere\u00e7o:<\/strong> Avenida Rosa e Silva, 670, sala 504 (entrada pela Rua Am\u00e9lia), Recife\/PE<\/p>\n<p>MAIS INFORMA\u00c7\u00d5ES<br \/>\n<strong>Fone\/Zap:<\/strong> (81) 996573067<br \/>\n<strong>Instagram:<\/strong> <a href=\"https:\/\/www.instagram.com\/despertarterapias\/\" target=\"_blank\" rel=\"noopener\">https:\/\/www.instagram.com\/despertarterapias\/<\/a><\/p>\n<p>&nbsp;<\/p>\n<p>&nbsp;<\/p>\n<p><em>CONFIRA ABAIXO OUTRAS FOTOS DO ESPA\u00c7O!<\/em><\/p>\n<p><img decoding=\"async\" loading=\"lazy\" class=\"aligncenter wp-image-36485 size-large\" src=\"http:\/\/portalfloresnoar.com\/floresnoar\/wp-content\/uploads\/2019\/07\/aluguel-salas-terapeutas-recife-525x700.jpg\" alt=\"\" width=\"525\" height=\"700\" srcset=\"https:\/\/portalfloresnoar.com\/floresnoar\/wp-content\/uploads\/2019\/07\/aluguel-salas-terapeutas-recife-525x700.jpg 525w, https:\/\/portalfloresnoar.com\/floresnoar\/wp-content\/uploads\/2019\/07\/aluguel-salas-terapeutas-recife-225x300.jpg 225w, https:\/\/portalfloresnoar.com\/floresnoar\/wp-content\/uploads\/2019\/07\/aluguel-salas-terapeutas-recife.jpg 690w\" sizes=\"(max-width: 525px) 100vw, 525px\" \/> <img decoding=\"async\" loading=\"lazy\" class=\"aligncenter wp-image-36488 size-large\" src=\"http:\/\/portalfloresnoar.com\/floresnoar\/wp-content\/uploads\/2019\/07\/sala-alugar-terapeutas-recife-525x700.jpg\" alt=\"\" width=\"525\" height=\"700\" srcset=\"https:\/\/portalfloresnoar.com\/floresnoar\/wp-content\/uploads\/2019\/07\/sala-alugar-terapeutas-recife-525x700.jpg 525w, https:\/\/portalfloresnoar.com\/floresnoar\/wp-content\/uploads\/2019\/07\/sala-alugar-terapeutas-recife-225x300.jpg 225w, https:\/\/portalfloresnoar.com\/floresnoar\/wp-content\/uploads\/2019\/07\/sala-alugar-terapeutas-recife.jpg 690w\" sizes=\"(max-width: 525px) 100vw, 525px\" \/><\/p>\n","protected":false},"excerpt":{"rendered":"<p>O Despertar Terapias Integrativas, localizado no bairro dos Aflitos, no Recife, oferece salas para loca\u00e7\u00e3o (por turno mensal e hora), voltadas para profissionais de sa\u00fade e de terapias integrativas\/hol\u00edsticas, que desejem um espa\u00e7o com infra-estrutura adequada e assessoria de comunica\u00e7\u00e3o. &#8220;Somos um coletivo de Terapeutas Integrativos e Psic\u00f3logos, com a proposta de levar autoconhecimento, educa\u00e7\u00e3o [&hellip;]<\/p>\n","protected":false},"author":1,"featured_media":36486,"comment_status":"open","ping_status":"open","sticky":false,"template":"","format":"standard","meta":{"om_disable_all_campaigns":false,"_monsterinsights_skip_tracking":false,"_monsterinsights_sitenote_active":false,"_monsterinsights_sitenote_note":"","_monsterinsights_sitenote_category":0,"footnotes":""},"categories":[8,9,214],"tags":[243,394,127],"acf":[],"publishpress_future_action":{"enabled":false,"date":"1969-12-31 21:00:00","action":"","terms":[],"taxonomy":"","browser_timezone_offset":0},"_links":{"self":[{"href":"https:\/\/portalfloresnoar.com\/floresnoar\/wp-json\/wp\/v2\/posts\/36480"}],"collection":[{"href":"https:\/\/portalfloresnoar.com\/floresnoar\/wp-json\/wp\/v2\/posts"}],"about":[{"href":"https:\/\/portalfloresnoar.com\/floresnoar\/wp-json\/wp\/v2\/types\/post"}],"author":[{"embeddable":true,"href":"https:\/\/portalfloresnoar.com\/floresnoar\/wp-json\/wp\/v2\/users\/1"}],"replies":[{"embeddable":true,"href":"https:\/\/portalfloresnoar.com\/floresnoar\/wp-json\/wp\/v2\/comments?post=36480"}],"version-history":[{"count":0,"href":"https:\/\/portalfloresnoar.com\/floresnoar\/wp-json\/wp\/v2\/posts\/36480\/revisions"}],"wp:featuredmedia":[{"embeddable":true,"href":"https:\/\/portalfloresnoar.com\/floresnoar\/wp-json\/wp\/v2\/media\/36486"}],"wp:attachment":[{"href":"https:\/\/portalfloresnoar.com\/floresnoar\/wp-json\/wp\/v2\/media?parent=36480"}],"wp:term":[{"taxonomy":"category","embeddable":true,"href":"https:\/\/portalfloresnoar.com\/floresnoar\/wp-json\/wp\/v2\/categories?post=36480"},{"taxonomy":"post_tag","embeddable":true,"href":"https:\/\/portalfloresnoar.com\/floresnoar\/wp-json\/wp\/v2\/tags?post=36480"}],"curies":[{"name":"wp","href":"https:\/\/api.w.org\/{rel}","templated":true}]}}