

{"id":36456,"date":"2019-05-24T11:33:10","date_gmt":"2019-05-24T14:33:10","guid":{"rendered":"http:\/\/portalfloresnoar.com\/floresnoar\/?p=36456"},"modified":"2019-08-05T12:06:31","modified_gmt":"2019-08-05T15:06:31","slug":"agenda-pe-workshops-de-aromaterapia-com-guilherme-e-yuri-oberlaender-dias-3-e-48-no-recife","status":"publish","type":"post","link":"https:\/\/portalfloresnoar.com\/floresnoar\/agenda-pe-workshops-de-aromaterapia-com-guilherme-e-yuri-oberlaender-dias-3-e-48-no-recife\/","title":{"rendered":"[AGENDA PE] Workshops de Aromaterapia com Guilherme e Yuri Oberlaender, dias 3 e 4\/8, no Recife"},"content":{"rendered":"<p><img decoding=\"async\" loading=\"lazy\" class=\"wp-image-36459 aligncenter\" src=\"http:\/\/portalfloresnoar.com\/floresnoar\/wp-content\/uploads\/2019\/07\/aromaterapia-recife.jpeg\" alt=\"\" width=\"670\" height=\"837\" srcset=\"https:\/\/portalfloresnoar.com\/floresnoar\/wp-content\/uploads\/2019\/07\/aromaterapia-recife.jpeg 690w, https:\/\/portalfloresnoar.com\/floresnoar\/wp-content\/uploads\/2019\/07\/aromaterapia-recife-240x300.jpeg 240w, https:\/\/portalfloresnoar.com\/floresnoar\/wp-content\/uploads\/2019\/07\/aromaterapia-recife-560x700.jpeg 560w\" sizes=\"(max-width: 670px) 100vw, 670px\" \/><\/p>\n<p>Um dos m\u00e9dicos pioneiros da aromaterapia no Brasil, Dr. Guiherme Oberlaender, e o fil\u00f3sofo Yuri Oberlaender estar\u00e3o no Recife realizando dois workshops, com o tema: \u201cAromaterapia: Sa\u00fade e bem-estar atrav\u00e9s dos \u00f3leos essenciais\u201d . Uma turma ser\u00e1 realizada no dia 3 de agosto e a outra no dia 4 de agosto, ambas das 9h \u00e0s 17h (com intervalo para almo\u00e7o).<\/p>\n<p>Este workshop j\u00e1 foi promovido em Natal e em Jo\u00e3o Pessoa e pela primeira vez est\u00e1 sendo promovido no Recife, com pre\u00e7o promocional, por se tratar de uma a\u00e7\u00e3o Beneficente do Centro Esp\u00edrita Beneficente Uni\u00e3o do Vegetal, em parceria com a empresa Oshadhi.<\/p>\n<p>A aromaterapia \u00e9 uma t\u00e9cnica natural que utiliza o aroma e as part\u00edculas liberadas por diferentes \u00f3leos essenciais para estimular diferentes partes do c\u00e9rebro. \u00c9 considerada uma pr\u00e1tica integrativa e complementar de sa\u00fade, que produz benef\u00edcios no ser humano como um todo, nos n\u00edveis f\u00edsico, emocional, psicol\u00f3gico e espiritual. S\u00e3o muitos os benef\u00edcios da aromaterapia como aliviar os sintomas de ansiedade, ins\u00f4nia, depress\u00e3o, asma ou resfriado; promover o bem-estar; fortalecer as defesas do corpo.<\/p>\n<p>O workshop ser\u00e1 uma oportunidade de conhecer como as plantas produzem os \u00f3leos essenciais, porque estes \u00f3leos possuem efeitos terap\u00eauticos e saber as suas formas de uso. Tudo ser\u00e1 repassado com embasamento cient\u00edfico e a experi\u00eancia dos facilitadores que abordar\u00e3o aspectos hist\u00f3ricos e alqu\u00edmicos do usos dos \u00f3leos essenciais.<\/p>\n<p>P\u00daBLICO-ALVO<br \/>\nO workshop \u00e9 recomendado para qualquer pessoa que tenha interesse na promo\u00e7\u00e3o da sa\u00fade de forma natural e segura, al\u00e9m de aromaterapeutas, terapeutas, terapeutas hol\u00edsticos, profissionais da sa\u00fade, m\u00e3es e o p\u00fablico em geral.<\/p>\n<p>Quem j\u00e1 tem conhecimento na \u00e1rea poder\u00e1 se beneficiar do workshop para conhecer a perspectiva de atua\u00e7\u00e3o do Dr. Guilherme e do Ms. Yuri, suas experi\u00eancias e conhecimento na \u00e1rea. Para quem ainda n\u00e3o conhece, poder\u00e1 ter acesso a um conhecimento valioso que poder\u00e1 ser \u00fatil em diversas circunst\u00e2ncias do cotidiano. Por ter uma perspectiva m\u00e9dica e alqu\u00edmica, o workshop se prop\u00f5e a ser uma experi\u00eancia \u00edmpar de amplia\u00e7\u00e3o de conhecimento.<\/p>\n<p>FACILITADORES<br \/>\n<img decoding=\"async\" loading=\"lazy\" class=\"wp-image-36460 alignleft\" src=\"http:\/\/portalfloresnoar.com\/floresnoar\/wp-content\/uploads\/2019\/07\/guilherme-oberlaender-300x300.jpeg\" alt=\"\" width=\"145\" height=\"145\" srcset=\"https:\/\/portalfloresnoar.com\/floresnoar\/wp-content\/uploads\/2019\/07\/guilherme-oberlaender-300x300.jpeg 300w, https:\/\/portalfloresnoar.com\/floresnoar\/wp-content\/uploads\/2019\/07\/guilherme-oberlaender-150x150.jpeg 150w, https:\/\/portalfloresnoar.com\/floresnoar\/wp-content\/uploads\/2019\/07\/guilherme-oberlaender-100x100.jpeg 100w, https:\/\/portalfloresnoar.com\/floresnoar\/wp-content\/uploads\/2019\/07\/guilherme-oberlaender.jpeg 496w\" sizes=\"(max-width: 145px) 100vw, 145px\" \/><\/p>\n<p><strong>Dr. Guilherme Oberlaender<\/strong> &#8211; m\u00e9dico especializado em psiquiatria, medicina ortomolecular e Aromaterapia. Mestrado em Medicina Natural e Homeopatia. Desenvolve pesquisas e trabalhos com \u00f3leos essenciais e produtos da Fitoterapia Arom\u00e1tica.<\/p>\n<p>&nbsp;<\/p>\n<p><strong><img decoding=\"async\" loading=\"lazy\" class=\"wp-image-36461 alignleft\" src=\"http:\/\/portalfloresnoar.com\/floresnoar\/wp-content\/uploads\/2019\/07\/yuri-oberlaender.jpeg\" alt=\"\" width=\"127\" height=\"127\" srcset=\"https:\/\/portalfloresnoar.com\/floresnoar\/wp-content\/uploads\/2019\/07\/yuri-oberlaender.jpeg 300w, https:\/\/portalfloresnoar.com\/floresnoar\/wp-content\/uploads\/2019\/07\/yuri-oberlaender-150x150.jpeg 150w, https:\/\/portalfloresnoar.com\/floresnoar\/wp-content\/uploads\/2019\/07\/yuri-oberlaender-100x100.jpeg 100w\" sizes=\"(max-width: 127px) 100vw, 127px\" \/><\/strong><\/p>\n<p>&nbsp;<\/p>\n<p><strong>Yuri Oberlaender<\/strong> &#8211; professor de filosofia, mestre em filosofia antiga, membro do conselho cient\u00edfico da Oshadhi Brasil.<\/p>\n<p>&nbsp;<\/p>\n<p>&nbsp;<\/p>\n<p><strong>Datas:<\/strong> Turma 1: 3\/8\/2019 (s\u00e1bado) | Turma 2: 4\/8\/2019 (domingo)<br \/>\n<strong>Hor\u00e1rio:<\/strong> 9h \u00e0s 12 h e 14h \u00e0s 17h<br \/>\n<strong>Local:<\/strong> Faculdade Est\u00e1cio de S\u00e1 &#8211; Av. Eng. Abdias de Carvalho, 1678, Recife\/PE<\/p>\n<p><strong>Investimento:<\/strong> R$ 120,00 (A renda ser\u00e1 totalmente revertida pra o Centro Esp\u00edrita Beneficente Uni\u00e3o do Vegetal)<\/p>\n<p><strong>Inscri\u00e7\u00f5es atrav\u00e9s do link:<\/strong><a href=\"http:\/\/bit.ly\/aromaterapiarecife\" target=\"_blank\" rel=\"noopener\"> http:\/\/bit.ly\/aromaterapiarecife<\/a><\/p>\n<p><strong>MAIS INFORMA\u00c7\u00d5ES<\/strong><br \/>\n(81) 99979.9270 (Cris) \/ (81) 98800.3227 (M\u00e1rcia)<\/p>\n","protected":false},"excerpt":{"rendered":"<p>Um dos m\u00e9dicos pioneiros da aromaterapia no Brasil, Dr. Guiherme Oberlaender, e o fil\u00f3sofo Yuri Oberlaender estar\u00e3o no Recife realizando dois workshops, com o tema: \u201cAromaterapia: Sa\u00fade e bem-estar atrav\u00e9s dos \u00f3leos essenciais\u201d . Uma turma ser\u00e1 realizada no dia 3 de agosto e a outra no dia 4 de agosto, ambas das 9h \u00e0s [&hellip;]<\/p>\n","protected":false},"author":1,"featured_media":36457,"comment_status":"open","ping_status":"open","sticky":false,"template":"","format":"standard","meta":{"om_disable_all_campaigns":false,"_monsterinsights_skip_tracking":false,"_monsterinsights_sitenote_active":false,"_monsterinsights_sitenote_note":"","_monsterinsights_sitenote_category":0,"footnotes":""},"categories":[8,214],"tags":[73,295,616,515],"acf":[],"publishpress_future_action":{"enabled":false,"date":"1969-12-31 21:00:00","action":"","terms":[],"taxonomy":"","browser_timezone_offset":0},"_links":{"self":[{"href":"https:\/\/portalfloresnoar.com\/floresnoar\/wp-json\/wp\/v2\/posts\/36456"}],"collection":[{"href":"https:\/\/portalfloresnoar.com\/floresnoar\/wp-json\/wp\/v2\/posts"}],"about":[{"href":"https:\/\/portalfloresnoar.com\/floresnoar\/wp-json\/wp\/v2\/types\/post"}],"author":[{"embeddable":true,"href":"https:\/\/portalfloresnoar.com\/floresnoar\/wp-json\/wp\/v2\/users\/1"}],"replies":[{"embeddable":true,"href":"https:\/\/portalfloresnoar.com\/floresnoar\/wp-json\/wp\/v2\/comments?post=36456"}],"version-history":[{"count":0,"href":"https:\/\/portalfloresnoar.com\/floresnoar\/wp-json\/wp\/v2\/posts\/36456\/revisions"}],"wp:featuredmedia":[{"embeddable":true,"href":"https:\/\/portalfloresnoar.com\/floresnoar\/wp-json\/wp\/v2\/media\/36457"}],"wp:attachment":[{"href":"https:\/\/portalfloresnoar.com\/floresnoar\/wp-json\/wp\/v2\/media?parent=36456"}],"wp:term":[{"taxonomy":"category","embeddable":true,"href":"https:\/\/portalfloresnoar.com\/floresnoar\/wp-json\/wp\/v2\/categories?post=36456"},{"taxonomy":"post_tag","embeddable":true,"href":"https:\/\/portalfloresnoar.com\/floresnoar\/wp-json\/wp\/v2\/tags?post=36456"}],"curies":[{"name":"wp","href":"https:\/\/api.w.org\/{rel}","templated":true}]}}