

{"id":36307,"date":"2019-04-01T09:01:20","date_gmt":"2019-04-01T12:01:20","guid":{"rendered":"http:\/\/portalfloresnoar.com\/floresnoar\/?p=36307"},"modified":"2019-07-16T12:33:13","modified_gmt":"2019-07-16T15:33:13","slug":"agenda-pe-palestra-gratuita-com-o-tema-genetica-e-espiritualidade-neste-sabado-no-recife","status":"publish","type":"post","link":"https:\/\/portalfloresnoar.com\/floresnoar\/agenda-pe-palestra-gratuita-com-o-tema-genetica-e-espiritualidade-neste-sabado-no-recife\/","title":{"rendered":"[AGENDA PE] Palestra gratuita com o tema &#8216;Gen\u00e9tica e Espiritualidade&#8217;, neste s\u00e1bado, no Recife"},"content":{"rendered":"<p><img decoding=\"async\" loading=\"lazy\" class=\"aligncenter wp-image-36308\" src=\"http:\/\/portalfloresnoar.com\/floresnoar\/wp-content\/uploads\/2019\/07\/Gen\u00e9tica-e-Espiritualidade_Wagner-Migge.jpg\" alt=\"\" width=\"600\" height=\"600\" srcset=\"https:\/\/portalfloresnoar.com\/floresnoar\/wp-content\/uploads\/2019\/07\/Gen\u00e9tica-e-Espiritualidade_Wagner-Migge.jpg 670w, https:\/\/portalfloresnoar.com\/floresnoar\/wp-content\/uploads\/2019\/07\/Gen\u00e9tica-e-Espiritualidade_Wagner-Migge-150x150.jpg 150w, https:\/\/portalfloresnoar.com\/floresnoar\/wp-content\/uploads\/2019\/07\/Gen\u00e9tica-e-Espiritualidade_Wagner-Migge-300x300.jpg 300w, https:\/\/portalfloresnoar.com\/floresnoar\/wp-content\/uploads\/2019\/07\/Gen\u00e9tica-e-Espiritualidade_Wagner-Migge-100x100.jpg 100w\" sizes=\"(max-width: 600px) 100vw, 600px\" \/><\/p>\n<p>Neste s\u00e1bado (13\/7), o biom\u00e9dico e terapeuta Wagner Migge estar\u00e1 no Recife oferecendo uma palestra gratuita sobre o tema &#8216;Gen\u00e9tica e Espiritualidade&#8217;. O evento ser\u00e1 das 14h \u00e0s 17h, no NEMO, localizado no bairro do Cordeiro.<\/p>\n<p>Na palestra, Wagner abordar\u00e1 diversos t\u00f3picos de sua pesquisa e forma\u00e7\u00e3o cient\u00edfica, relacionando-as com aspectos do campo sutil (energ\u00e9tico), dentre eles est\u00e3o:<br \/>\n* O que \u00e9 Gen\u00e9tica?<br \/>\n* Qual a rela\u00e7\u00e3o da gen\u00e9tica com mediunidade<br \/>\n* Geof\u00edsica Terrestre, como o campo magn\u00e9tico da Terra pode afetar nosso humor<br \/>\n* O que \u00e9 Teoria dos Campos Morfogen\u00e9ticos<br \/>\n* Como as frequ\u00eancias do C\u00e9rebro podem nos afetar<br \/>\n* Origem gen\u00e9tica do Projeto Terra<br \/>\n* A import\u00e2ncia da busca por Ascens\u00e3o<\/p>\n<p><em>Wagner Migge reside em S\u00e3o Paulo e \u00e9 biom\u00e9dico, com habilita\u00e7\u00e3o em Biologia Molecular; Especialista em Gen\u00f4mica Nutricional; Especializando em Biologia Molecular e Citogen\u00e9tica; Ex-pesquisador do Laborat\u00f3rio de Gen\u00e9tica do Instituto Butantan; Mestre em Reiki Usui, com forma\u00e7\u00e3o em Cura Qu\u00e2ntica Estelar e joga Runas N\u00f3rdicas. Al\u00e9m de se dedicar \u00e0 pesquisa gen\u00e9tica, tamb\u00e9m faz atendimentos com pr\u00e1ticas integrativas.<\/em><\/p>\n<p><strong>Palestra &#8216;Gen\u00e9tica e Espiritualidade&#8217;<\/strong><br \/>\n<strong>Data:<\/strong> 13 de julho de 2019 (s\u00e1bado)<br \/>\n<strong>Hor\u00e1rio:<\/strong> 14h \u00e0s 17h<br \/>\n<strong>Local:<\/strong> NEMO (N\u00facleo de Estudos Medi\u00fanicos e Ora\u00e7\u00f5es) \u2013 Rua 10 de novembro, n\u00ba 230, Cordeiro, Recife\/PE<br \/>\n<strong>Entrada:<\/strong> Gratuita<\/p>\n<p><strong>Mais informa\u00e7\u00f5es:<\/strong> (11) 9.8248-0288<\/p>\n","protected":false},"excerpt":{"rendered":"<p>Neste s\u00e1bado (13\/7), o biom\u00e9dico e terapeuta Wagner Migge estar\u00e1 no Recife oferecendo uma palestra gratuita sobre o tema &#8216;Gen\u00e9tica e Espiritualidade&#8217;. O evento ser\u00e1 das 14h \u00e0s 17h, no NEMO, localizado no bairro do Cordeiro. Na palestra, Wagner abordar\u00e1 diversos t\u00f3picos de sua pesquisa e forma\u00e7\u00e3o cient\u00edfica, relacionando-as com aspectos do campo sutil (energ\u00e9tico), [&hellip;]<\/p>\n","protected":false},"author":1,"featured_media":36309,"comment_status":"open","ping_status":"open","sticky":false,"template":"","format":"standard","meta":{"om_disable_all_campaigns":false,"_monsterinsights_skip_tracking":false,"_monsterinsights_sitenote_active":false,"_monsterinsights_sitenote_note":"","_monsterinsights_sitenote_category":0,"footnotes":""},"categories":[8,214],"tags":[33,843,305],"acf":[],"publishpress_future_action":{"enabled":false,"date":"1969-12-31 21:00:00","action":"","terms":[],"taxonomy":"","browser_timezone_offset":0},"_links":{"self":[{"href":"https:\/\/portalfloresnoar.com\/floresnoar\/wp-json\/wp\/v2\/posts\/36307"}],"collection":[{"href":"https:\/\/portalfloresnoar.com\/floresnoar\/wp-json\/wp\/v2\/posts"}],"about":[{"href":"https:\/\/portalfloresnoar.com\/floresnoar\/wp-json\/wp\/v2\/types\/post"}],"author":[{"embeddable":true,"href":"https:\/\/portalfloresnoar.com\/floresnoar\/wp-json\/wp\/v2\/users\/1"}],"replies":[{"embeddable":true,"href":"https:\/\/portalfloresnoar.com\/floresnoar\/wp-json\/wp\/v2\/comments?post=36307"}],"version-history":[{"count":0,"href":"https:\/\/portalfloresnoar.com\/floresnoar\/wp-json\/wp\/v2\/posts\/36307\/revisions"}],"wp:featuredmedia":[{"embeddable":true,"href":"https:\/\/portalfloresnoar.com\/floresnoar\/wp-json\/wp\/v2\/media\/36309"}],"wp:attachment":[{"href":"https:\/\/portalfloresnoar.com\/floresnoar\/wp-json\/wp\/v2\/media?parent=36307"}],"wp:term":[{"taxonomy":"category","embeddable":true,"href":"https:\/\/portalfloresnoar.com\/floresnoar\/wp-json\/wp\/v2\/categories?post=36307"},{"taxonomy":"post_tag","embeddable":true,"href":"https:\/\/portalfloresnoar.com\/floresnoar\/wp-json\/wp\/v2\/tags?post=36307"}],"curies":[{"name":"wp","href":"https:\/\/api.w.org\/{rel}","templated":true}]}}