

{"id":36303,"date":"2019-04-06T10:22:57","date_gmt":"2019-04-06T13:22:57","guid":{"rendered":"http:\/\/portalfloresnoar.com\/floresnoar\/?p=36303"},"modified":"2019-07-12T23:09:38","modified_gmt":"2019-07-13T02:09:38","slug":"agenda-pe-vivencia-a-manifestacao-da-abundancia-nesta-quarta-feira-na-unipazpe","status":"publish","type":"post","link":"https:\/\/portalfloresnoar.com\/floresnoar\/agenda-pe-vivencia-a-manifestacao-da-abundancia-nesta-quarta-feira-na-unipazpe\/","title":{"rendered":"[AGENDA PE] Viv\u00eancia &#8216;A manifesta\u00e7\u00e3o da abund\u00e2ncia&#8217;"},"content":{"rendered":"<p><img decoding=\"async\" loading=\"lazy\" class=\"aligncenter wp-image-36304\" src=\"http:\/\/portalfloresnoar.com\/floresnoar\/wp-content\/uploads\/2019\/07\/jeanne-duarte-thetahealing-recife.jpg\" alt=\"\" width=\"637\" height=\"899\" srcset=\"https:\/\/portalfloresnoar.com\/floresnoar\/wp-content\/uploads\/2019\/07\/jeanne-duarte-thetahealing-recife.jpg 687w, https:\/\/portalfloresnoar.com\/floresnoar\/wp-content\/uploads\/2019\/07\/jeanne-duarte-thetahealing-recife-212x300.jpg 212w, https:\/\/portalfloresnoar.com\/floresnoar\/wp-content\/uploads\/2019\/07\/jeanne-duarte-thetahealing-recife-496x700.jpg 496w\" sizes=\"(max-width: 637px) 100vw, 637px\" \/><\/p>\n<p>A Unipaz\/PE, atrav\u00e9s do projeto Encontros Transdisciplinares, promove na pr\u00f3xima quarta-feira uma viv\u00eancia com o tema\u00a0&#8216;A manifesta\u00e7\u00e3o da abund\u00e2ncia em mim e na vida&#8217;, conduzida pela terapeuta qu\u00e2ntica Jeanne Duarte. O encontro ser\u00e1 \u00e0s 19h30, na sede da Unipaz-PE, no Recife.<\/p>\n<p>&#8220;N\u00f3s vamos refletir sobre o que \u00e9 a abund\u00e2ncia e como ela se relaciona com a prosperidade. Vamos aprender a como fortalecer nosso campo de energia para reconhec\u00ea-la em n\u00f3s e na vida, abrindo portas para a manifesta\u00e7\u00e3o dos nossos sonhos, daquilo que realmente precisamos&#8221;, declara Jeanne, que abordar\u00e1 o assunto sob a \u00f3tica do ThetaHealing e das Constela\u00e7\u00f5es Familiares.<\/p>\n<p><strong>Viv\u00eancia &#8216;A manifesta\u00e7\u00e3o da abund\u00e2ncia em mim e na vida&#8217;<\/strong><br \/>\n<strong>Data:<\/strong> 10 de julho de 2019<br \/>\n<strong>Hora:<\/strong> 19h30<br \/>\n<strong>Local:<\/strong> UNIPAZ-PE: Rua Dr En\u00e9as de Lucena, 244, Encruzilhada ( pr\u00f3ximo \u00e0 pra\u00e7a do Rosarinho), Recife\/PE<br \/>\n<strong>Contribui\u00e7\u00e3o:<\/strong> R$ 10,00<\/p>\n<p><strong>MAIS INFORMA\u00c7\u00d5ES<\/strong><br \/>\n81-993344135 (WhatsApp)<\/p>\n","protected":false},"excerpt":{"rendered":"<p>A Unipaz\/PE, atrav\u00e9s do projeto Encontros Transdisciplinares, promove na pr\u00f3xima quarta-feira uma viv\u00eancia com o tema\u00a0&#8216;A manifesta\u00e7\u00e3o da abund\u00e2ncia em mim e na vida&#8217;, conduzida pela terapeuta qu\u00e2ntica Jeanne Duarte. O encontro ser\u00e1 \u00e0s 19h30, na sede da Unipaz-PE, no Recife. &#8220;N\u00f3s vamos refletir sobre o que \u00e9 a abund\u00e2ncia e como ela se relaciona [&hellip;]<\/p>\n","protected":false},"author":1,"featured_media":33142,"comment_status":"open","ping_status":"open","sticky":false,"template":"","format":"standard","meta":{"om_disable_all_campaigns":false,"_monsterinsights_skip_tracking":false,"_monsterinsights_sitenote_active":false,"_monsterinsights_sitenote_note":"","_monsterinsights_sitenote_category":0,"footnotes":""},"categories":[8,214],"tags":[543,295,281,286,304],"acf":[],"publishpress_future_action":{"enabled":false,"date":"1969-12-31 21:00:00","action":"","terms":[],"taxonomy":"","browser_timezone_offset":0},"_links":{"self":[{"href":"https:\/\/portalfloresnoar.com\/floresnoar\/wp-json\/wp\/v2\/posts\/36303"}],"collection":[{"href":"https:\/\/portalfloresnoar.com\/floresnoar\/wp-json\/wp\/v2\/posts"}],"about":[{"href":"https:\/\/portalfloresnoar.com\/floresnoar\/wp-json\/wp\/v2\/types\/post"}],"author":[{"embeddable":true,"href":"https:\/\/portalfloresnoar.com\/floresnoar\/wp-json\/wp\/v2\/users\/1"}],"replies":[{"embeddable":true,"href":"https:\/\/portalfloresnoar.com\/floresnoar\/wp-json\/wp\/v2\/comments?post=36303"}],"version-history":[{"count":0,"href":"https:\/\/portalfloresnoar.com\/floresnoar\/wp-json\/wp\/v2\/posts\/36303\/revisions"}],"wp:featuredmedia":[{"embeddable":true,"href":"https:\/\/portalfloresnoar.com\/floresnoar\/wp-json\/wp\/v2\/media\/33142"}],"wp:attachment":[{"href":"https:\/\/portalfloresnoar.com\/floresnoar\/wp-json\/wp\/v2\/media?parent=36303"}],"wp:term":[{"taxonomy":"category","embeddable":true,"href":"https:\/\/portalfloresnoar.com\/floresnoar\/wp-json\/wp\/v2\/categories?post=36303"},{"taxonomy":"post_tag","embeddable":true,"href":"https:\/\/portalfloresnoar.com\/floresnoar\/wp-json\/wp\/v2\/tags?post=36303"}],"curies":[{"name":"wp","href":"https:\/\/api.w.org\/{rel}","templated":true}]}}