

{"id":36296,"date":"2019-06-01T05:13:21","date_gmt":"2019-06-01T08:13:21","guid":{"rendered":"http:\/\/portalfloresnoar.com\/floresnoar\/?p=36296"},"modified":"2019-08-21T11:58:39","modified_gmt":"2019-08-21T14:58:39","slug":"agenda-pe-curso-os-mitos-da-analise-da-tragedia-edipo-rei-ao-conto-de-eros-e-psique-com-henrique-pereira-no-recife","status":"publish","type":"post","link":"https:\/\/portalfloresnoar.com\/floresnoar\/agenda-pe-curso-os-mitos-da-analise-da-tragedia-edipo-rei-ao-conto-de-eros-e-psique-com-henrique-pereira-no-recife\/","title":{"rendered":"[AGENDA PE] Curso &#8216;Os mitos da an\u00e1lise: da trag\u00e9dia \u00c9dipo Rei ao conto de Eros e Psiqu\u00ea&#8221;, com Henrique Pereira, no Recife"},"content":{"rendered":"<p><img decoding=\"async\" loading=\"lazy\" class=\"aligncenter wp-image-36298\" src=\"http:\/\/portalfloresnoar.com\/floresnoar\/wp-content\/uploads\/2019\/07\/curso-Os-mitos-da-an\u00e1lise.jpg\" alt=\"\" width=\"601\" height=\"770\" srcset=\"https:\/\/portalfloresnoar.com\/floresnoar\/wp-content\/uploads\/2019\/07\/curso-Os-mitos-da-an\u00e1lise.jpg 720w, https:\/\/portalfloresnoar.com\/floresnoar\/wp-content\/uploads\/2019\/07\/curso-Os-mitos-da-an\u00e1lise-234x300.jpg 234w, https:\/\/portalfloresnoar.com\/floresnoar\/wp-content\/uploads\/2019\/07\/curso-Os-mitos-da-an\u00e1lise-546x700.jpg 546w\" sizes=\"(max-width: 601px) 100vw, 601px\" \/><\/p>\n<p>O psic\u00f3logo Henrique C. Pereira (RJ) realizar\u00e1 no Recife nos dias 30 e 31 de agosto de 2019 o curso te\u00f3rico \u201cOs mitos da an\u00e1lise: da trag\u00e9dia \u00c9dipo Rei ao conto de Eros e Psiqu\u00ea&#8221;. As aulas acontecer\u00e3o no Ateli\u00ea da Luz, localizado no bairro da Iputinga.<\/p>\n<p>Qual a influ\u00eancia da mitologia sobre a an\u00e1lise? O curso pretende responder a esta pergunta, apresentando e debatendo algumas das principais fantasias m\u00edticas atuantes no encontro anal\u00edtico. O objetivo \u00e9 ampliar a compreens\u00e3o sobre o trabalho psicoterap\u00eautico a partir da discuss\u00e3o de narrativas m\u00edticas relevantes, demonstrando que o m\u00e9todo anal\u00edtico, a conduta do analista e os objetivos terap\u00eauticos est\u00e3o apoiados numa base mitol\u00f3gica para al\u00e9m de sua fachada moderna \u201ccient\u00edfica\u201d.<\/p>\n<p>No curso, ser\u00e3o discutidas a influ\u00eancia da mitologia cl\u00e1ssica nas concep\u00e7\u00f5es de Sigmund Freud, Carl Jung e James Hillman. &#8220;Ao identificar os mitos da an\u00e1lise, ficamos mais atentos \u00e0s ideias que embasam a pr\u00e1tica psicoterap\u00eautica, nos tornando mais conscientes e menos \u201cmonote\u00edstas\u201d na nossa atividade&#8221;, declara Herique.<\/p>\n<p>CONTE\u00daDO PROGRAM\u00c1TICO<br \/>\n* O que \u00e9 mito?;<br \/>\n* Mythos e logos;<br \/>\n* O legado da mitologia grega;<br \/>\n* Por que ainda falar de mitologia no s\u00e9culo XXI?;<br \/>\n* O papel do mito na forma\u00e7\u00e3o da psicologia profunda;<br \/>\n* Freud, \u00c9dipo Rei e o complexo de \u00c9dipo;<br \/>\n* O or\u00e1culo e a trag\u00e9dia do literalismo;<br \/>\n* A sombra do fulgurante Apolo;<br \/>\n* O m\u00e9todo edipiano da an\u00e1lise;<br \/>\n* Jung e a jornada do her\u00f3i;<br \/>\n* \u201cOs deuses tornaram-se doen\u00e7as\u201d;<br \/>\n* Orestes entre as F\u00farias e Apolo;<br \/>\n* Ulisses e o processo de individua\u00e7\u00e3o;<br \/>\n* O uso dos mitos na amplifica\u00e7\u00e3o;<br \/>\n* Hillman e o conto de Eros e Psiqu\u00ea;<br \/>\n* A transforma\u00e7\u00e3o da anima em psique;<br \/>\n* A transfer\u00eancia reimaginada;<br \/>\n* A an\u00e1lise como o cultivo da alma (soul-making);<br \/>\n* Psicologia: monote\u00edsta ou polite\u00edsta?<\/p>\n<p>PROFESSOR<br \/>\n<strong>Henrique C. Pereira<\/strong> &#8211; psic\u00f3logo cl\u00ednico (UFRJ), Doutor em Psicologia Social (UERJ), Professor do curso de especializa\u00e7\u00e3o &#8220;Psicologia Junguiana, Arte e Imagin\u00e1rio&#8221; (PUC-RJ) e autor do livro &#8220;Jung e o laborat\u00f3rio da alma: a psicologia anal\u00edtica examinada pela teoria do ator-rede&#8221; (Ed. Juru\u00e1, 2010).<\/p>\n<p>SERVI\u00c7O<br \/>\n<strong>Curso &#8216;Os mitos da an\u00e1lise: da trag\u00e9dia \u00c9dipo Rei ao conto de Eros e Psiqu\u00ea&#8217;<\/strong><br \/>\n<strong>Data:<\/strong> 30 e 31\/agosto (19h \u00e0s 22h\/ 9h30 \u00e0s 18h)<br \/>\n<strong>Carga hor\u00e1ria:<\/strong> 10h (confere certificado)<br \/>\n<strong>Local:<\/strong> Ateli\u00ea da Luz (Rua Rio Formoso, 130 \u2013 Iputinga\/ Recife)<br \/>\n<strong>Vagas:<\/strong> 20<br \/>\n<strong>P\u00fablico-alvo:<\/strong> profissionais e estudantes de Psicologia e Arteterapia, e demais interessados no tema. N\u00e3o h\u00e1 pr\u00e9-requisitos para participar.<\/p>\n<p><strong>Investimento:<\/strong><br \/>\nR$ 330,00 (2x R$ 165,00)<br \/>\nR$ 280,00 (estudantes\/2x R$ 140,00)<\/p>\n<p><strong>INSCRI\u00c7\u00d5ES E MAIS INFORMA\u00c7\u00d5ES<\/strong><br \/>\nJuliana Lombardi &#8211; (81) 98730.1118 | juflombardi@gmail.com<\/p>\n","protected":false},"excerpt":{"rendered":"<p>O psic\u00f3logo Henrique C. Pereira (RJ) realizar\u00e1 no Recife nos dias 30 e 31 de agosto de 2019 o curso te\u00f3rico \u201cOs mitos da an\u00e1lise: da trag\u00e9dia \u00c9dipo Rei ao conto de Eros e Psiqu\u00ea&#8221;. As aulas acontecer\u00e3o no Ateli\u00ea da Luz, localizado no bairro da Iputinga. Qual a influ\u00eancia da mitologia sobre a an\u00e1lise? [&hellip;]<\/p>\n","protected":false},"author":1,"featured_media":36301,"comment_status":"open","ping_status":"open","sticky":false,"template":"","format":"standard","meta":{"om_disable_all_campaigns":false,"_monsterinsights_skip_tracking":false,"_monsterinsights_sitenote_active":false,"_monsterinsights_sitenote_note":"","_monsterinsights_sitenote_category":0,"footnotes":""},"categories":[8,214],"tags":[167,60,76,842,81,77],"acf":[],"publishpress_future_action":{"enabled":false,"date":"1969-12-31 21:00:00","action":"","terms":[],"taxonomy":"","browser_timezone_offset":0},"_links":{"self":[{"href":"https:\/\/portalfloresnoar.com\/floresnoar\/wp-json\/wp\/v2\/posts\/36296"}],"collection":[{"href":"https:\/\/portalfloresnoar.com\/floresnoar\/wp-json\/wp\/v2\/posts"}],"about":[{"href":"https:\/\/portalfloresnoar.com\/floresnoar\/wp-json\/wp\/v2\/types\/post"}],"author":[{"embeddable":true,"href":"https:\/\/portalfloresnoar.com\/floresnoar\/wp-json\/wp\/v2\/users\/1"}],"replies":[{"embeddable":true,"href":"https:\/\/portalfloresnoar.com\/floresnoar\/wp-json\/wp\/v2\/comments?post=36296"}],"version-history":[{"count":0,"href":"https:\/\/portalfloresnoar.com\/floresnoar\/wp-json\/wp\/v2\/posts\/36296\/revisions"}],"wp:featuredmedia":[{"embeddable":true,"href":"https:\/\/portalfloresnoar.com\/floresnoar\/wp-json\/wp\/v2\/media\/36301"}],"wp:attachment":[{"href":"https:\/\/portalfloresnoar.com\/floresnoar\/wp-json\/wp\/v2\/media?parent=36296"}],"wp:term":[{"taxonomy":"category","embeddable":true,"href":"https:\/\/portalfloresnoar.com\/floresnoar\/wp-json\/wp\/v2\/categories?post=36296"},{"taxonomy":"post_tag","embeddable":true,"href":"https:\/\/portalfloresnoar.com\/floresnoar\/wp-json\/wp\/v2\/tags?post=36296"}],"curies":[{"name":"wp","href":"https:\/\/api.w.org\/{rel}","templated":true}]}}