

{"id":36162,"date":"2019-05-18T12:31:54","date_gmt":"2019-05-18T15:31:54","guid":{"rendered":"http:\/\/portalfloresnoar.com\/floresnoar\/?p=36162"},"modified":"2019-08-19T19:57:10","modified_gmt":"2019-08-19T22:57:10","slug":"agenda-pe-workshop-orixas-e-os-tipos-psicologicos-dias-16-e-17-de-agosto-no-recife","status":"publish","type":"post","link":"https:\/\/portalfloresnoar.com\/floresnoar\/agenda-pe-workshop-orixas-e-os-tipos-psicologicos-dias-16-e-17-de-agosto-no-recife\/","title":{"rendered":"[AGENDA PE] Workshop &#8216;Os Orix\u00e1s e os Tipos Psicol\u00f3gicos&#8217;, dias 16 e 17 de agosto, no Recife"},"content":{"rendered":"<p><img decoding=\"async\" loading=\"lazy\" class=\"aligncenter wp-image-36163\" src=\"http:\/\/portalfloresnoar.com\/floresnoar\/wp-content\/uploads\/2019\/06\/orixas-e-tipos-psicologicos.jpg\" alt=\"\" width=\"601\" height=\"851\" \/><\/p>\n<p>A terapeuta Junguiana e especialista em Mitologia, Hellen Mour\u00e3o, realiza nos dias 17 e 18 de agosto de 2019, no Recife, o Workshop &#8216;Orix\u00e1s e os Tipos Psicol\u00f3gicos&#8217;. Os encontros acontecem das 9h \u00e0s 17h, no Espa\u00e7o Gerar, localizado no bairro de Casa Forte.<\/p>\n<p>O workshop tem como objetivo proporcionar o conhecimento e an\u00e1lise dos mitos dos Orix\u00e1s e suas caracter\u00edsticas arquet\u00edpicas, simbolismo e sincretismo, sob a \u00f3tica da Psicologia Anal\u00edtica de Carl Jung, como tamb\u00e9m estipular uma correla\u00e7\u00e3o entre os orix\u00e1s e o sistema de Tipologia Junguiana.<\/p>\n<p>CONTE\u00daDO PROGRAM\u00c1TICO:<br \/>\n1. O Mito da Cria\u00e7\u00e3o do mundo e dos Orix\u00e1s.<br \/>\n2. A Tipologia Junguiana<br \/>\n3. Exu<br \/>\n4. Ogum<br \/>\n5. Ox\u00f3ssi<br \/>\n6. Iemanj\u00e1<br \/>\n7. Oxum<br \/>\n8. Ob\u00e0<br \/>\n9. Oy\u00e1<br \/>\n10. Nan\u00e3 Buruku<br \/>\n11. Xang\u00f4<br \/>\n12. Ossain<br \/>\n13. Omolu<br \/>\n14. Ew\u00e1<br \/>\n15. Oxumar\u00e9<br \/>\n16. Logun Ed\u00e9<br \/>\n17. Oxal\u00e1<br \/>\n18. Aplica\u00e7\u00e3o pr\u00e1tica da mitologia na psicoterapia<\/p>\n<p>P\u00daBLICO ALVO:<br \/>\nPsicoterapeutas formados ou em forma\u00e7\u00e3o, que buscam uma ferramenta nova de trabalho e pessoas que est\u00e3o em busca de autoconhecimento.<\/p>\n<p>CARGA HOR\u00c1RIA: 14 horas<\/p>\n<p>DATA: 17 e 18 de agosto de 2019<br \/>\nHOR\u00c1RIO: 9h \u00e0s 17h<br \/>\nLOCAL: Espa\u00e7o Gerar &#8211; R. Jorge de Albuquerque, 103 &#8211; Casa Forte &#8211; Recife<\/p>\n<p>INVESTIMENTO:<br \/>\n\u25aa350,00 (pagamento a vista, com desconto at\u00e9 a data 23\/07)<br \/>\n\u25aa380,00 (pagamento a vista, com desconto at\u00e9 a data 07\/08)<br \/>\n\u25aa410,00 (pagamentos com cart\u00e3o e\/ou ap\u00f3s data 08\/08)<\/p>\n<p>INFORMA\u00c7\u00d5ES\/INSCRI\u00c7\u00c3O<br \/>\nRayssa (81) 99975.9781 (Celular\/WhatsApp)<\/p>\n","protected":false},"excerpt":{"rendered":"<p>A terapeuta Junguiana e especialista em Mitologia, Hellen Mour\u00e3o, realiza nos dias 17 e 18 de agosto de 2019, no Recife, o Workshop &#8216;Orix\u00e1s e os Tipos Psicol\u00f3gicos&#8217;. Os encontros acontecem das 9h \u00e0s 17h, no Espa\u00e7o Gerar, localizado no bairro de Casa Forte. O workshop tem como objetivo proporcionar o conhecimento e an\u00e1lise dos [&hellip;]<\/p>\n","protected":false},"author":1,"featured_media":0,"comment_status":"open","ping_status":"open","sticky":false,"template":"","format":"standard","meta":{"om_disable_all_campaigns":false,"_monsterinsights_skip_tracking":false,"_monsterinsights_sitenote_active":false,"_monsterinsights_sitenote_note":"","_monsterinsights_sitenote_category":0,"footnotes":""},"categories":[8,214],"tags":[60,76,174,478,683,77,515],"acf":[],"publishpress_future_action":{"enabled":false,"date":"1969-12-31 21:00:00","action":"","terms":[],"taxonomy":"","browser_timezone_offset":0},"_links":{"self":[{"href":"https:\/\/portalfloresnoar.com\/floresnoar\/wp-json\/wp\/v2\/posts\/36162"}],"collection":[{"href":"https:\/\/portalfloresnoar.com\/floresnoar\/wp-json\/wp\/v2\/posts"}],"about":[{"href":"https:\/\/portalfloresnoar.com\/floresnoar\/wp-json\/wp\/v2\/types\/post"}],"author":[{"embeddable":true,"href":"https:\/\/portalfloresnoar.com\/floresnoar\/wp-json\/wp\/v2\/users\/1"}],"replies":[{"embeddable":true,"href":"https:\/\/portalfloresnoar.com\/floresnoar\/wp-json\/wp\/v2\/comments?post=36162"}],"version-history":[{"count":0,"href":"https:\/\/portalfloresnoar.com\/floresnoar\/wp-json\/wp\/v2\/posts\/36162\/revisions"}],"wp:attachment":[{"href":"https:\/\/portalfloresnoar.com\/floresnoar\/wp-json\/wp\/v2\/media?parent=36162"}],"wp:term":[{"taxonomy":"category","embeddable":true,"href":"https:\/\/portalfloresnoar.com\/floresnoar\/wp-json\/wp\/v2\/categories?post=36162"},{"taxonomy":"post_tag","embeddable":true,"href":"https:\/\/portalfloresnoar.com\/floresnoar\/wp-json\/wp\/v2\/tags?post=36162"}],"curies":[{"name":"wp","href":"https:\/\/api.w.org\/{rel}","templated":true}]}}