

{"id":36040,"date":"2019-02-27T10:59:48","date_gmt":"2019-02-27T13:59:48","guid":{"rendered":"http:\/\/portalfloresnoar.com\/floresnoar\/?p=36040"},"modified":"2019-06-18T12:14:38","modified_gmt":"2019-06-18T15:14:38","slug":"agenda-pe-curso-web-arte-e-materiais-expressivos-digitais-dia-156-no-espaco-gerar","status":"publish","type":"post","link":"https:\/\/portalfloresnoar.com\/floresnoar\/agenda-pe-curso-web-arte-e-materiais-expressivos-digitais-dia-156-no-espaco-gerar\/","title":{"rendered":"[AGENDA PE] Curso &#8216;Web Arte e Materiais Expressivos Digitais&#8217; dia 15\/6 no Espa\u00e7o Gerar"},"content":{"rendered":"<p><img decoding=\"async\" loading=\"lazy\" class=\"aligncenter wp-image-36041\" src=\"http:\/\/portalfloresnoar.com\/floresnoar\/wp-content\/uploads\/2019\/05\/web-art-ricardo-ruiz.jpg\" alt=\"\" width=\"601\" height=\"332\" srcset=\"https:\/\/portalfloresnoar.com\/floresnoar\/wp-content\/uploads\/2019\/05\/web-art-ricardo-ruiz.jpg 720w, https:\/\/portalfloresnoar.com\/floresnoar\/wp-content\/uploads\/2019\/05\/web-art-ricardo-ruiz-300x166.jpg 300w, https:\/\/portalfloresnoar.com\/floresnoar\/wp-content\/uploads\/2019\/05\/web-art-ricardo-ruiz-700x387.jpg 700w, https:\/\/portalfloresnoar.com\/floresnoar\/wp-content\/uploads\/2019\/05\/web-art-ricardo-ruiz-672x372.jpg 672w\" sizes=\"(max-width: 601px) 100vw, 601px\" \/><\/p>\n<p>No pr\u00f3ximo dia 15 de junho, o Espa\u00e7o Gerar &#8211; Arteterapia e Bem-Estar promove o Curso &#8216;Web Arte e Materiais Expressivos Digitais&#8217;,\u00a0 conduzido pelo pesquisador e consultor Ricardo Ruiz.<\/p>\n<p>A forma\u00e7\u00e3o traz como base as abordagens e defini\u00e7\u00f5es sobre arte e tecnologia, net arte e web arte, internet e suas linguagens de programa\u00e7\u00e3o, al\u00e9m de ferramentas para a express\u00e3o art\u00edstica pela internet.<\/p>\n<p>O repert\u00f3rio abrange desde o formalismo jur\u00e1ssico da Net Arte do in\u00edcio dos anos 90, como as a\u00e7\u00f5es de transmiss\u00e3o ao vivo, \u00e0s cartografias t\u00e1ticas, hacktivismo, privacidade e vigil\u00e2ncia, cultura digital e tecnoglobaliza\u00e7\u00e3o, intelig\u00eancia artificial tendenciosa e genHack.<\/p>\n<p>Seguindo-se \u00e0 abordagem te\u00f3rica, a proposta \u00e9 trabalhar a constru\u00e7\u00e3o de p\u00e1ginas web para express\u00e3o em diferentes linguagens.<\/p>\n<p><strong>Sobre o Instrutor:<\/strong><br \/>\n<img decoding=\"async\" loading=\"lazy\" class=\" wp-image-36042 alignright\" src=\"http:\/\/portalfloresnoar.com\/floresnoar\/wp-content\/uploads\/2019\/05\/ricardo-ruiz.jpg\" alt=\"\" width=\"136\" height=\"277\" srcset=\"https:\/\/portalfloresnoar.com\/floresnoar\/wp-content\/uploads\/2019\/05\/ricardo-ruiz.jpg 157w, https:\/\/portalfloresnoar.com\/floresnoar\/wp-content\/uploads\/2019\/05\/ricardo-ruiz-147x300.jpg 147w\" sizes=\"(max-width: 136px) 100vw, 136px\" \/>Entusiasta da vegeta\u00e7\u00e3o, Ricardo Ruiz faz parte do conselho supervisor da Global Innovation Gathering Berlim, que organiza consultorias para a inova\u00e7\u00e3o na ind\u00fastria, no poder p\u00fablico e no cotidiano das pessoas. Foi consultor para a IBM Global Pro-Bono na Forma\u00e7\u00e3o de Lideran\u00e7as Internacionais\/PYXERA e co-fundador da 3Ecologias, empresa de consultoria em tecnologias da informa\u00e7\u00e3o para o meio ambiente, a educa\u00e7\u00e3o e a cultura. Foi tamb\u00e9m co-fundador e presidente do Descentro &#8211; Instituto de Pesquisa em M\u00eddia, Cultura e Tecnologia. Participou de in\u00fameros projetos para a inclus\u00e3o social atrav\u00e9s das tecnologias da informa\u00e7\u00e3o. \u00c9 mestre em gest\u00e3o do desenvolvimento local sustent\u00e1vel pela Faculdade de Administra\u00e7\u00e3o da Universidade de Pernambuco.<\/p>\n<p><strong>Inscri\u00e7\u00f5es atrav\u00e9s do link:<\/strong> <a href=\"http:\/\/bit.ly\/webarte\" target=\"_blank\" rel=\"noopener\">http:\/\/bit.ly\/webarte<\/a><\/p>\n<p>SERVI\u00c7O:<br \/>\n<strong>Web Arte e Materiais Expressivos Digitais<\/strong><br \/>\n<strong>Data:<\/strong> 15 de junho (s\u00e1bado)<br \/>\n<strong>Hora:\u00a0<\/strong>das 14h \u00e0s 18h<br \/>\n<strong>Local:<\/strong> Gerar Arteterapia e Bem Estar -Rua Jorge de Albuquerque, 103, Casa Forte, Recife-PE<br \/>\n<strong>P\u00fablico-alvo:<\/strong> pessoas a partir de 16 anos, interessadas em Web Arte e todas as suas possibilidades<br \/>\n<strong>Investimento:<\/strong> R$100,00<\/p>\n<p><em><strong>Obs.:<\/strong> Cada participante dever\u00e1 levar seu Laptop para uso pessoal e aplica\u00e7\u00e3o das t\u00e9cnicas em tempo real.<\/em><\/p>\n<p><b>MAIS INFORMA\u00c7\u00d5ES<\/b><br \/>\n98147-0826 (WhatsApp)<\/p>\n","protected":false},"excerpt":{"rendered":"<p>No pr\u00f3ximo dia 15 de junho, o Espa\u00e7o Gerar &#8211; Arteterapia e Bem-Estar promove o Curso &#8216;Web Arte e Materiais Expressivos Digitais&#8217;,\u00a0 conduzido pelo pesquisador e consultor Ricardo Ruiz. A forma\u00e7\u00e3o traz como base as abordagens e defini\u00e7\u00f5es sobre arte e tecnologia, net arte e web arte, internet e suas linguagens de programa\u00e7\u00e3o, al\u00e9m de [&hellip;]<\/p>\n","protected":false},"author":1,"featured_media":36041,"comment_status":"open","ping_status":"open","sticky":false,"template":"","format":"standard","meta":{"om_disable_all_campaigns":false,"_monsterinsights_skip_tracking":false,"_monsterinsights_sitenote_active":false,"_monsterinsights_sitenote_note":"","_monsterinsights_sitenote_category":0,"footnotes":""},"categories":[8,214],"tags":[44,167,672],"acf":[],"publishpress_future_action":{"enabled":false,"date":"1969-12-31 21:00:00","action":"","terms":[],"taxonomy":"","browser_timezone_offset":0},"_links":{"self":[{"href":"https:\/\/portalfloresnoar.com\/floresnoar\/wp-json\/wp\/v2\/posts\/36040"}],"collection":[{"href":"https:\/\/portalfloresnoar.com\/floresnoar\/wp-json\/wp\/v2\/posts"}],"about":[{"href":"https:\/\/portalfloresnoar.com\/floresnoar\/wp-json\/wp\/v2\/types\/post"}],"author":[{"embeddable":true,"href":"https:\/\/portalfloresnoar.com\/floresnoar\/wp-json\/wp\/v2\/users\/1"}],"replies":[{"embeddable":true,"href":"https:\/\/portalfloresnoar.com\/floresnoar\/wp-json\/wp\/v2\/comments?post=36040"}],"version-history":[{"count":0,"href":"https:\/\/portalfloresnoar.com\/floresnoar\/wp-json\/wp\/v2\/posts\/36040\/revisions"}],"wp:featuredmedia":[{"embeddable":true,"href":"https:\/\/portalfloresnoar.com\/floresnoar\/wp-json\/wp\/v2\/media\/36041"}],"wp:attachment":[{"href":"https:\/\/portalfloresnoar.com\/floresnoar\/wp-json\/wp\/v2\/media?parent=36040"}],"wp:term":[{"taxonomy":"category","embeddable":true,"href":"https:\/\/portalfloresnoar.com\/floresnoar\/wp-json\/wp\/v2\/categories?post=36040"},{"taxonomy":"post_tag","embeddable":true,"href":"https:\/\/portalfloresnoar.com\/floresnoar\/wp-json\/wp\/v2\/tags?post=36040"}],"curies":[{"name":"wp","href":"https:\/\/api.w.org\/{rel}","templated":true}]}}