

{"id":36014,"date":"2023-03-07T05:28:53","date_gmt":"2023-03-07T08:28:53","guid":{"rendered":"http:\/\/portalfloresnoar.com\/floresnoar\/?p=36014"},"modified":"2023-03-07T16:37:23","modified_gmt":"2023-03-07T19:37:23","slug":"entrevista-isabela-saffe-fala-sobre-a-relacao-entre-a-danca-e-a-psicologia-analitica","status":"publish","type":"post","link":"https:\/\/portalfloresnoar.com\/floresnoar\/entrevista-isabela-saffe-fala-sobre-a-relacao-entre-a-danca-e-a-psicologia-analitica\/","title":{"rendered":"[ENTREVISTA] Isabela Saffe fala sobre a rela\u00e7\u00e3o entre a Dan\u00e7a e a Psicologia Anal\u00edtica"},"content":{"rendered":"<p><img decoding=\"async\" loading=\"lazy\" class=\"wp-image-36015 alignright\" src=\"http:\/\/portalfloresnoar.com\/floresnoar\/wp-content\/uploads\/2019\/05\/isabela-saffe.jpg\" alt=\"\" width=\"280\" height=\"410\" srcset=\"https:\/\/portalfloresnoar.com\/floresnoar\/wp-content\/uploads\/2019\/05\/isabela-saffe.jpg 690w, https:\/\/portalfloresnoar.com\/floresnoar\/wp-content\/uploads\/2019\/05\/isabela-saffe-205x300.jpg 205w, https:\/\/portalfloresnoar.com\/floresnoar\/wp-content\/uploads\/2019\/05\/isabela-saffe-478x700.jpg 478w\" sizes=\"(max-width: 280px) 100vw, 280px\" \/><em>Confira entrevista com a dan\u00e7arina, professora de dan\u00e7a, psic\u00f3loga e analista junguiana Isabela Saffe (BA) .<\/em><\/p>\n<p><strong>1. Quem \u00e9 Isabela Saffe e como a dan\u00e7a entrou na sua vida?<\/strong><br \/>\nSou psic\u00f3loga formada pela Universidade Federal da Bahia. Dan\u00e7o h\u00e1 42 anos e desde muito pequena eu comecei no bal\u00e9, depois fui fazendo outros estilos de dan\u00e7as. Fiz afro, contempor\u00e2neo, moderno, jazz. Fui observando o quanto a dan\u00e7a me transformava, me trazia para o corpo, para a presen\u00e7a e me ajudava a ficar atenta, a sentir mais minhas pr\u00f3prias emo\u00e7\u00f5es. Percebi que a dan\u00e7a me deixava mais viva, presente no mundo.<\/p>\n<p>H\u00e1 25 anos eu descobri a dan\u00e7a do ventre. N\u00e3o existia muito a dan\u00e7a do ventre como a gente encontra hoje. Fui a primeira a dar aula em Salvador. Comecei a dar mais aten\u00e7\u00e3o \u00e0s quest\u00f5es do feminino e o quanto h\u00e1 a necessidade das mulheres se auto-conhecerem, perceberem as dificuldades que existem nesse mundo patriarcal, materialista e ligado \u00e0 produtividade. A dan\u00e7a, junto com uma consci\u00eancia desses aspectos do mundo contempor\u00e2neo, ajuda a gente a descobrir os nossos potenciais de uma maneira harm\u00f4nica, alegre, ajuda a descobrir a for\u00e7a que tem nosso pr\u00f3prio corpo. A dan\u00e7a tem um poder de cura!<\/p>\n<p><strong>2. Como surgiu o interesse pela dan\u00e7a e sua rela\u00e7\u00e3o com a Psicologia Anal\u00edtica?<\/strong><\/p>\n<p>Eu sempre buscava uma linha na psicologia que trouxesse algo mais, alguma coisa mais ligada \u00e0s artes. Quando eu comecei a estudar Jung, reconheci logo de cara o quanto ele dava essa \u00eanfase: dava import\u00e2ncia \u00e0 criatividade. Hoje em dia, como analista, depois de ter estudado mais profundamente a teoria e a pr\u00e1tica, tenho tido muito mais essa consci\u00eancia do lugar que a Psicologia Anal\u00edtica coloca o potencial criativo. Jung considera, inclusive, a criatividade um instinto.<\/p>\n<p>Aprofundando essa liga\u00e7\u00e3o entre o corpo e a dan\u00e7a, percebo que existe uma rela\u00e7\u00e3o do movimento corporal com o movimento da psique. Considero que a Psicologia Anal\u00edtica \u00e9 a base desse trabalho porque ela traz justamente a aten\u00e7\u00e3o aos movimentos entre consci\u00eancia e inconsciente, no que pode acontecer entre o consciente e o inconsciente. \u00c9 preciso dar aten\u00e7\u00e3o a isso, estimular, ouvir!<\/p>\n<p><strong>3. Qual a import\u00e2ncia do corpo e do movimento para o trabalho que voc\u00ea desenvolve?\u00a0<\/strong><\/p>\n<p>O corpo \u00e9 vivo, ele se movimenta o tempo todo. A premissa da vida \u00e9 o movimento! Uma coisa que Jung sempre fala na sua obra \u00e9 sobre quando h\u00e1 movimento na psique e quando h\u00e1 estagna\u00e7\u00e3o ps\u00edquica. Quando n\u00e3o h\u00e1 movimento a gente adoece, a psique fica restrita, a nossa vida fica restrita. O movimento em si \u00e9 ind\u00edcio tamb\u00e9m de uma sa\u00fade, de uma vitalidade. Eu acredito que a dan\u00e7a e o movimento fazem com que a gente fique mais atentos aos movimentos tamb\u00e9m internos. Se uma emo\u00e7\u00e3o ou lembran\u00e7a n\u00e3o for muito bem elaborada, ela vai se expressar no nosso corpo. Atrav\u00e9s do movimento podemos acessar novamente essas emo\u00e7\u00f5es e dialogar melhor com elas.<\/p>\n","protected":false},"excerpt":{"rendered":"<p>Confira entrevista com a dan\u00e7arina, professora de dan\u00e7a, psic\u00f3loga e analista junguiana Isabela Saffe (BA) . 1. Quem \u00e9 Isabela Saffe e como a dan\u00e7a entrou na sua vida? Sou psic\u00f3loga formada pela Universidade Federal da Bahia. Dan\u00e7o h\u00e1 42 anos e desde muito pequena eu comecei no bal\u00e9, depois fui fazendo outros estilos de [&hellip;]<\/p>\n","protected":false},"author":1,"featured_media":36013,"comment_status":"open","ping_status":"open","sticky":false,"template":"","format":"standard","meta":{"om_disable_all_campaigns":false,"_monsterinsights_skip_tracking":false,"_monsterinsights_sitenote_active":false,"_monsterinsights_sitenote_note":"","_monsterinsights_sitenote_category":0,"footnotes":""},"categories":[11],"tags":[244,257,42,479,832,672,60,831,478],"acf":[],"publishpress_future_action":{"enabled":false,"date":"1969-12-31 21:00:00","action":"","terms":[],"taxonomy":"","browser_timezone_offset":0},"_links":{"self":[{"href":"https:\/\/portalfloresnoar.com\/floresnoar\/wp-json\/wp\/v2\/posts\/36014"}],"collection":[{"href":"https:\/\/portalfloresnoar.com\/floresnoar\/wp-json\/wp\/v2\/posts"}],"about":[{"href":"https:\/\/portalfloresnoar.com\/floresnoar\/wp-json\/wp\/v2\/types\/post"}],"author":[{"embeddable":true,"href":"https:\/\/portalfloresnoar.com\/floresnoar\/wp-json\/wp\/v2\/users\/1"}],"replies":[{"embeddable":true,"href":"https:\/\/portalfloresnoar.com\/floresnoar\/wp-json\/wp\/v2\/comments?post=36014"}],"version-history":[{"count":0,"href":"https:\/\/portalfloresnoar.com\/floresnoar\/wp-json\/wp\/v2\/posts\/36014\/revisions"}],"wp:featuredmedia":[{"embeddable":true,"href":"https:\/\/portalfloresnoar.com\/floresnoar\/wp-json\/wp\/v2\/media\/36013"}],"wp:attachment":[{"href":"https:\/\/portalfloresnoar.com\/floresnoar\/wp-json\/wp\/v2\/media?parent=36014"}],"wp:term":[{"taxonomy":"category","embeddable":true,"href":"https:\/\/portalfloresnoar.com\/floresnoar\/wp-json\/wp\/v2\/categories?post=36014"},{"taxonomy":"post_tag","embeddable":true,"href":"https:\/\/portalfloresnoar.com\/floresnoar\/wp-json\/wp\/v2\/tags?post=36014"}],"curies":[{"name":"wp","href":"https:\/\/api.w.org\/{rel}","templated":true}]}}