

{"id":36011,"date":"2019-03-09T15:42:20","date_gmt":"2019-03-09T18:42:20","guid":{"rendered":"http:\/\/portalfloresnoar.com\/floresnoar\/?p=36011"},"modified":"2019-06-10T11:49:18","modified_gmt":"2019-06-10T14:49:18","slug":"agenda-pe-minicurso-corpo-expressivo-corpo-simbolico-dia-86-com-isabela-saffe-no-recife","status":"publish","type":"post","link":"https:\/\/portalfloresnoar.com\/floresnoar\/agenda-pe-minicurso-corpo-expressivo-corpo-simbolico-dia-86-com-isabela-saffe-no-recife\/","title":{"rendered":"[AGENDA PE] &#8216;Minicurso Corpo Expressivo &#8211; Corpo Simb\u00f3lico&#8217;, dia 8\/6, com Isabela Saffe, no Recife"},"content":{"rendered":"<p><img decoding=\"async\" loading=\"lazy\" class=\"aligncenter wp-image-36012\" src=\"http:\/\/portalfloresnoar.com\/floresnoar\/wp-content\/uploads\/2019\/05\/corpo-expressivo-corpo-simbolico.jpg\" alt=\"\" width=\"631\" height=\"893\" srcset=\"https:\/\/portalfloresnoar.com\/floresnoar\/wp-content\/uploads\/2019\/05\/corpo-expressivo-corpo-simbolico.jpg 690w, https:\/\/portalfloresnoar.com\/floresnoar\/wp-content\/uploads\/2019\/05\/corpo-expressivo-corpo-simbolico-212x300.jpg 212w, https:\/\/portalfloresnoar.com\/floresnoar\/wp-content\/uploads\/2019\/05\/corpo-expressivo-corpo-simbolico-495x700.jpg 495w\" sizes=\"(max-width: 631px) 100vw, 631px\" \/><\/p>\n<p>A psic\u00f3loga, analista junguiana e professora de dan\u00e7a Isabela Saffe (BA) facilita no dia 8 de junho, no Recife, o minicurso te\u00f3rico-vivencial &#8216;Corpo Expressivo &#8211; Corpo Simb\u00f3lico&#8217;. O encontro ser\u00e1 das 9h \u00e0s 17h, no Lumen Novum, em Casa Forte.<\/p>\n<p>&#8220;Aprofundando essa liga\u00e7\u00e3o entre o corpo e a dan\u00e7a, percebo que existe uma rela\u00e7\u00e3o do movimento corporal com o movimento da psique. O corpo \u00e9 vivo, ele se movimenta o tempo todo. A premissa da vida \u00e9 o movimento. Quando n\u00e3o h\u00e1 movimento a gente adoece, a psique fica restrita, a nossa vida fica restrita. Eu acredito que a dan\u00e7a e o movimento fazem com que a gente fique mais atentos aos movimentos tamb\u00e9m internos. Se uma emo\u00e7\u00e3o ou lembran\u00e7a n\u00e3o for muito bem elaborada, ela vai se expressar no nosso corpo. Atrav\u00e9s do movimento podemos acessar novamente essas emo\u00e7\u00f5es e dialogar melhor com elas&#8221;, explica Isabela.<\/p>\n<p><strong>Minicurso te\u00f3rico-vivencial &#8216;Corpo Expressivo, Corpo Simb\u00f3lico&#8217;<\/strong><br \/>\n<strong>Data:<\/strong> 8 de junho de 2019<br \/>\n<strong>Hora:<\/strong> 9h \u00e0s 17h<br \/>\n<strong>Local:<\/strong> Lumen Novum &#8211; R. Comendador Bernardino Costa, 117 &#8211; Casa Forte, Recife<br \/>\n<strong>Investimento:<\/strong> R$ 240,00<\/p>\n<p><strong>Inscri\u00e7\u00f5es e mais informa\u00e7\u00f5es:<\/strong> (81) 3266.3044 | 99659.6131<\/p>\n<p><strong><em>Veja tamb\u00e9m:<\/em><\/strong><\/p>\n<h4><a href=\"http:\/\/portalfloresnoar.com\/floresnoar\/entrevista-isabela-saffe-fala-sobre-a-relacao-entre-a-danca-e-a-psicologia-analitica\/\">[ENTREVISTA] Isabela Saffe fala sobre a rela\u00e7\u00e3o entre a Dan\u00e7a e a Psicologia Anal\u00edtica<\/a><\/h4>\n","protected":false},"excerpt":{"rendered":"<p>A psic\u00f3loga, analista junguiana e professora de dan\u00e7a Isabela Saffe (BA) facilita no dia 8 de junho, no Recife, o minicurso te\u00f3rico-vivencial &#8216;Corpo Expressivo &#8211; Corpo Simb\u00f3lico&#8217;. O encontro ser\u00e1 das 9h \u00e0s 17h, no Lumen Novum, em Casa Forte. &#8220;Aprofundando essa liga\u00e7\u00e3o entre o corpo e a dan\u00e7a, percebo que existe uma rela\u00e7\u00e3o do [&hellip;]<\/p>\n","protected":false},"author":1,"featured_media":36018,"comment_status":"open","ping_status":"open","sticky":false,"template":"","format":"standard","meta":{"om_disable_all_campaigns":false,"_monsterinsights_skip_tracking":false,"_monsterinsights_sitenote_active":false,"_monsterinsights_sitenote_note":"","_monsterinsights_sitenote_category":0,"footnotes":""},"categories":[8,214],"tags":[244,257,167,42,832,672,478,683],"acf":[],"publishpress_future_action":{"enabled":false,"date":"1969-12-31 21:00:00","action":"","terms":[],"taxonomy":"","browser_timezone_offset":0},"_links":{"self":[{"href":"https:\/\/portalfloresnoar.com\/floresnoar\/wp-json\/wp\/v2\/posts\/36011"}],"collection":[{"href":"https:\/\/portalfloresnoar.com\/floresnoar\/wp-json\/wp\/v2\/posts"}],"about":[{"href":"https:\/\/portalfloresnoar.com\/floresnoar\/wp-json\/wp\/v2\/types\/post"}],"author":[{"embeddable":true,"href":"https:\/\/portalfloresnoar.com\/floresnoar\/wp-json\/wp\/v2\/users\/1"}],"replies":[{"embeddable":true,"href":"https:\/\/portalfloresnoar.com\/floresnoar\/wp-json\/wp\/v2\/comments?post=36011"}],"version-history":[{"count":0,"href":"https:\/\/portalfloresnoar.com\/floresnoar\/wp-json\/wp\/v2\/posts\/36011\/revisions"}],"wp:featuredmedia":[{"embeddable":true,"href":"https:\/\/portalfloresnoar.com\/floresnoar\/wp-json\/wp\/v2\/media\/36018"}],"wp:attachment":[{"href":"https:\/\/portalfloresnoar.com\/floresnoar\/wp-json\/wp\/v2\/media?parent=36011"}],"wp:term":[{"taxonomy":"category","embeddable":true,"href":"https:\/\/portalfloresnoar.com\/floresnoar\/wp-json\/wp\/v2\/categories?post=36011"},{"taxonomy":"post_tag","embeddable":true,"href":"https:\/\/portalfloresnoar.com\/floresnoar\/wp-json\/wp\/v2\/tags?post=36011"}],"curies":[{"name":"wp","href":"https:\/\/api.w.org\/{rel}","templated":true}]}}