

{"id":36002,"date":"2019-03-21T12:26:11","date_gmt":"2019-03-21T15:26:11","guid":{"rendered":"http:\/\/portalfloresnoar.com\/floresnoar\/?p=36002"},"modified":"2019-06-07T11:37:01","modified_gmt":"2019-06-07T14:37:01","slug":"agenda-pe-os-parceiros-invisiveis-oficina-com-soulcollage-dias-5-e-11-de-junho-no-recife","status":"publish","type":"post","link":"https:\/\/portalfloresnoar.com\/floresnoar\/agenda-pe-os-parceiros-invisiveis-oficina-com-soulcollage-dias-5-e-11-de-junho-no-recife\/","title":{"rendered":"[AGENDA PE] &#8216;Os parceiros invis\u00edveis&#8217;, oficina com SoulCollage\u00ae, dias 5 e 11 de junho, no Recife"},"content":{"rendered":"<p><img decoding=\"async\" loading=\"lazy\" class=\"aligncenter size-full wp-image-36005\" src=\"http:\/\/portalfloresnoar.com\/floresnoar\/wp-content\/uploads\/2019\/05\/soulcollage-recife.jpg\" alt=\"\" width=\"650\" height=\"830\" srcset=\"https:\/\/portalfloresnoar.com\/floresnoar\/wp-content\/uploads\/2019\/05\/soulcollage-recife.jpg 650w, https:\/\/portalfloresnoar.com\/floresnoar\/wp-content\/uploads\/2019\/05\/soulcollage-recife-235x300.jpg 235w, https:\/\/portalfloresnoar.com\/floresnoar\/wp-content\/uploads\/2019\/05\/soulcollage-recife-548x700.jpg 548w\" sizes=\"(max-width: 650px) 100vw, 650px\" \/><\/p>\n<p>Ser\u00e1 realizada nos dias 5 e 11 de junho de 2019, no Recife, a oficina te\u00f3rico-vivencial com SoulCollage\u00ae &#8216;Os parceiros invis\u00edveis&#8217;. Os encontros ser\u00e3o realizados das 19h \u00e0s 22h, no Recanto do Ser.<\/p>\n<p>&#8220;\u00c9 uma proposta que nos convida a olhar e a reconhecer as dimens\u00f5es feminina e masculina da Alma, chamadas por Carl Jung de <em>Anima &amp; Animus<\/em>. A oficina vai trazer algumas informa\u00e7\u00f5es te\u00f3ricas dos livros &#8216;Os parceiros invis\u00edveis&#8217;, de John A. Sanford, e &#8216;Animus &amp; Anima&#8217; , de Emma Jung, no intuito de auxiliar no reconhecimento desses aspectos em nossas vidas. Os nossos relacionamentos, de um modo geral, seriam espelhos dessas imagens interiores que carregamos de forma inconsciente&#8221;, declara a facilitadora, Juliana Lombardi, coordenadora Regional de SoulCollage\u00ae no Recife.<\/p>\n<p>Em cada encontro, ser\u00e1 realizada uma viv\u00eancia com as imagens utilizando o m\u00e9todo do SoulCollage\u00ae. A ideia da oficina \u00e9 propiciar uma abertura ao autoconhecimento e aos mist\u00e9rios da psique, a partir de uma perspectiva simb\u00f3lica.<\/p>\n<p>O SoulCollage\u00ae (Colagem da Alma) foi criado pela norte-americana Seena Frost, tendo a influ\u00eancia direta da Psicologia Anal\u00edtica (Jung), Arquet\u00edpica (Hiilman) e da Mitologia. &#8220;\u00c9 uma ferramenta l\u00fadica de autoconhecimento que nos permite criar e interagir com as imagens do inconsciente de forma leve e profunda,\u201d explica Juliana.<\/p>\n<p><strong>Datas:<\/strong> 05 e 11 junho de 2019<br \/>\n<strong>Hora:<\/strong> 19h \u00e0s 22h<br \/>\n<strong>Local:<\/strong> Recanto do Ser &#8211; Rua Costa Pinto, 119, Encruzilhada, Recife\/PE<br \/>\n<strong>Investimento:<\/strong> R$ 150,00<\/p>\n<p><strong>Facilitadora:<\/strong> Juliana Lombardi &#8211; Coordenadora Regional de SoulCollage\u00ae do Recife, arteterapeuta em forma\u00e7\u00e3o, acad\u00eamica de Psicologia)<\/p>\n<p><strong>Inscri\u00e7\u00f5es e mais informa\u00e7\u00f5es:<\/strong><br \/>\n(81) 98730.1118<br \/>\njuflombardi@gmail.com<\/p>\n","protected":false},"excerpt":{"rendered":"<p>Ser\u00e1 realizada nos dias 5 e 11 de junho de 2019, no Recife, a oficina te\u00f3rico-vivencial com SoulCollage\u00ae &#8216;Os parceiros invis\u00edveis&#8217;. Os encontros ser\u00e3o realizados das 19h \u00e0s 22h, no Recanto do Ser. &#8220;\u00c9 uma proposta que nos convida a olhar e a reconhecer as dimens\u00f5es feminina e masculina da Alma, chamadas por Carl Jung [&hellip;]<\/p>\n","protected":false},"author":1,"featured_media":36004,"comment_status":"open","ping_status":"open","sticky":false,"template":"","format":"standard","meta":{"om_disable_all_campaigns":false,"_monsterinsights_skip_tracking":false,"_monsterinsights_sitenote_active":false,"_monsterinsights_sitenote_note":"","_monsterinsights_sitenote_category":0,"footnotes":""},"categories":[8,214],"tags":[829,830,60,328,233,304],"acf":[],"publishpress_future_action":{"enabled":false,"date":"1969-12-31 21:00:00","action":"","terms":[],"taxonomy":"","browser_timezone_offset":0},"_links":{"self":[{"href":"https:\/\/portalfloresnoar.com\/floresnoar\/wp-json\/wp\/v2\/posts\/36002"}],"collection":[{"href":"https:\/\/portalfloresnoar.com\/floresnoar\/wp-json\/wp\/v2\/posts"}],"about":[{"href":"https:\/\/portalfloresnoar.com\/floresnoar\/wp-json\/wp\/v2\/types\/post"}],"author":[{"embeddable":true,"href":"https:\/\/portalfloresnoar.com\/floresnoar\/wp-json\/wp\/v2\/users\/1"}],"replies":[{"embeddable":true,"href":"https:\/\/portalfloresnoar.com\/floresnoar\/wp-json\/wp\/v2\/comments?post=36002"}],"version-history":[{"count":0,"href":"https:\/\/portalfloresnoar.com\/floresnoar\/wp-json\/wp\/v2\/posts\/36002\/revisions"}],"wp:featuredmedia":[{"embeddable":true,"href":"https:\/\/portalfloresnoar.com\/floresnoar\/wp-json\/wp\/v2\/media\/36004"}],"wp:attachment":[{"href":"https:\/\/portalfloresnoar.com\/floresnoar\/wp-json\/wp\/v2\/media?parent=36002"}],"wp:term":[{"taxonomy":"category","embeddable":true,"href":"https:\/\/portalfloresnoar.com\/floresnoar\/wp-json\/wp\/v2\/categories?post=36002"},{"taxonomy":"post_tag","embeddable":true,"href":"https:\/\/portalfloresnoar.com\/floresnoar\/wp-json\/wp\/v2\/tags?post=36002"}],"curies":[{"name":"wp","href":"https:\/\/api.w.org\/{rel}","templated":true}]}}