

{"id":35994,"date":"2019-05-20T12:09:25","date_gmt":"2019-05-20T15:09:25","guid":{"rendered":"http:\/\/portalfloresnoar.com\/floresnoar\/?p=35994"},"modified":"2019-05-20T12:09:25","modified_gmt":"2019-05-20T15:09:25","slug":"integrando-saude-amor-como-caminho-direto-parte-5-amar-a-deus-na-relacao-mae-filho","status":"publish","type":"post","link":"https:\/\/portalfloresnoar.com\/floresnoar\/integrando-saude-amor-como-caminho-direto-parte-5-amar-a-deus-na-relacao-mae-filho\/","title":{"rendered":"[INTEGRANDO SA\u00daDE] Amor Como Caminho Direto &#8211; Parte 5: Amar a Deus na rela\u00e7\u00e3o m\u00e3e-filho"},"content":{"rendered":"<figure id=\"attachment_35995\" aria-describedby=\"caption-attachment-35995\" style=\"width: 640px\" class=\"wp-caption aligncenter\"><img decoding=\"async\" loading=\"lazy\" class=\"wp-image-35995 size-full\" src=\"http:\/\/portalfloresnoar.com\/floresnoar\/wp-content\/uploads\/2019\/05\/artigo-maio-gabi-sencades.jpg\" alt=\"\" width=\"640\" height=\"401\" srcset=\"https:\/\/portalfloresnoar.com\/floresnoar\/wp-content\/uploads\/2019\/05\/artigo-maio-gabi-sencades.jpg 640w, https:\/\/portalfloresnoar.com\/floresnoar\/wp-content\/uploads\/2019\/05\/artigo-maio-gabi-sencades-300x188.jpg 300w\" sizes=\"(max-width: 640px) 100vw, 640px\" \/><figcaption id=\"caption-attachment-35995\" class=\"wp-caption-text\">Imagem de PublicDomainPictures por Pixabay<\/figcaption><\/figure>\n<p>|\u00a0<em>Por Gabriela Sencades Migge*<\/em>\u00a0|<\/p>\n<p>Ser m\u00e3e e pai \u00e9 gerar um potencial imenso de amar incondicionalmente outro ser. \u00c9 o nosso primeiro grande amor, que vai al\u00e9m de n\u00f3s mesmos, al\u00e9m de nossas necessidades e interesses. Antes de ter um filho, \u00e0s vezes pode parecer que j\u00e1 se \u201cexperienciou\u201d o amor de forma intensa e que quando achamos que chegamos ao seu limite vem um pequeno ser e expande essa possibilidade, provando para n\u00f3s que tal sentimento \u00e9 infinito e est\u00e1 dispon\u00edvel a todos n\u00f3s o tempo todo.<\/p>\n<p>Amor \u00e9 a \u00fanica coisa que \u00e0 medida que \u201cusamos mais\u201d ele s\u00f3 aumenta, n\u00e3o h\u00e1 restri\u00e7\u00f5es de uso, nem contraindica\u00e7\u00f5es. Quando acertamos a vibra\u00e7\u00e3o do amor temos todo o universo em nossas m\u00e3os. E \u00e9 isso que um filho vem para dizer para a gente, sem que uma palavra seja dita, sem que tenhamos consci\u00eancia&#8230; um filho \u00e9 o pr\u00f3prio Deus dizendo \u201cOl\u00e1, estou aqui!\u201d e quando estamos atentos, e percebemos isso, ocorre uma grande transforma\u00e7\u00e3o.<\/p>\n<p>Rela\u00e7\u00e3o m\u00e3e-filho(a), e aqui pode ser entendida como pai-filho(a) tamb\u00e9m, n\u00e3o h\u00e1 diferen\u00e7a. O jeito de se relacionar sim, com certeza tem, mas n\u00e3o quer dizer que um seja maior que o outro nunca. \u00c9 preciso lembrar apenas que quando um filho nasce, nascem tamb\u00e9m um pai e uma m\u00e3e. Quando isso acontece de forma sincr\u00f4nica temos o amor instalado e desabrochado, vivo e acolhedor.<\/p>\n<p>Por\u00e9m, algumas vezes ou o pai ou a m\u00e3e, quando n\u00e3o os dois, n\u00e3o nascem tamb\u00e9m e a\u00ed temos todo aquele potencial infinito e poderoso de amor adormecido, em estado de lat\u00eancia, mas ainda est\u00e1 l\u00e1. Assim como uma semente que ainda n\u00e3o foi germinada, mas tem todo o potencial para germinar. Talvez germine, talvez n\u00e3o.<\/p>\n<p>A n\u00f3s s\u00f3 cabe torcer para que o potencial se torne pot\u00eancia e que n\u00e3o haja nenhum filho sem pai e m\u00e3e, sejam estes de sangue ou n\u00e3o, pois a semente do amor n\u00e3o \u00e9 exclusiva entre aqueles com DNA compat\u00edvel. Ela nasce e desabrocha em qualquer local, por mais \u00e1ridos que possam parecer.<\/p>\n<p>No ocidente, por\u00e9m, essa rela\u00e7\u00e3o \u00e9 t\u00e3o complexa que \u00e0s vezes nem conseguimos a entender muito bem. E muitos orientais, quando chegam aqui no ocidente, n\u00e3o conseguem entender como h\u00e1 filhos e m\u00e3es com emo\u00e7\u00f5es t\u00e3o densas entre si, uma vez que essa rela\u00e7\u00e3o para eles \u00e9 t\u00e3o sagrada, como se fosse uma divindade. E gratid\u00e3o, educa\u00e7\u00e3o positiva e bondade amorosa deveriam ser a base dessa rela\u00e7\u00e3o de plena e total confian\u00e7a.<\/p>\n<p>Por\u00e9m, geralmente aqui, no ocidente, cultiva-se as emo\u00e7\u00f5es mais paradoxais poss\u00edveis. Um misto de alegria e sofrimento, quando n\u00e3o apenas sofrimento, sendo fonte infind\u00e1vel de afli\u00e7\u00f5es e pris\u00f5es. Isso acontece porque aqui, mais que no oriente talvez, se confunda muito amor com apego. E n\u00e3o s\u00f3 isso, parece que a educa\u00e7\u00e3o que temos \u00e9 baseada na culpa e na vergonha, de modo que vamos aprendendo a esconder as emo\u00e7\u00f5es, n\u00e3o permitindo assim a auto-aceita\u00e7\u00e3o.<\/p>\n<p>Desse modo, como vamos aprender a apreciar e amar o outro se n\u00e3o nos amarmos ou nos acolhermos? E assim vamos vivendo um ciclo sem fim de uma educa\u00e7\u00e3o baseada em autoritarismo e falta de respeito.<\/p>\n<p>Esse ciclo s\u00f3 vai se romper \u00e0 medida que lan\u00e7amos luz a essas rela\u00e7\u00f5es. E a\u00ed, de repente, chega um ser na \u00e1rvore geneal\u00f3gica da fam\u00edlia que consegue decodificar toda aquela \u201cheran\u00e7a\u201d que se recebeu por ciclos geracionais sem fim. Esse ser finalmente pensa: \u201cSe comigo foi assim, imagine como foi com o ser que veio antes de mim? Considerando todo o seu contexto hist\u00f3rico-cultural. E o ser que veio antes, deste ent\u00e3o!?\u201d<\/p>\n<p>Quando vamos elucidando essas quest\u00f5es o perd\u00e3o \u00e9 natural. Pois percebemos que nossos ancestrais n\u00e3o sabiam fazer diferente. E que, dentro do contexto deles, fizeram o melhor que podiam. E, mesmo assim, o seu melhor acarretou em como somos hoje. E, se hoje temos a oportunidade de elucidar essas rela\u00e7\u00f5es e fazer diferente, dever\u00edamos agradecer.<\/p>\n<p>Agradecemos, pois mesmo na pior das hip\u00f3teses de termos uma educa\u00e7\u00e3o negativa, ela nos permitiu, hoje, saber as complica\u00e7\u00f5es e consequ\u00eancias dela e termos a certeza do que, pelo menos, n\u00e3o devemos fazer. E olha que, mesmo aprendendo o que n\u00e3o-fazer com a pr\u00f3xima gera\u00e7\u00e3o, muitas vezes n\u00f3s repetimos a eles igualzinho, como naquela m\u00fasica \u201cainda somos os mesmos e vivemos como nossos pais.\u201d Desse modo, \u00e9 necess\u00e1rio perceber que devemos sempre lan\u00e7ar consci\u00eancia do que estamos fazendo com nossos filhos, a fim de n\u00e3o repetir erros e transmutar o que aprendemos de negativo.<\/p>\n<p>De toda maneira \u00e9 preciso deixar as d\u00favidas e medos de lado, pois assim como amamos nossos antecessores, os nossos sucessores tamb\u00e9m v\u00e3o nos amar, pois quando estamos envolvidos de cora\u00e7\u00e3o, intencionando educar e desenvolver positividades, tanto nossas quanto dos nossos pequenos, vamos abrindo nossa percep\u00e7\u00e3o para o que funciona ou n\u00e3o naquele contexto, para aquele ser. Vamos nos adequando e aprendendo juntos, esse doce e dif\u00edcil caminho que \u00e9 educar, baseando-se apenas em amor e n\u00e3o em expectativas.<\/p>\n<p>Para mim, a maternidade foi meu encontro com Deus. A partir dela come\u00e7ou-se a operar uma revolu\u00e7\u00e3o em minha vida. Pois eu queria ser melhor para pode acolher a pequena Malu da melhor forma poss\u00edvel. Quem me colocou nesse caminho de cultivo interno foi esta minha pequena mestra. Malu, que a partir da primeira batida de seu cora\u00e7\u00e3o, ainda dentro de mim, me mostrou que eu poderia ser melhor, que ainda tinha e tem todo um potencial latente muito pouco explorado.<\/p>\n<p>Mergulhei fundo nessa caminhada, encontrando minha pr\u00f3pria sombra v\u00e1rias vezes. E, mesmo quando parecia que eu estava fisicamente longe, em retiros e estudos, eu n\u00e3o poderia estar mais perto dela, pois a for\u00e7a para caminhar brotou dela. Agora o pequeno mestre Chico chegou para me ensinar a lan\u00e7ar sementes, compartilhando o que vi, vivi e ainda vivo. J\u00e1 caminhei muito, mas sinto que ainda \u00e9 s\u00f3 o come\u00e7o.<\/p>\n<p>Meus filhos s\u00e3o meus mestres, sem d\u00favida. E a cada dia \u00e9 um desafio novo de situa\u00e7\u00f5es surpreendentes, tanto boas quanto m\u00e1s, mas se abrir e tentar enfrentar tais situa\u00e7\u00f5es com coragem, calma, humor, amorosidade e sabedoria encaro como um dever, pois meus queridos mestres precisam de uma m\u00e3e emocionalmente est\u00e1vel, o quanto mais eu consiga ser, a fim de poder honrar o presente recebido do Universo por mim.<\/p>\n<p>Que a vida deles seja leve, cheia de alegrias e aprendizados e que eu possa contribuir de alguma forma para que o encantamento natural que eles t\u00eam pela vida nunca se perca. Mas, se perder tamb\u00e9m, tudo bem! Sempre h\u00e1 tempo para resgat\u00e1-lo. Se eu conseguir ensinar isso j\u00e1 valeu a miss\u00e3o!<\/p>\n<p align=\"JUSTIFY\"><b><img decoding=\"async\" loading=\"lazy\" class=\" wp-image-32742 alignleft\" src=\"http:\/\/portalfloresnoar.com\/floresnoar\/wp-content\/uploads\/2018\/03\/Gabriela-Sencades-MIgge.jpg\" sizes=\"(max-width: 171px) 100vw, 171px\" srcset=\"http:\/\/portalfloresnoar.com\/floresnoar\/wp-content\/uploads\/2018\/03\/Gabriela-Sencades-MIgge.jpg 208w, http:\/\/portalfloresnoar.com\/floresnoar\/wp-content\/uploads\/2018\/03\/Gabriela-Sencades-MIgge-198x300.jpg 198w\" alt=\"\" width=\"171\" height=\"259\" \/><\/b><\/p>\n<p align=\"JUSTIFY\">\n<p align=\"JUSTIFY\"><b>* Gabriela Sencades Migge<\/b>\u00a0\u00e9 terapeuta hol\u00edstica, co-fundadora do Espa\u00e7o Cuidar, mestra em reiki, frequenciadora de luz, aur\u00edculoterapeuta, terapeuta floral, terapeuta pr\u00e2nica, thetahealer, facilitadora em medita\u00e7\u00e3o. Realiza atendimentos presenciais no bairro das Gra\u00e7as, no Recife-PE, Brasil.<\/p>\n<p align=\"JUSTIFY\"><strong>Marque sua consulta pelo n\u00famero:<\/strong>\u00a0(81) 9.9163-5351 (claro\/whatsapp).<br \/>\n<strong>Facebook:<\/strong>\u00a0gabrielasencades<br \/>\n<strong>Atendimentos via Skype:<\/strong>\u00a0Gabi Sencades<\/p>\n","protected":false},"excerpt":{"rendered":"<p>|\u00a0Por Gabriela Sencades Migge*\u00a0| Ser m\u00e3e e pai \u00e9 gerar um potencial imenso de amar incondicionalmente outro ser. \u00c9 o nosso primeiro grande amor, que vai al\u00e9m de n\u00f3s mesmos, al\u00e9m de nossas necessidades e interesses. Antes de ter um filho, \u00e0s vezes pode parecer que j\u00e1 se \u201cexperienciou\u201d o amor de forma intensa e [&hellip;]<\/p>\n","protected":false},"author":1,"featured_media":35995,"comment_status":"open","ping_status":"open","sticky":false,"template":"","format":"standard","meta":{"om_disable_all_campaigns":false,"_monsterinsights_skip_tracking":false,"_monsterinsights_sitenote_active":false,"_monsterinsights_sitenote_note":"","_monsterinsights_sitenote_category":0,"footnotes":""},"categories":[220,623],"tags":[144,499,138,828],"acf":[],"publishpress_future_action":{"enabled":false,"date":"1969-12-31 21:00:00","action":"","terms":[],"taxonomy":"","browser_timezone_offset":0},"_links":{"self":[{"href":"https:\/\/portalfloresnoar.com\/floresnoar\/wp-json\/wp\/v2\/posts\/35994"}],"collection":[{"href":"https:\/\/portalfloresnoar.com\/floresnoar\/wp-json\/wp\/v2\/posts"}],"about":[{"href":"https:\/\/portalfloresnoar.com\/floresnoar\/wp-json\/wp\/v2\/types\/post"}],"author":[{"embeddable":true,"href":"https:\/\/portalfloresnoar.com\/floresnoar\/wp-json\/wp\/v2\/users\/1"}],"replies":[{"embeddable":true,"href":"https:\/\/portalfloresnoar.com\/floresnoar\/wp-json\/wp\/v2\/comments?post=35994"}],"version-history":[{"count":0,"href":"https:\/\/portalfloresnoar.com\/floresnoar\/wp-json\/wp\/v2\/posts\/35994\/revisions"}],"wp:featuredmedia":[{"embeddable":true,"href":"https:\/\/portalfloresnoar.com\/floresnoar\/wp-json\/wp\/v2\/media\/35995"}],"wp:attachment":[{"href":"https:\/\/portalfloresnoar.com\/floresnoar\/wp-json\/wp\/v2\/media?parent=35994"}],"wp:term":[{"taxonomy":"category","embeddable":true,"href":"https:\/\/portalfloresnoar.com\/floresnoar\/wp-json\/wp\/v2\/categories?post=35994"},{"taxonomy":"post_tag","embeddable":true,"href":"https:\/\/portalfloresnoar.com\/floresnoar\/wp-json\/wp\/v2\/tags?post=35994"}],"curies":[{"name":"wp","href":"https:\/\/api.w.org\/{rel}","templated":true}]}}