

{"id":35972,"date":"2019-06-02T10:20:33","date_gmt":"2019-06-02T13:20:33","guid":{"rendered":"http:\/\/portalfloresnoar.com\/floresnoar\/?p=35972"},"modified":"2019-06-18T12:07:14","modified_gmt":"2019-06-18T15:07:14","slug":"agenda-pe-curso-de-radiestesia-basica-dias-6-e-7-de-julho-no-recife","status":"publish","type":"post","link":"https:\/\/portalfloresnoar.com\/floresnoar\/agenda-pe-curso-de-radiestesia-basica-dias-6-e-7-de-julho-no-recife\/","title":{"rendered":"[AGENDA PE] Curso de Radiestesia B\u00e1sica dias 6 e 7 de julho no Recife"},"content":{"rendered":"<p><img decoding=\"async\" loading=\"lazy\" class=\"aligncenter wp-image-35974\" src=\"http:\/\/portalfloresnoar.com\/floresnoar\/wp-content\/uploads\/2019\/05\/curso-radiestesia-recife.jpg\" alt=\"\" width=\"650\" height=\"325\" srcset=\"https:\/\/portalfloresnoar.com\/floresnoar\/wp-content\/uploads\/2019\/05\/curso-radiestesia-recife.jpg 690w, https:\/\/portalfloresnoar.com\/floresnoar\/wp-content\/uploads\/2019\/05\/curso-radiestesia-recife-300x150.jpg 300w, https:\/\/portalfloresnoar.com\/floresnoar\/wp-content\/uploads\/2019\/05\/curso-radiestesia-recife-400x200.jpg 400w\" sizes=\"(max-width: 650px) 100vw, 650px\" \/><\/p>\n<p>O terapeuta F\u00e1bio Eduardo Souza Cruz conduz nos dias 6 e 7 de julho de 2019, no \u00cdcone \u2013 Desenvolvimento Humano, no Recife, o &#8216;Curso de Radiestesia B\u00e1sica &#8211; como usar o seu poder&#8217;.\u00a0Os interessados no curso podem saber mais sobre a proposta no wokshop que o terapeuta oferecer\u00e1 no m\u00eas de julho no Recife.<\/p>\n<p>&#8220;A Radiestesia \u00e9 o PODER\u00a0que todos n\u00f3s\u00a0possu\u00edmos\u00a0em captar e interpretar todo e qualquer tipo de energia com o objetivo de usar em nosso dia a dia para qualquer situa\u00e7\u00e3o,\u00a0seja na \u00e1rea da sa\u00fade (identificando doen\u00e7as), para tomadas de\u00a0decis\u00f5es profissionais,\u00a0para descobrir o melhor caminho a seguir, entre in\u00fameras possibilidades&#8221;, explica F\u00e1bio Eduardo, acrescentando: &#8220;Agora voc\u00ea deve estar se perguntando&#8230; Ser\u00e1 que realmente tenho essa capacidade?\u00a0Exatamente por isso trago esse conhecimento de forma acess\u00edvel, para que\u00a0voc\u00ea prove pra voc\u00ea mesmo que tem uma capacidade muito maior do que voc\u00ea imagina.\u00a0E n\u00e3o se preocupe,\u00a0eu sei que voc\u00ea pode.&#8221;<\/p>\n<p>\u201cNosso corpo \u00e9 uma verdadeira antena! No curso os participantes aprender\u00e3o a captar e interpretar as energias que constantemente somos expostos\u201d, declara o facilitador,\u00a0que \u00e9 filiado \u00e0\u00a0Associa\u00e7\u00e3o Brasileira de Radiestesia e Radi\u00f4nica (ABRAD).<\/p>\n<p><strong>CONTE\u00daDO PROGRAM[ATICO DO CURSO:<\/strong><br \/>\n1.\u00a0HIST\u00d3RIA DA RADIESTESIA;<br \/>\n2.\u00a0CONCEITOS E FUNDAMENTOS DA RADIESTESIA;<br \/>\n3.\u00a0NO\u00c7\u00d5ES DE F\u00cdSICA CL\u00c1SSICA E F\u00cdSICA QU\u00c2NTICA;<br \/>\n4.\u00a0CORPOS SUTIS;<br \/>\n5.\u00a0CENTROS ENERG\u00c9TICOS DE FOR\u00c7A VITAL, CHAKRAS;<br \/>\n6.\u00a0ESTADOS ESPECIAIS DE CONSCI\u00caNCIA;<br \/>\n7.\u00a0TEORIA DA MENTE NA RADIESTESIA;<br \/>\n8.\u00a0COMO FUNCIONA A MENTE NO USO DA\u00a0 RADIESTESIA;<br \/>\n9. INSTRUMENTOS RADIEST\u00c9SICOS;<br \/>\n10.\u00a0VARETAS RADIEST\u00c9SICAS PARA IDENTIFICA\u00c7\u00c3O DE DOEN\u00c7AS NO CORPO F\u00cdSICO E PSICOSSOM\u00c1TICO;<br \/>\n11.\u00a0UTILIZA\u00c7\u00c3O DAS VARETAS PARA IDENTIFICA\u00c7\u00c3O DE DESEQUIL\u00cdBRIOS EM AMBIENTES;<br \/>\n12.\u00a0UTILIZA\u00c7\u00c3O DO P\u00caNDULO PARA IDENTIFICA\u00c7\u00c3O DE DESEQUIL\u00cdBRIO EM QUALQUER SER BIOL\u00d3GICO;<br \/>\n13. USANDO A R\u00c9GUA DE B\u00d3VIS PARA IDENTIFICAR A VITALIDADE DE PESSOAS E AMBIENTES;<br \/>\n14.\u00a0PR\u00c1TICAS RADIEST\u00c9SICAS SUPERVISIONADAS.<\/p>\n<p><strong>O participante receber\u00e1:<\/strong><br \/>\n\u2022 Dual Rod (varetas radiest\u00e9sicas);<br \/>\n\u2022 P\u00eandulo de madeira de Lei com fio encerado;<br \/>\n\u2022 Apostila contendo o conte\u00fado do curso;<br \/>\n\u2022 Certificado;<br \/>\n\u2022 Coffee Break.<\/p>\n<p><strong>WORKSHOP<\/strong> &#8211; No dia 01\/07 haver\u00e1 um workshop de Radiestesia, das 9h \u00e0s 12h, no Espa\u00e7o Quinmtess\u00eancia, localizado no bairro das Gra\u00e7as, no Recife.<br \/>\nI<strong>nscri\u00e7\u00f5es e mais informa\u00e7\u00f5es, neste link:<\/strong>\u00a0<a href=\"https:\/\/www.sympla.com.br\/workshop-de-radiestesia-descubra-seu-poder__528330\" target=\"_blank\" rel=\"noopener\">https:\/\/www.sympla.com.br\/workshop-de-radiestesia-descubra-seu-poder__528330<\/a><\/p>\n<p><strong>CURSO DE RADIESTESIA B\u00c1SICA<\/strong><br \/>\n<strong>Data:<\/strong>\u00a006 e 07 de julho de 2019<br \/>\n<strong>Hora:\u00a0<\/strong>\u00a08h \u00e0s 18h<br \/>\n<strong>Local:<\/strong>\u00a0\u00cdCONE \u2013 DESENVOLVIMENTO HUMANO (Rua\u00a0Padre Anchieta, 449. Madalena Recife \u2013 PE)<br \/>\n<strong>Investimento:<\/strong>\u00a0R$ 630,0 (cart\u00e3o de cr\u00e9dito, d\u00e9bito online, boleto banc\u00e1rio, Paypal, Apple Pay.)<\/p>\n<p><strong>Inscri\u00e7\u00f5es atrav\u00e9s do link:\u00a0<\/strong>\u00a0<a href=\"https:\/\/www.sympla.com.br\/curso-de-radiestesia-basica-como-usar-seu-poder__531945\" target=\"_blank\" rel=\"noopener\">https:\/\/www.sympla.com.br\/curso-de-radiestesia-basica-como-usar-seu-poder__531945<\/a><\/p>\n<p><strong>MAIS INFORMA\u00c7\u00d5ES<\/strong><br \/>\n(81) 99807 4244 (WhatsApp)<\/p>\n<p><em><strong>Conhe\u00e7a mais o trabalho de F\u00e1bio Eduardo, neste link:<\/strong><\/em>\u00a0<a href=\"https:\/\/www.instagram.com\/fabioeduluz\/\" target=\"_blank\" rel=\"noopener\">\u00a0https:\/\/www.instagram.com\/fabioeduluz\/<\/a><\/p>\n","protected":false},"excerpt":{"rendered":"<p>O terapeuta F\u00e1bio Eduardo Souza Cruz conduz nos dias 6 e 7 de julho de 2019, no \u00cdcone \u2013 Desenvolvimento Humano, no Recife, o &#8216;Curso de Radiestesia B\u00e1sica &#8211; como usar o seu poder&#8217;.\u00a0Os interessados no curso podem saber mais sobre a proposta no wokshop que o terapeuta oferecer\u00e1 no m\u00eas de julho no Recife. [&hellip;]<\/p>\n","protected":false},"author":1,"featured_media":35973,"comment_status":"open","ping_status":"open","sticky":false,"template":"","format":"standard","meta":{"om_disable_all_campaigns":false,"_monsterinsights_skip_tracking":false,"_monsterinsights_sitenote_active":false,"_monsterinsights_sitenote_note":"","_monsterinsights_sitenote_category":0,"footnotes":""},"categories":[8,214],"tags":[167,739],"acf":[],"publishpress_future_action":{"enabled":false,"date":"1969-12-31 21:00:00","action":"","terms":[],"taxonomy":"","browser_timezone_offset":0},"_links":{"self":[{"href":"https:\/\/portalfloresnoar.com\/floresnoar\/wp-json\/wp\/v2\/posts\/35972"}],"collection":[{"href":"https:\/\/portalfloresnoar.com\/floresnoar\/wp-json\/wp\/v2\/posts"}],"about":[{"href":"https:\/\/portalfloresnoar.com\/floresnoar\/wp-json\/wp\/v2\/types\/post"}],"author":[{"embeddable":true,"href":"https:\/\/portalfloresnoar.com\/floresnoar\/wp-json\/wp\/v2\/users\/1"}],"replies":[{"embeddable":true,"href":"https:\/\/portalfloresnoar.com\/floresnoar\/wp-json\/wp\/v2\/comments?post=35972"}],"version-history":[{"count":0,"href":"https:\/\/portalfloresnoar.com\/floresnoar\/wp-json\/wp\/v2\/posts\/35972\/revisions"}],"wp:featuredmedia":[{"embeddable":true,"href":"https:\/\/portalfloresnoar.com\/floresnoar\/wp-json\/wp\/v2\/media\/35973"}],"wp:attachment":[{"href":"https:\/\/portalfloresnoar.com\/floresnoar\/wp-json\/wp\/v2\/media?parent=35972"}],"wp:term":[{"taxonomy":"category","embeddable":true,"href":"https:\/\/portalfloresnoar.com\/floresnoar\/wp-json\/wp\/v2\/categories?post=35972"},{"taxonomy":"post_tag","embeddable":true,"href":"https:\/\/portalfloresnoar.com\/floresnoar\/wp-json\/wp\/v2\/tags?post=35972"}],"curies":[{"name":"wp","href":"https:\/\/api.w.org\/{rel}","templated":true}]}}