

{"id":35822,"date":"2021-03-29T05:23:59","date_gmt":"2021-03-29T08:23:59","guid":{"rendered":"http:\/\/portalfloresnoar.com\/floresnoar\/?p=35822"},"modified":"2021-08-31T19:08:25","modified_gmt":"2021-08-31T22:08:25","slug":"caixa-de-pandora-pascoa-morte-e-renascimento-em-nos","status":"publish","type":"post","link":"https:\/\/portalfloresnoar.com\/floresnoar\/caixa-de-pandora-pascoa-morte-e-renascimento-em-nos\/","title":{"rendered":"[CAIXA DE PANDORA] P\u00e1scoa: Morte e Renascimento em N\u00f3s!"},"content":{"rendered":"<p><img decoding=\"async\" loading=\"lazy\" class=\"size-full wp-image-35828\" src=\"http:\/\/portalfloresnoar.com\/floresnoar\/wp-content\/uploads\/2019\/04\/pascoa_renascimento.jpg\" alt=\"\" width=\"640\" height=\"426\" srcset=\"https:\/\/portalfloresnoar.com\/floresnoar\/wp-content\/uploads\/2019\/04\/pascoa_renascimento.jpg 640w, https:\/\/portalfloresnoar.com\/floresnoar\/wp-content\/uploads\/2019\/04\/pascoa_renascimento-300x200.jpg 300w\" sizes=\"(max-width: 640px) 100vw, 640px\" \/><\/p>\n<p>|\u00a0<em>Por Juliana Florencio*<\/em>\u00a0|<\/p>\n<p>A P\u00e1scoa nos traz o tema da Morte e Ressurrei\u00e7\u00e3o de Jesus.<\/p>\n<p>Como diria Jung, poucos, dos que se consideram crist\u00e3os, entendem e vivenciam &#8220;as boas novas&#8221;. No caso da Paix\u00e3o de Cristo, a maioria recebe a mensagem como uma experi\u00eancia desconectada de si mesmo.<\/p>\n<p>Muitos assistem o sofrimento de Cristo, sua tortura e sua morte com piedade por algu\u00e9m que sofreu as injusti\u00e7as desse mundo. Poucos entendem esse per\u00edodo de intensa dor como um processo de transforma\u00e7\u00e3o para que Jesus cumprisse sua miss\u00e3o divina.<\/p>\n<p>Jesus, nos seus \u00faltimos dias, viveu momentos de extrema ang\u00fastia, desespero e solid\u00e3o. Quando retirou-se ao monte para orar, convidou seus disc\u00edpulos para estarem com ele, mas estes acabaram adormecendo. A ang\u00fastia de Jesus era tamanha que ele suou sangue. Ele sabia o que o esperava: o enfrentamento da morte em si e todo o lado sombrio da vida, de maneira real e consciente, sem qualquer subterf\u00fagio, ilus\u00e3o ou anestesia.<\/p>\n<p>Foi entregue aos soldados romanos por um de seus companheiros, Judas. Pedro que, pouco antes, afirmou veementemente que nunca abandonaria o mestre, o negou tr\u00eas vezes. Foi julgado injustamente, torturado e humilhado publicamente. Escarnecido nos sentidos mais intr\u00ednsecos da sua f\u00e9: o coroam com espinhos.<\/p>\n<p>Jesus experienciou no corpo a dor visceral da tortura. Vivenciou na alma toda a perversidade de que o ser humano \u00e9 capaz. Sua solid\u00e3o era tamanha que, em agonia de morte, perguntou a Deus: <em>&#8220;Pai, por que me abandonaste?&#8221;<\/em><\/p>\n<p>Sua morte n\u00e3o encerra seu sofrimento, pois desceu ao inferno para enfrentar Satan\u00e1s.<\/p>\n<p>Antes de ressuscitar, ao terceiro dia, continuou no reino dos mortos.<\/p>\n<p>E, ent\u00e3o, ressuscitou como Deus. Cumpriu-se a promessa.<\/p>\n<p>Podemos olhar para a Paix\u00e3o de Cristo, n\u00e3o como expectadores de um drama ou com uma culpa crist\u00e3 que, muitas vezes, nos \u00e9 cultivada. Podemos, como Cristo, realizar a nossa pr\u00f3pria promessa: nos tornarmos o que nascemos para ser.<\/p>\n<p>Num momento em que nossa sociedade volta-se ao culto do &#8220;Pensamento Positivo&#8221; e que queremos acreditar que nosso desejo pode determinar os rumos do Universo, a vida de Jesus nos traz um paradigma diferente.<\/p>\n<p>Para que Jesus pudesse ser Deus, houve uma morte antes.<\/p>\n<p>Jung trouxe para a psicologia as imagens da Alquimia. A <a href=\"http:\/\/portalfloresnoar.com\/floresnoar\/imagens-da-depressao\/\">Nigredo<\/a> \u00e9 a fase alqu\u00edmica em que o elemento trabalhado morre e se decomp\u00f5e. Essa etapa \u00e9 tamb\u00e9m conhecida como &#8220;A noite escura da alma&#8221;.<\/p>\n<p>Na Nigredo, nos deparamos com as nossas sombras (aspectos nossos que recha\u00e7amos) e com as sombras coletivas tamb\u00e9m. \u00c9 como um abrir de olhos doloroso para o lado obscuro da vida.<\/p>\n<p>Esta fase n\u00e3o tem como n\u00e3o estar associada ao sofrimento, a conte\u00fados de morte e ao luto. Afinal, h\u00e1 a constata\u00e7\u00e3o de que nem eu, nem o mundo, somos t\u00e3o bons e iluminados como ach\u00e1vamos que f\u00f4ssemos.<\/p>\n<p>Dessa forma, vivemos dentro de n\u00f3s uma morte que muitas vezes sentimos como real &#8211; a Nigredo muitas vezes \u00e9 vivida como uma <a href=\"http:\/\/portalfloresnoar.com\/floresnoar\/imagens-da-depressao\/\">depress\u00e3o<\/a>.<\/p>\n<p>Mas, essa morte \u00e9 necess\u00e1ria para a transforma\u00e7\u00e3o. Nos damos conta do que em n\u00f3s precisamos nos despedir, deixar morrer.<\/p>\n<p><em>&#8220;Voc\u00ea n\u00e3o se torna iluminado imaginando figuras de luz, mas sim ao tornar a escurid\u00e3o consciente. Por\u00e9m, esse procedimento \u00e9 desagrad\u00e1vel, portando, n\u00e3o popular<\/em>.&#8221; C. G. Jung<\/p>\n<p>E ent\u00e3o, como um milagre, o Renascimento acontece.<\/p>\n<p>Acordamos para o que nascemos para ser.<\/p>\n<p>Jesus podia ter declinado da sua morte, mas n\u00e3o o fez, pois confiava em algo maior que ele.<\/p>\n<p><em>&#8220;Disse-lhes ent\u00e3o: &#8220;A minha alma est\u00e1 profundamente triste, numa tristeza mortal. Fiquem aqui e vigiem comigo&#8221;. Indo um pouco mais adiante, prostrou-se com o rosto em terra e orou: &#8220;Meu Pai, se for poss\u00edvel, afasta de mim este c\u00e1lice; contudo, n\u00e3o seja como eu quero, mas sim como tu queres&#8221;.<\/em>\u00a0&#8220;(Mateus 26: 38, 39)<\/p>\n<p>Viver o Cristo n\u00e3o \u00e9 para todos, assim como tornar-se si mesmo tamb\u00e9m n\u00e3o \u00e9.<\/p>\n<p>Como Bert Hellinger afirmou <em>&#8220;\u00c9 preciso abrir m\u00e3o do que queremos para recebermos o que realmente necessitamos.&#8221;<\/em><\/p>\n<p>\u00c9 preciso abrir m\u00e3o de parte de n\u00f3s mesmos para que a grande obra (a Opus) se realize.<\/p>\n<p>Minha mensagem de P\u00e1scoa \u00e9 que sigamos com f\u00e9 e esperan\u00e7a para que possamos viver o milagre dos nossos Renascimentos!<\/p>\n<p><em>* Juliana Florencio \u00e9 psic\u00f3loga, arteterapeuta e terapeuta do Jogo da Areia (em forma\u00e7\u00e3o). Atualmente mora na regi\u00e3o de Stuttgart, Alemanha, onde realiza seus atendimentos.<\/em><br \/>\n<em>Email:\u00a0<a href=\"mailto:juflorenciocs@gmail.com\" target=\"_blank\" rel=\"noopener\">juflorenciocs@gmail.com<\/a><\/em><\/p>\n","protected":false},"excerpt":{"rendered":"<p>|\u00a0Por Juliana Florencio*\u00a0| A P\u00e1scoa nos traz o tema da Morte e Ressurrei\u00e7\u00e3o de Jesus. Como diria Jung, poucos, dos que se consideram crist\u00e3os, entendem e vivenciam &#8220;as boas novas&#8221;. No caso da Paix\u00e3o de Cristo, a maioria recebe a mensagem como uma experi\u00eancia desconectada de si mesmo. Muitos assistem o sofrimento de Cristo, sua [&hellip;]<\/p>\n","protected":false},"author":302,"featured_media":35828,"comment_status":"open","ping_status":"open","sticky":false,"template":"","format":"standard","meta":{"om_disable_all_campaigns":false,"_monsterinsights_skip_tracking":false,"_monsterinsights_sitenote_active":false,"_monsterinsights_sitenote_note":"","_monsterinsights_sitenote_category":0,"footnotes":""},"categories":[579,220],"tags":[612,821,677,683],"acf":[],"publishpress_future_action":{"enabled":false,"date":"1969-12-31 21:00:00","action":"","terms":[],"taxonomy":"","browser_timezone_offset":0},"_links":{"self":[{"href":"https:\/\/portalfloresnoar.com\/floresnoar\/wp-json\/wp\/v2\/posts\/35822"}],"collection":[{"href":"https:\/\/portalfloresnoar.com\/floresnoar\/wp-json\/wp\/v2\/posts"}],"about":[{"href":"https:\/\/portalfloresnoar.com\/floresnoar\/wp-json\/wp\/v2\/types\/post"}],"author":[{"embeddable":true,"href":"https:\/\/portalfloresnoar.com\/floresnoar\/wp-json\/wp\/v2\/users\/302"}],"replies":[{"embeddable":true,"href":"https:\/\/portalfloresnoar.com\/floresnoar\/wp-json\/wp\/v2\/comments?post=35822"}],"version-history":[{"count":0,"href":"https:\/\/portalfloresnoar.com\/floresnoar\/wp-json\/wp\/v2\/posts\/35822\/revisions"}],"wp:featuredmedia":[{"embeddable":true,"href":"https:\/\/portalfloresnoar.com\/floresnoar\/wp-json\/wp\/v2\/media\/35828"}],"wp:attachment":[{"href":"https:\/\/portalfloresnoar.com\/floresnoar\/wp-json\/wp\/v2\/media?parent=35822"}],"wp:term":[{"taxonomy":"category","embeddable":true,"href":"https:\/\/portalfloresnoar.com\/floresnoar\/wp-json\/wp\/v2\/categories?post=35822"},{"taxonomy":"post_tag","embeddable":true,"href":"https:\/\/portalfloresnoar.com\/floresnoar\/wp-json\/wp\/v2\/tags?post=35822"}],"curies":[{"name":"wp","href":"https:\/\/api.w.org\/{rel}","templated":true}]}}