

{"id":35635,"date":"2019-04-09T12:00:18","date_gmt":"2019-04-09T15:00:18","guid":{"rendered":"http:\/\/portalfloresnoar.com\/floresnoar\/?p=35635"},"modified":"2019-04-26T11:11:26","modified_gmt":"2019-04-26T14:11:26","slug":"agenda-pe-curso-de-florais-da-amazonia-processos-terapeuticos-com-isabel-barse-dias-27-e-28-de-abril-no-recife","status":"publish","type":"post","link":"https:\/\/portalfloresnoar.com\/floresnoar\/agenda-pe-curso-de-florais-da-amazonia-processos-terapeuticos-com-isabel-barse-dias-27-e-28-de-abril-no-recife\/","title":{"rendered":"[AGENDA PE] Curso de &#8216;Florais da Amaz\u00f4nia &#8211; Processos Terap\u00eauticos&#8217;, com Isabel Bars\u00e9,  dias 27 e 28 de abril, no Recife"},"content":{"rendered":"<p>&nbsp;<\/p>\n<p><img decoding=\"async\" loading=\"lazy\" class=\"aligncenter wp-image-35638\" src=\"http:\/\/portalfloresnoar.com\/floresnoar\/wp-content\/uploads\/2019\/04\/curso-de-florais-amazonia-processos-terapeuticos.jpg\" alt=\"\" width=\"659\" height=\"947\" srcset=\"https:\/\/portalfloresnoar.com\/floresnoar\/wp-content\/uploads\/2019\/04\/curso-de-florais-amazonia-processos-terapeuticos.jpg 668w, https:\/\/portalfloresnoar.com\/floresnoar\/wp-content\/uploads\/2019\/04\/curso-de-florais-amazonia-processos-terapeuticos-209x300.jpg 209w, https:\/\/portalfloresnoar.com\/floresnoar\/wp-content\/uploads\/2019\/04\/curso-de-florais-amazonia-processos-terapeuticos-487x700.jpg 487w\" sizes=\"(max-width: 659px) 100vw, 659px\" \/> Nos dias 27 e 28 de abril de 2019, a co-sintonizadora do sistema Florais da Amaz\u00f4nia, Isabel Facchini Bars\u00e9, ministrar\u00e1 no Recife o curso &#8216;Processos Terap\u00eauticos&#8217;. O curso tem carga hor\u00e1ria de 16 horas e ser\u00e1 realizado no Espa\u00e7o TeSer, no bairro do Rosarinho.<\/p>\n<p>CONTE\u00daDO PROGRAM\u00c1TICO<br \/>\n<strong>Conte\u00fado Central:<\/strong><br \/>\n\u2606Foco nos processos terap\u00eauticos desencadeados a partir da intera\u00e7\u00e3o de campos de consci\u00eancia das flores e dos seres humanos.<\/p>\n<p><strong>Conte\u00fado espec\u00edfico:<\/strong><br \/>\n\u2606Explora\u00e7\u00e3o das experi\u00eancias terap\u00eauticas com o grupo de f\u00f3rmulas &#8216;Padr\u00f5es de Cura&#8217;;<br \/>\n\u2606Explora\u00e7\u00e3o dos temas:<br \/>\n\u2022n\u00edveis de manifesta\u00e7\u00e3o<br \/>\n\u2022padr\u00e3o negativo<br \/>\n\u2022diagn\u00f3stico<\/p>\n<p><em><strong>Obs.:<\/strong> O curso Processos Terap\u00eauticos faz parte da forma\u00e7\u00e3o terap\u00eautica. Embora n\u00e3o tenha pr\u00e9-requisito recomenda-se que o interessado j\u00e1 tenha cursado um dos cursos no n\u00edvel b\u00e1sico de Apresenta\u00e7\u00e3o do Sistema.<\/em><\/p>\n<p>DATA: 27 e 28 de Abril de 2019<br \/>\nHOR\u00c1RIO: 9h \u00e0s 18h<br \/>\nLOCAL: Espa\u00e7o TeSer &#8211; Av. Santos Dumont, 1084 Rosarinho Recife-PE<\/p>\n<p>CARGA HOR\u00c1RIA: 16 horas<\/p>\n<p>INVESTIMENTO:<br \/>\n\u25aa565,00 pagamento \u00e0 vista com desconto at\u00e9 a data 05\/04;<br \/>\n\u25aa595,00 pagamento \u00e0 vista (ap\u00f3s 05\/04);<br \/>\n\u25aa630,00 pagamento parcelado (o parcelamento pelo PagSeguro, acrescenta juros de acordo com a op\u00e7\u00e3o de n\u00famero de parcelas escolhida sobre o valor citado.<\/p>\n<p>INSCRI\u00c7\u00d5ES E MAIS INFORMA\u00c7\u00d5ES<br \/>\n<strong>Celular\/WhasApp:<\/strong> (81) 99975.9781 (Rayssa)<br \/>\n<strong>E-mail:<\/strong> floraisdaamazonia.recife@gmail.com<\/p>\n","protected":false},"excerpt":{"rendered":"<p>&nbsp; Nos dias 27 e 28 de abril de 2019, a co-sintonizadora do sistema Florais da Amaz\u00f4nia, Isabel Facchini Bars\u00e9, ministrar\u00e1 no Recife o curso &#8216;Processos Terap\u00eauticos&#8217;. O curso tem carga hor\u00e1ria de 16 horas e ser\u00e1 realizado no Espa\u00e7o TeSer, no bairro do Rosarinho. CONTE\u00daDO PROGRAM\u00c1TICO Conte\u00fado Central: \u2606Foco nos processos terap\u00eauticos desencadeados a [&hellip;]<\/p>\n","protected":false},"author":1,"featured_media":35636,"comment_status":"open","ping_status":"open","sticky":false,"template":"","format":"standard","meta":{"om_disable_all_campaigns":false,"_monsterinsights_skip_tracking":false,"_monsterinsights_sitenote_active":false,"_monsterinsights_sitenote_note":"","_monsterinsights_sitenote_category":0,"footnotes":""},"categories":[8,224,214],"tags":[167,569,435],"acf":[],"publishpress_future_action":{"enabled":false,"date":"1969-12-31 21:00:00","action":"","terms":[],"taxonomy":"","browser_timezone_offset":0},"_links":{"self":[{"href":"https:\/\/portalfloresnoar.com\/floresnoar\/wp-json\/wp\/v2\/posts\/35635"}],"collection":[{"href":"https:\/\/portalfloresnoar.com\/floresnoar\/wp-json\/wp\/v2\/posts"}],"about":[{"href":"https:\/\/portalfloresnoar.com\/floresnoar\/wp-json\/wp\/v2\/types\/post"}],"author":[{"embeddable":true,"href":"https:\/\/portalfloresnoar.com\/floresnoar\/wp-json\/wp\/v2\/users\/1"}],"replies":[{"embeddable":true,"href":"https:\/\/portalfloresnoar.com\/floresnoar\/wp-json\/wp\/v2\/comments?post=35635"}],"version-history":[{"count":0,"href":"https:\/\/portalfloresnoar.com\/floresnoar\/wp-json\/wp\/v2\/posts\/35635\/revisions"}],"wp:featuredmedia":[{"embeddable":true,"href":"https:\/\/portalfloresnoar.com\/floresnoar\/wp-json\/wp\/v2\/media\/35636"}],"wp:attachment":[{"href":"https:\/\/portalfloresnoar.com\/floresnoar\/wp-json\/wp\/v2\/media?parent=35635"}],"wp:term":[{"taxonomy":"category","embeddable":true,"href":"https:\/\/portalfloresnoar.com\/floresnoar\/wp-json\/wp\/v2\/categories?post=35635"},{"taxonomy":"post_tag","embeddable":true,"href":"https:\/\/portalfloresnoar.com\/floresnoar\/wp-json\/wp\/v2\/tags?post=35635"}],"curies":[{"name":"wp","href":"https:\/\/api.w.org\/{rel}","templated":true}]}}