

{"id":35631,"date":"2019-02-04T15:55:36","date_gmt":"2019-02-04T18:55:36","guid":{"rendered":"http:\/\/portalfloresnoar.com\/floresnoar\/?p=35631"},"modified":"2019-04-22T18:29:36","modified_gmt":"2019-04-22T21:29:36","slug":"agenda-pe-oficina-arteterapeutica-frida-animado-dia-204-no-recife","status":"publish","type":"post","link":"https:\/\/portalfloresnoar.com\/floresnoar\/agenda-pe-oficina-arteterapeutica-frida-animado-dia-204-no-recife\/","title":{"rendered":"[AGENDA PE] Oficina arteterap\u00eautica Frida Animado, dia 20\/4, no Recife"},"content":{"rendered":"<p><iframe loading=\"lazy\" style=\"border: none; overflow: hidden;\" src=\"https:\/\/www.facebook.com\/plugins\/video.php?href=https%3A%2F%2Fwww.facebook.com%2Ffloresnoar%2Fvideos%2F289023022024357%2F&amp;show_text=0&amp;width=560\" width=\"560\" height=\"315\" frameborder=\"0\" scrolling=\"no\" allowfullscreen=\"allowfullscreen\"><\/iframe><\/p>\n<p>As arteterapeutas Goretti Varella e Mariana Amorim facilitam no dia 20 de abril de 2019, a Oficina Frida Animado, uma\u00a0\u00a0viv\u00eancia em arteterapia atrav\u00e9s dos recursos expressivos do v\u00eddeo de anima\u00e7\u00e3o e da pintura, tendo como refer\u00eancia o processo criativo da artista mexicana Frida Kahlo.<\/p>\n<p>A viv\u00eancia ser\u00e1 realizada em contato direto com a natureza e os participantes ter\u00e3o a oportunidade de conhecer um pouco mais as t\u00e9cnicas de pintura e produzir seus pr\u00f3prios v\u00eddeos de anima\u00e7\u00e3o.<\/p>\n<p>FACILITADORAS<br \/>\n<strong>Goretti Varella\u00a0<\/strong> &#8211; arteterapeuta, arte-educadora, p\u00f3s graduanda em Psicologia Junguiana.<br \/>\n<strong>Mariana Amorim<\/strong> &#8211; arteterapeuta e psic\u00f3loga, mestre em Arteterapia pela UPV\/Espanha.<\/p>\n<p><strong>Local:<\/strong> P\u00e9 de Jambo Ateli\u00ea de Arteterapia Rua Diogo de Vasconcelos, 232, V\u00e1rzea, Recife (rua que d\u00e1 acesso \u00e0 Oficina Cer\u00e2mica Francisco Brennand)<br \/>\n<strong>Data:<\/strong> 20\/04\/2019 (s\u00e1bado)<br \/>\n<strong>Hor\u00e1rio:<\/strong> 9h \u00e0s 17h<\/p>\n<p><strong>Investimento:<\/strong> At\u00e9 05 de abril: R$ 120,00 |Ap\u00f3s 05 de abril: R$ 150,00<br \/>\n<em>Obs.: Aceita-se cart\u00e3o de cr\u00e9dito e d\u00e9bito (valor+taxa de gest\u00e3o do cart\u00e3o)<\/em><\/p>\n<p><strong>Mais informa\u00e7\u00f5es e inscri\u00e7\u00f5es:<\/strong><br \/>\n(81) 996196372 | 988446073<\/p>\n<p><img decoding=\"async\" loading=\"lazy\" class=\"aligncenter wp-image-35632\" src=\"http:\/\/portalfloresnoar.com\/floresnoar\/wp-content\/uploads\/2019\/04\/OFICINA-FRIDA-ANIMADO.jpg\" alt=\"\" width=\"647\" height=\"915\" srcset=\"https:\/\/portalfloresnoar.com\/floresnoar\/wp-content\/uploads\/2019\/04\/OFICINA-FRIDA-ANIMADO.jpg 679w, https:\/\/portalfloresnoar.com\/floresnoar\/wp-content\/uploads\/2019\/04\/OFICINA-FRIDA-ANIMADO-212x300.jpg 212w, https:\/\/portalfloresnoar.com\/floresnoar\/wp-content\/uploads\/2019\/04\/OFICINA-FRIDA-ANIMADO-495x700.jpg 495w\" sizes=\"(max-width: 647px) 100vw, 647px\" \/><\/p>\n","protected":false},"excerpt":{"rendered":"<p>As arteterapeutas Goretti Varella e Mariana Amorim facilitam no dia 20 de abril de 2019, a Oficina Frida Animado, uma\u00a0\u00a0viv\u00eancia em arteterapia atrav\u00e9s dos recursos expressivos do v\u00eddeo de anima\u00e7\u00e3o e da pintura, tendo como refer\u00eancia o processo criativo da artista mexicana Frida Kahlo. A viv\u00eancia ser\u00e1 realizada em contato direto com a natureza e [&hellip;]<\/p>\n","protected":false},"author":1,"featured_media":35633,"comment_status":"open","ping_status":"open","sticky":false,"template":"","format":"standard","meta":{"om_disable_all_campaigns":false,"_monsterinsights_skip_tracking":false,"_monsterinsights_sitenote_active":false,"_monsterinsights_sitenote_note":"","_monsterinsights_sitenote_category":0,"footnotes":""},"categories":[8,214],"tags":[87,34,63,304],"acf":[],"publishpress_future_action":{"enabled":false,"date":"1969-12-31 21:00:00","action":"","terms":[],"taxonomy":"","browser_timezone_offset":0},"_links":{"self":[{"href":"https:\/\/portalfloresnoar.com\/floresnoar\/wp-json\/wp\/v2\/posts\/35631"}],"collection":[{"href":"https:\/\/portalfloresnoar.com\/floresnoar\/wp-json\/wp\/v2\/posts"}],"about":[{"href":"https:\/\/portalfloresnoar.com\/floresnoar\/wp-json\/wp\/v2\/types\/post"}],"author":[{"embeddable":true,"href":"https:\/\/portalfloresnoar.com\/floresnoar\/wp-json\/wp\/v2\/users\/1"}],"replies":[{"embeddable":true,"href":"https:\/\/portalfloresnoar.com\/floresnoar\/wp-json\/wp\/v2\/comments?post=35631"}],"version-history":[{"count":0,"href":"https:\/\/portalfloresnoar.com\/floresnoar\/wp-json\/wp\/v2\/posts\/35631\/revisions"}],"wp:featuredmedia":[{"embeddable":true,"href":"https:\/\/portalfloresnoar.com\/floresnoar\/wp-json\/wp\/v2\/media\/35633"}],"wp:attachment":[{"href":"https:\/\/portalfloresnoar.com\/floresnoar\/wp-json\/wp\/v2\/media?parent=35631"}],"wp:term":[{"taxonomy":"category","embeddable":true,"href":"https:\/\/portalfloresnoar.com\/floresnoar\/wp-json\/wp\/v2\/categories?post=35631"},{"taxonomy":"post_tag","embeddable":true,"href":"https:\/\/portalfloresnoar.com\/floresnoar\/wp-json\/wp\/v2\/tags?post=35631"}],"curies":[{"name":"wp","href":"https:\/\/api.w.org\/{rel}","templated":true}]}}