

{"id":35621,"date":"2019-02-02T13:55:21","date_gmt":"2019-02-02T16:55:21","guid":{"rendered":"http:\/\/portalfloresnoar.com\/floresnoar\/?p=35621"},"modified":"2019-04-09T14:06:40","modified_gmt":"2019-04-09T17:06:40","slug":"agenda-pe-curso-de-reiki-nivel-1-dia-6-de-abril-no-espaco-gerar","status":"publish","type":"post","link":"https:\/\/portalfloresnoar.com\/floresnoar\/agenda-pe-curso-de-reiki-nivel-1-dia-6-de-abril-no-espaco-gerar\/","title":{"rendered":"[AGENDA PE] Curso de Reiki N\u00edvel 1 dia 6 de abril no Espa\u00e7o Gerar"},"content":{"rendered":"<p><img decoding=\"async\" loading=\"lazy\" class=\"wp-image-35623 alignleft\" src=\"http:\/\/portalfloresnoar.com\/floresnoar\/wp-content\/uploads\/2019\/04\/curso-de-reiki-espaco-gerar.jpeg\" alt=\"\" width=\"349\" height=\"197\" srcset=\"https:\/\/portalfloresnoar.com\/floresnoar\/wp-content\/uploads\/2019\/04\/curso-de-reiki-espaco-gerar.jpeg 853w, https:\/\/portalfloresnoar.com\/floresnoar\/wp-content\/uploads\/2019\/04\/curso-de-reiki-espaco-gerar-300x169.jpeg 300w, https:\/\/portalfloresnoar.com\/floresnoar\/wp-content\/uploads\/2019\/04\/curso-de-reiki-espaco-gerar-768x432.jpeg 768w, https:\/\/portalfloresnoar.com\/floresnoar\/wp-content\/uploads\/2019\/04\/curso-de-reiki-espaco-gerar-700x394.jpeg 700w\" sizes=\"(max-width: 349px) 100vw, 349px\" \/>No dia 6 de abril de 2019, a Master Reiki F\u00e1tima Nunes realiza no Espa\u00e7o Gerar, no Recife, o Curso de Introdu\u00e7\u00e3o ao Reiki N\u00edvel 1 \u2013 O Despertar. N\u00e3o h\u00e1 pr\u00e9-requisitos para participar.<\/p>\n<p>De origem oriental, o Reiki foi criado em 1922 pelo monge budista japon\u00eas Mikao Usui; Rei significa \u201cuniversal\u201d e Ki refere-se \u00e0 energia vital. O Reiki consiste na energia pulsante e inteligente do universo canalizada para transmitir ao receptor o est\u00edmulo necess\u00e1rio de autorregula\u00e7\u00e3o dos corpos f\u00edsico, sutil e astral. Na terapia Reiki o praticante reikiano, atrav\u00e9s da imposi\u00e7\u00e3o das suas m\u00e3os sobre o corpo do paciente, canaliza energia universal a fim de conectar a capacidade natural do corpo de se curar. Trata o Ser nos n\u00edveis f\u00edsico, emocional e energ\u00e9tico, facilitando processos de cura e manuten\u00e7\u00e3o da sa\u00fade.<\/p>\n<p>O Reiki \u00e9 uma terapia integrativa que proporciona relaxamento e bem-estar, alivia sintomas do stress, de dores cr\u00f4nicas, e favorece a energia de autocura do corpo e da mente. \u00c9 poss\u00edvel aprender as t\u00e9cnicas do Reiki a fim de aplicar nos seres vivos: humanos, plantas e animais podem ser beneficiados.<\/p>\n<p>Neste N\u00edvel 1 \u2013 O Despertar, o aluno tem o primeiro contato com a energia simples e eficiente do Reiki, atrav\u00e9s da inicia\u00e7\u00e3o e conex\u00e3o com a ferramenta. Torna-se, a partir da\u00ed, um canal para disponibilizar a energia C\u00f3smica Universal atrav\u00e9s das m\u00e3os. O aluno \u00e9 habilitado a aplicar a t\u00e9cnica no n\u00edvel f\u00edsico, destinando ao todos os seres, inclusive com auto-aplica\u00e7\u00e3o.<\/p>\n<p><strong>Curso Reiki N\u00edvel 1 \u2013 O Despertar<\/strong><br \/>\n<strong>Data:<\/strong>\u00a006\/04\/2019<br \/>\n<strong>Hor\u00e1rio:<\/strong>\u00a0Das 9h \u00e0s 17h<br \/>\n<strong>Local:<\/strong>\u00a0GERAR ARTETERAPIA E BEM-ESTAR &#8211; Rua Jorge de Albuquerque, 103, Casa Forte, Recife-PE.<br \/>\n<strong>Valor:<\/strong>\u00a0R$ 300,00 (consulte as formas de pagamento facilitado)<br \/>\n<em>Obs.: Valor diferenciado para quem deseja reciclar.<\/em><\/p>\n<p><em>Vagas limitadas!<\/em><\/p>\n<p><strong>Mais informa\u00e7\u00f5es e inscri\u00e7\u00f5es:<\/strong><br \/>\n(81) 9.9631-8668 | 9.8841-8711<\/p>\n<div class=\"fb-like-wrp\"><\/div>\n","protected":false},"excerpt":{"rendered":"<p>No dia 6 de abril de 2019, a Master Reiki F\u00e1tima Nunes realiza no Espa\u00e7o Gerar, no Recife, o Curso de Introdu\u00e7\u00e3o ao Reiki N\u00edvel 1 \u2013 O Despertar. N\u00e3o h\u00e1 pr\u00e9-requisitos para participar. De origem oriental, o Reiki foi criado em 1922 pelo monge budista japon\u00eas Mikao Usui; Rei significa \u201cuniversal\u201d e Ki refere-se [&hellip;]<\/p>\n","protected":false},"author":1,"featured_media":35623,"comment_status":"open","ping_status":"open","sticky":false,"template":"","format":"standard","meta":{"om_disable_all_campaigns":false,"_monsterinsights_skip_tracking":false,"_monsterinsights_sitenote_active":false,"_monsterinsights_sitenote_note":"","_monsterinsights_sitenote_category":0,"footnotes":""},"categories":[8,214],"tags":[167,37,638],"acf":[],"publishpress_future_action":{"enabled":false,"date":"1969-12-31 21:00:00","action":"","terms":[],"taxonomy":"","browser_timezone_offset":0},"_links":{"self":[{"href":"https:\/\/portalfloresnoar.com\/floresnoar\/wp-json\/wp\/v2\/posts\/35621"}],"collection":[{"href":"https:\/\/portalfloresnoar.com\/floresnoar\/wp-json\/wp\/v2\/posts"}],"about":[{"href":"https:\/\/portalfloresnoar.com\/floresnoar\/wp-json\/wp\/v2\/types\/post"}],"author":[{"embeddable":true,"href":"https:\/\/portalfloresnoar.com\/floresnoar\/wp-json\/wp\/v2\/users\/1"}],"replies":[{"embeddable":true,"href":"https:\/\/portalfloresnoar.com\/floresnoar\/wp-json\/wp\/v2\/comments?post=35621"}],"version-history":[{"count":0,"href":"https:\/\/portalfloresnoar.com\/floresnoar\/wp-json\/wp\/v2\/posts\/35621\/revisions"}],"wp:featuredmedia":[{"embeddable":true,"href":"https:\/\/portalfloresnoar.com\/floresnoar\/wp-json\/wp\/v2\/media\/35623"}],"wp:attachment":[{"href":"https:\/\/portalfloresnoar.com\/floresnoar\/wp-json\/wp\/v2\/media?parent=35621"}],"wp:term":[{"taxonomy":"category","embeddable":true,"href":"https:\/\/portalfloresnoar.com\/floresnoar\/wp-json\/wp\/v2\/categories?post=35621"},{"taxonomy":"post_tag","embeddable":true,"href":"https:\/\/portalfloresnoar.com\/floresnoar\/wp-json\/wp\/v2\/tags?post=35621"}],"curies":[{"name":"wp","href":"https:\/\/api.w.org\/{rel}","templated":true}]}}