

{"id":35611,"date":"2019-04-02T12:20:42","date_gmt":"2019-04-02T15:20:42","guid":{"rendered":"http:\/\/portalfloresnoar.com\/floresnoar\/?p=35611"},"modified":"2019-04-02T12:28:11","modified_gmt":"2019-04-02T15:28:11","slug":"agenda-pe-formacao-em-pesquisa-de-materiais-expressivos-no-espaco-gerar","status":"publish","type":"post","link":"https:\/\/portalfloresnoar.com\/floresnoar\/agenda-pe-formacao-em-pesquisa-de-materiais-expressivos-no-espaco-gerar\/","title":{"rendered":"[AGENDA PE] &#8216;Forma\u00e7\u00e3o em Pesquisa de Materiais Expressivos\u2019 no Espa\u00e7o Gerar"},"content":{"rendered":"<p><img decoding=\"async\" loading=\"lazy\" class=\"aligncenter wp-image-32555\" src=\"http:\/\/portalfloresnoar.com\/floresnoar\/wp-content\/uploads\/2018\/03\/curso-materiais-expressivos-gerar.jpg\" alt=\"\" width=\"650\" height=\"359\" srcset=\"https:\/\/portalfloresnoar.com\/floresnoar\/wp-content\/uploads\/2018\/03\/curso-materiais-expressivos-gerar.jpg 720w, https:\/\/portalfloresnoar.com\/floresnoar\/wp-content\/uploads\/2018\/03\/curso-materiais-expressivos-gerar-300x166.jpg 300w, https:\/\/portalfloresnoar.com\/floresnoar\/wp-content\/uploads\/2018\/03\/curso-materiais-expressivos-gerar-700x387.jpg 700w, https:\/\/portalfloresnoar.com\/floresnoar\/wp-content\/uploads\/2018\/03\/curso-materiais-expressivos-gerar-672x372.jpg 672w\" sizes=\"(max-width: 650px) 100vw, 650px\" \/><\/p>\n<p>O Gerar Arteterapia e Bem-Estar est\u00e1 realizando uma Forma\u00e7\u00e3o em Pesquisa de Materiais Expressivos. Ao todo s\u00e3o 12 m\u00f3dulos, com aulas mensais e encontros de supervis\u00e3o, sempre no \u00faltimo final de semana de cada m\u00eas (sexta \u00e0 noite e s\u00e1bado o dia todo). O curso tamb\u00e9m inclui duas horas de consultoria por m\u00f3dulo. No total, cada m\u00f3dulo possui carga hor\u00e1ria de 13 horas.<strong> \u00c9 poss\u00edvel cursar os m\u00f3dulos de forma independente!<\/strong><\/p>\n<p>No curso s\u00e3o experimentados diversos materiais expressivos, como: papel, tintas, tecidos, fios, linhas, materiais org\u00e2nicos, l\u00e1pis diversos, arames, colas, massa de modelar, glitter, carimbos, reciclados, barro, miniaturas, madeira e novas tecnologias, entre outros materiais.<\/p>\n<p>&#8220;Cada pessoa tem, em sua escolha t\u00e9cnica, uma rela\u00e7\u00e3o bem direta com os materiais que s\u00e3o o arcabou\u00e7o do seu fazer. Muitas vezes, o desejo e\/ou a necessidade de aprimorar seus conhecimentos torna-o um pesquisador permanente em suas atividades cotidianas. Numa ambi\u00eancia de rela\u00e7\u00e3o com os materiais expressivos, o ser pesquisador se apresenta no sujeito que demonstra uma busca cont\u00ednua de averigua\u00e7\u00e3o e di\u00e1logo com esses materiais e suas v\u00e1rias possibilidades. A proposta desse curso \u00e9 capacitar o participante no uso e conhecimento dos materiais expressivos pertinentes \u00e0 sua pr\u00e1tica, como instrumentos de trabalho e de cria\u00e7\u00e3o\/produ\u00e7\u00e3o&#8221;, explicam Leta Vasconcelos, Patr\u00edcia Mello e Enidja Acosta, coordenadoras da Forma\u00e7\u00e3o.<\/p>\n<p><strong>O curso \u00e9 composto por:<\/strong><\/p>\n<p><strong>LABORAT\u00d3RIO EXPERIMENTAL<\/strong>\u00a0&#8211; O foco desse percurso \u00e9 a pesquisa dos materiais expressivos tendo como objetivo ampliar o estudo e estimular o participante numa expedi\u00e7\u00e3o pelo reino das linguagens com cada material, t\u00e9cnicas utilizadas e seus desdobramentos.<\/p>\n<p>Em cada m\u00f3dulo temos a rela\u00e7\u00e3o entre pr\u00e1tica e teoria entrela\u00e7ada, apresentada atrav\u00e9s da experimenta\u00e7\u00e3o de no m\u00ednimo 8 t\u00e9cnicas com o material, registrando e incentivando novas possibilidades e o mergulho na investiga\u00e7\u00e3o individual.<\/p>\n<p><strong>SUPERVIS\u00c3O<\/strong>\u00a0&#8211; tem como objetivo contribuir com o aprofundamento do conhecimento dos materiais, atrav\u00e9s do compartilhamento do laborat\u00f3rio realizado pelos integrantes do grupo durante a pesquisa de campo e dos esclarecimentos de poss\u00edveis d\u00favidas relacionadas ao material proposto no m\u00f3dulo.<\/p>\n<p><strong>CONSULTORIA<\/strong>\u00a0&#8211; mensalmente acontecem as investiga\u00e7\u00f5es de campo em conjunto com o instrutor do m\u00f3dulo instrumentalizando o sujeito onde comprar, qual a melhor qualidade, de qual tipo, loja indicada&#8230; Saber desvendar e, ao mesmo tempo, enveredar pela geografia da cidade e se localizar fisicamente (ou at\u00e9 mesmo nos endere\u00e7os online), para ter o conhecimento desses lugares.<\/p>\n<p><strong>Objetivos espec\u00edficos da Forma\u00e7\u00e3o:<\/strong><\/p>\n<ul>\n<li>Incentivar pesquisas sobre os materiais expressivos atrav\u00e9s do laborat\u00f3rio experimental;<\/li>\n<li>Ampliar a autonomia sobre a investiga\u00e7\u00f5es de campo;<\/li>\n<li>Desenvolver atividades e projetos nas diversas \u00e1reas, tais como sa\u00fade, educa\u00e7\u00e3o, social (projetos culturais, caps, centros culturais);<\/li>\n<li>Construir um manual que garanta o registro t\u00e9cnico dos experimentos e seus desdobramentos.<\/li>\n<\/ul>\n<p><strong>CONFIRA OS PR\u00d3XIMOS M\u00d3DULOS<\/strong><br \/>\n* <strong>Abril<\/strong> &#8211; 27.04 &#8211; Material p\u00f3s consumo e madeira, com Romildo Roma<br \/>\n* <strong>Maio<\/strong> &#8211; 25. 05 &#8211; Novas tecnologias, com Ricardo Ruiz<br \/>\n* <strong>Junho<\/strong> &#8211; 20. 06 &#8211; Argila<br \/>\n*<strong> Julho<\/strong> &#8211; 27.07 &#8211; Miniaturas, colagens, imagens, com Paula Frassinetti<br \/>\n*<strong> Agosto<\/strong> &#8211; 31.08 &#8211; Papel, com Leta Vasconcelos<\/p>\n<p><strong>Mensalidade:<\/strong> R$ 300,00 (pagamento at\u00e9 o dia 05 de cada m\u00eas tem desconto, ficando por R$ 280,00)<br \/>\n<em>Obs.: O material para o laborat\u00f3rio j\u00e1 est\u00e1 incluso no valor da mensalidade.<\/em><\/p>\n<p><strong>Hor\u00e1rio:<\/strong><br \/>\nSexta, das 18h \u00e0s 21h &#8211; Supervis\u00e3o<br \/>\nS\u00e1bado, das 9h \u00e0s 13h e das 14h \u00e0s 18h &#8211; Laborat\u00f3rio<br \/>\nObs.: Tamb\u00e9m acontece 2h de consultoria por m\u00f3dulo<\/p>\n<p><strong>Local:<\/strong> GERAR ARTETERAPIA E BEM-ESTAR \u2013 Rua Jorge de Albuquerque, 103, Casa Forte, Recife-PE<\/p>\n<p>MAIS INFORMA\u00c7\u00d5ES E INSCRI\u00c7\u00d5ES:<br \/>\n<strong>Fone:<\/strong> (81) 3268-1749 | (81) 9.9760-6383 | (81) 9.9831-9292 (WhatsApp)<br \/>\n<strong>E-mail:<\/strong> gerararte@gmail.com<br \/>\n<a href=\"http:\/\/www.gerararteterapiaebemestar.com\/\" target=\"_blank\" rel=\"noopener\">http:\/\/www.gerararteterapiaebemestar.com\/<\/a><\/p>\n","protected":false},"excerpt":{"rendered":"<p>O Gerar Arteterapia e Bem-Estar est\u00e1 realizando uma Forma\u00e7\u00e3o em Pesquisa de Materiais Expressivos. Ao todo s\u00e3o 12 m\u00f3dulos, com aulas mensais e encontros de supervis\u00e3o, sempre no \u00faltimo final de semana de cada m\u00eas (sexta \u00e0 noite e s\u00e1bado o dia todo). O curso tamb\u00e9m inclui duas horas de consultoria por m\u00f3dulo. No total, [&hellip;]<\/p>\n","protected":false},"author":1,"featured_media":32555,"comment_status":"open","ping_status":"open","sticky":false,"template":"","format":"standard","meta":{"om_disable_all_campaigns":false,"_monsterinsights_skip_tracking":false,"_monsterinsights_sitenote_active":false,"_monsterinsights_sitenote_note":"","_monsterinsights_sitenote_category":0,"footnotes":""},"categories":[8,224,214],"tags":[34,167,672,673],"acf":[],"publishpress_future_action":{"enabled":false,"date":"1969-12-31 21:00:00","action":"","terms":[],"taxonomy":"","browser_timezone_offset":0},"_links":{"self":[{"href":"https:\/\/portalfloresnoar.com\/floresnoar\/wp-json\/wp\/v2\/posts\/35611"}],"collection":[{"href":"https:\/\/portalfloresnoar.com\/floresnoar\/wp-json\/wp\/v2\/posts"}],"about":[{"href":"https:\/\/portalfloresnoar.com\/floresnoar\/wp-json\/wp\/v2\/types\/post"}],"author":[{"embeddable":true,"href":"https:\/\/portalfloresnoar.com\/floresnoar\/wp-json\/wp\/v2\/users\/1"}],"replies":[{"embeddable":true,"href":"https:\/\/portalfloresnoar.com\/floresnoar\/wp-json\/wp\/v2\/comments?post=35611"}],"version-history":[{"count":0,"href":"https:\/\/portalfloresnoar.com\/floresnoar\/wp-json\/wp\/v2\/posts\/35611\/revisions"}],"wp:featuredmedia":[{"embeddable":true,"href":"https:\/\/portalfloresnoar.com\/floresnoar\/wp-json\/wp\/v2\/media\/32555"}],"wp:attachment":[{"href":"https:\/\/portalfloresnoar.com\/floresnoar\/wp-json\/wp\/v2\/media?parent=35611"}],"wp:term":[{"taxonomy":"category","embeddable":true,"href":"https:\/\/portalfloresnoar.com\/floresnoar\/wp-json\/wp\/v2\/categories?post=35611"},{"taxonomy":"post_tag","embeddable":true,"href":"https:\/\/portalfloresnoar.com\/floresnoar\/wp-json\/wp\/v2\/tags?post=35611"}],"curies":[{"name":"wp","href":"https:\/\/api.w.org\/{rel}","templated":true}]}}