

{"id":35607,"date":"2019-01-21T13:40:37","date_gmt":"2019-01-21T16:40:37","guid":{"rendered":"http:\/\/portalfloresnoar.com\/floresnoar\/?p=35607"},"modified":"2019-04-29T12:23:21","modified_gmt":"2019-04-29T15:23:21","slug":"agenda-pe-vivencia-expressiva-revelando-o-aspecto-sombrio-dia-274-no-recife","status":"publish","type":"post","link":"https:\/\/portalfloresnoar.com\/floresnoar\/agenda-pe-vivencia-expressiva-revelando-o-aspecto-sombrio-dia-274-no-recife\/","title":{"rendered":"[AGENDA PE] Viv\u00eancia expressiva &#8216;Revelando o Aspecto Sombrio&#8217;, dia 27\/4, no Recife"},"content":{"rendered":"<p><img decoding=\"async\" loading=\"lazy\" class=\"aligncenter wp-image-35609\" src=\"http:\/\/portalfloresnoar.com\/floresnoar\/wp-content\/uploads\/2019\/04\/ALQUIMIA-CRIATIVA.jpg\" alt=\"\" width=\"562\" height=\"420\" \/><\/p>\n<p style=\"text-align: right;\"><strong><em>&#8220;Todo mundo carrega uma sombra, e quanto menos ela est\u00e1 incorporada na vida consciente do indiv\u00edduo, mais obscura e densa ela \u00e9.&#8221;<\/em> <\/strong><em>(Jung)<\/em><\/p>\n<p>As psic\u00f3logas de abordagem Junguiana Joanna Ferr\u00e3o e\u00a0Pollyanna Pepeu facilitam no dia 27 de abril de 2019 mais um encontro do\u00a0projeto \u2018Alquimia Criativa: modalidades expressivas\u2019, desta vez com foco no tema:\u00a0&#8216;Revelando o Aspecto Sombrio&#8217;.\u00a0 O encontro ser\u00e1 das 14h \u00e0s 16h, no\u00a0Commune Terapias Integradas, localizado no bairro de Boa Viagem (Set\u00fabal), no Recife<\/p>\n<p>&#8220;A Psicologia Anal\u00edtica, proposta por Carl Jung, apresenta o arqu\u00e9tipo da sombra como representante do &#8216;lado sombrio&#8217;, que \u00e9 a parte que est\u00e1 enterrada nas camadas mais profundas do ser. Ele acredita que \u00e9 nosso trabalho na vida nos aceitar plenamente e integrar nossa &#8216;sombra&#8217; em nossa personalidade.\u00a0A viv\u00eancia \u00e9 um convite para pessoas que desejam entrar em contato com o aspecto sombrio, conhecer, dialogar e, atrav\u00e9s de experimenta\u00e7\u00f5es com materiais expressivos, trazer luz \u00e0 sombra e continuar o processo de integra\u00e7\u00e3o e autocuidado&#8221;, declaram as terapeutas.<\/p>\n<p>FACILITADORAS<br \/>\n<strong>Pollyanna Pepeu D. de Freitas<\/strong> \u2013 Psic\u00f3loga (CRP 02\/11.038), Arteterapeuta (ARTE-PE 089\/0114), com especializa\u00e7\u00e3o em Psicologia Anal\u00edtica, Psicopedagogia e Orienta\u00e7\u00e3o Profissional.<\/p>\n<p><strong>Joanna Ferr\u00e3o<\/strong> \u2013 Psic\u00f3loga (CRP 02\/18397), especialista em Psicologia Anal\u00edtica, Arteterapeuta (ARTE-PE: 134\/0818) e co-fundadora da Egr\u00e9gora.<\/p>\n<p><strong>Data:<\/strong> 27\/04\/2019 (s\u00e1bado)<br \/>\n<strong>Hor\u00e1rio:<\/strong> 14h \u00e0s 16h<br \/>\n<strong>Local:<\/strong> Commune Terapias Integradas \u2013 Rua Capit\u00e3o Zuzinha, 160-A, Boa Viagem, Recife\/PE<br \/>\n<strong>P\u00fablico-alvo:<\/strong> Pessoas interessadas no tema e na experimenta\u00e7\u00e3o de materiais expressivos<br \/>\n<strong>Valor:<\/strong> R$ 70,00<br \/>\n<em>Obs.: Ser\u00e1 fornecido certificado!<\/em><\/p>\n<p>INSCRI\u00c7\u00d5ES E MAIS INFORMA\u00c7\u00d5ES:<br \/>\n98891.3357 (Pollyanna Peppeu)<br \/>\n988692238 (Joanna Ferr\u00e3o)<\/p>\n","protected":false},"excerpt":{"rendered":"<p>&#8220;Todo mundo carrega uma sombra, e quanto menos ela est\u00e1 incorporada na vida consciente do indiv\u00edduo, mais obscura e densa ela \u00e9.&#8221; (Jung) As psic\u00f3logas de abordagem Junguiana Joanna Ferr\u00e3o e\u00a0Pollyanna Pepeu facilitam no dia 27 de abril de 2019 mais um encontro do\u00a0projeto \u2018Alquimia Criativa: modalidades expressivas\u2019, desta vez com foco no tema:\u00a0&#8216;Revelando o [&hellip;]<\/p>\n","protected":false},"author":1,"featured_media":0,"comment_status":"open","ping_status":"open","sticky":false,"template":"","format":"standard","meta":{"om_disable_all_campaigns":false,"_monsterinsights_skip_tracking":false,"_monsterinsights_sitenote_active":false,"_monsterinsights_sitenote_note":"","_monsterinsights_sitenote_category":0,"footnotes":""},"categories":[8,214],"tags":[34,812,672,60,673,813,304],"acf":[],"publishpress_future_action":{"enabled":false,"date":"1969-12-31 21:00:00","action":"","terms":[],"taxonomy":"","browser_timezone_offset":0},"_links":{"self":[{"href":"https:\/\/portalfloresnoar.com\/floresnoar\/wp-json\/wp\/v2\/posts\/35607"}],"collection":[{"href":"https:\/\/portalfloresnoar.com\/floresnoar\/wp-json\/wp\/v2\/posts"}],"about":[{"href":"https:\/\/portalfloresnoar.com\/floresnoar\/wp-json\/wp\/v2\/types\/post"}],"author":[{"embeddable":true,"href":"https:\/\/portalfloresnoar.com\/floresnoar\/wp-json\/wp\/v2\/users\/1"}],"replies":[{"embeddable":true,"href":"https:\/\/portalfloresnoar.com\/floresnoar\/wp-json\/wp\/v2\/comments?post=35607"}],"version-history":[{"count":0,"href":"https:\/\/portalfloresnoar.com\/floresnoar\/wp-json\/wp\/v2\/posts\/35607\/revisions"}],"wp:attachment":[{"href":"https:\/\/portalfloresnoar.com\/floresnoar\/wp-json\/wp\/v2\/media?parent=35607"}],"wp:term":[{"taxonomy":"category","embeddable":true,"href":"https:\/\/portalfloresnoar.com\/floresnoar\/wp-json\/wp\/v2\/categories?post=35607"},{"taxonomy":"post_tag","embeddable":true,"href":"https:\/\/portalfloresnoar.com\/floresnoar\/wp-json\/wp\/v2\/tags?post=35607"}],"curies":[{"name":"wp","href":"https:\/\/api.w.org\/{rel}","templated":true}]}}