

{"id":35536,"date":"2019-03-20T18:58:13","date_gmt":"2019-03-20T21:58:13","guid":{"rendered":"http:\/\/portalfloresnoar.com\/floresnoar\/?p=35536"},"modified":"2022-03-04T11:18:49","modified_gmt":"2022-03-04T14:18:49","slug":"estudos-astrologicos-novo-ano-astrologico-tem-marte-como-regente","status":"publish","type":"post","link":"https:\/\/portalfloresnoar.com\/floresnoar\/estudos-astrologicos-novo-ano-astrologico-tem-marte-como-regente\/","title":{"rendered":"[ARTIGO] Novo Ano Astrol\u00f3gico tem Marte como regente"},"content":{"rendered":"<figure id=\"attachment_35538\" aria-describedby=\"caption-attachment-35538\" style=\"width: 670px\" class=\"wp-caption aligncenter\"><img decoding=\"async\" loading=\"lazy\" class=\"wp-image-35538 \" src=\"http:\/\/portalfloresnoar.com\/floresnoar\/wp-content\/uploads\/2019\/03\/novo-ano-astrologico.jpg\" alt=\"\" width=\"670\" height=\"502\" srcset=\"https:\/\/portalfloresnoar.com\/floresnoar\/wp-content\/uploads\/2019\/03\/novo-ano-astrologico.jpg 670w, https:\/\/portalfloresnoar.com\/floresnoar\/wp-content\/uploads\/2019\/03\/novo-ano-astrologico-300x225.jpg 300w, https:\/\/portalfloresnoar.com\/floresnoar\/wp-content\/uploads\/2019\/03\/novo-ano-astrologico-160x120.jpg 160w\" sizes=\"(max-width: 670px) 100vw, 670px\" \/><figcaption id=\"caption-attachment-35538\" class=\"wp-caption-text\">C\u00e9u e Mar do Recife. Foto: Lu Rabelo | Flores no Ar<\/figcaption><\/figure>\n<p>| Da Reda\u00e7\u00e3o do Portal Flores no Ar |<\/p>\n<p>A entrada do Sol no signo de \u00c1ries, \u00e0s 18h58&#8242;, deste dia 20 de mar\u00e7o de 2019, marca o Equin\u00f3cio de Outono c\u00e1 no Hemisf\u00e9rio Sul, e tamb\u00e9m o in\u00edcio do Novo Ano Astrol\u00f3gico. E este come\u00e7o de ciclo ainda est\u00e1 sendo brindado pela Lua Cheia em Libra, que acontece \u00e0s 22h41.<\/p>\n<p>O ano ser\u00e1 regido pelo planeta Marte. Segundo a astr\u00f3loga D\u00e9bora Mechica, do <a href=\"https:\/\/www.youtube.com\/channel\/UCpr-5UMRg5LdZzsUsTKwbSw\" target=\"_blank\" rel=\"noopener\">canal Encontros Astrol\u00f3gicos<\/a> , \u00e9 um ciclo onde devemos acionar o nosso Guerreiro Interior, o nosso Poder Pessoal, e encarar as coisas com vontade.<\/p>\n<p>A astr\u00f3loga lembra, ainda, que Urano, rec\u00e9m entrado em Touro, vai remexer com estruturas que n\u00e3o est\u00e3o firmes e Marte (tamb\u00e9m em Touro no mapa do ano novo astrol\u00f3gico) impulsiona para lutar pelo que nos \u00e9 importante. \u201cO que n\u00e3o \u00e9 verdadeiro vai cair\u201d, diz D\u00e9bora.<\/p>\n<p>\u00c9 hora de agir, de forma mais consciente, olhando pra dentro e ressiginificando valores e cren\u00e7as. \u00c9 um ano que nos desafia a encontrar nosso equil\u00edbrio.<\/p>\n<p>A astr\u00f3loga Devaki, do<a href=\"https:\/\/www.youtube.com\/channel\/UCofAgIS_ME0sroXLlyJPuaA\" target=\"_blank\" rel=\"noopener\"> canal Astrologia Vivencial<\/a>,\u00a0 lembra que Merc\u00fario est\u00e1 retr\u00f3grado em Peixes, nos convocando a assumir a responsabilidade (chega de vitimismo!) e tomar as r\u00e9deas da pr\u00f3pria vida.<\/p>\n<p>V\u00eanus (em Aqu\u00e1rio) num aspecto tenso de quadratura com Marte (em Touro) nos convida a nos libertar dos apegos. J\u00fapiter (em Sagit\u00e1rio) conversando de forma harm\u00f4nica com V\u00eanus ajuda-nos a abandonar o que nos prende.<\/p>\n<p>De acordo com o canal <a href=\"https:\/\/www.youtube.com\/channel\/UCeLwbR8Uyjef6BB7TOePsUw\" target=\"_blank\" rel=\"noopener\">Astrothon<\/a>, a Lua estar\u00e1 em Virgem, na Casa 12, nos questionando: \u201cComo anda o nosso SERVIR?\u201d \u2022<\/p>\n<p>O ascendente do mapa do ano novo \u00e9 Libra. O astr\u00f3logo <a href=\"https:\/\/www.youtube.com\/channel\/UCaVYUL6xzCABsf--40Mg-7Q\" target=\"_blank\" rel=\"noopener\">Andr\u00e9 Alquimista<\/a> diz que a posi\u00e7\u00e3o alerta para a necessidade de diplomacia. &#8220;Cuidado para n\u00e3o ficar em cima do muro, principalmente na situa\u00e7\u00e3o pol\u00edtica.&#8221; \u2022<\/p>\n<p>Sobre a Lua cheia em Libra, que ocorre momentos depois do in\u00edcio do ano novo, D\u00e9bora Mechica provoca a seguinte reflex\u00e3o: \u201cO que \u00e9 importante equilibrar, trazer harmonia, apaziguar dentro da gente?\u201d \u2022<\/p>\n<p>O Flores no Ar deseja que neste novo ciclo o Amor e a Verdade guiem todos n\u00f3s, nos n\u00edveis pessoal, nacional, global e c\u00f3smico!<\/p>\n","protected":false},"excerpt":{"rendered":"<p>| Da Reda\u00e7\u00e3o do Portal Flores no Ar | A entrada do Sol no signo de \u00c1ries, \u00e0s 18h58&#8242;, deste dia 20 de mar\u00e7o de 2019, marca o Equin\u00f3cio de Outono c\u00e1 no Hemisf\u00e9rio Sul, e tamb\u00e9m o in\u00edcio do Novo Ano Astrol\u00f3gico. E este come\u00e7o de ciclo ainda est\u00e1 sendo brindado pela Lua Cheia [&hellip;]<\/p>\n","protected":false},"author":1,"featured_media":35537,"comment_status":"open","ping_status":"open","sticky":false,"template":"","format":"standard","meta":{"om_disable_all_campaigns":false,"_monsterinsights_skip_tracking":false,"_monsterinsights_sitenote_active":false,"_monsterinsights_sitenote_note":"","_monsterinsights_sitenote_category":0,"footnotes":""},"categories":[10],"tags":[388,1122,18,1123],"acf":[],"publishpress_future_action":{"enabled":false,"date":"1969-12-31 21:00:00","action":"","terms":[],"taxonomy":"","browser_timezone_offset":0},"_links":{"self":[{"href":"https:\/\/portalfloresnoar.com\/floresnoar\/wp-json\/wp\/v2\/posts\/35536"}],"collection":[{"href":"https:\/\/portalfloresnoar.com\/floresnoar\/wp-json\/wp\/v2\/posts"}],"about":[{"href":"https:\/\/portalfloresnoar.com\/floresnoar\/wp-json\/wp\/v2\/types\/post"}],"author":[{"embeddable":true,"href":"https:\/\/portalfloresnoar.com\/floresnoar\/wp-json\/wp\/v2\/users\/1"}],"replies":[{"embeddable":true,"href":"https:\/\/portalfloresnoar.com\/floresnoar\/wp-json\/wp\/v2\/comments?post=35536"}],"version-history":[{"count":0,"href":"https:\/\/portalfloresnoar.com\/floresnoar\/wp-json\/wp\/v2\/posts\/35536\/revisions"}],"wp:featuredmedia":[{"embeddable":true,"href":"https:\/\/portalfloresnoar.com\/floresnoar\/wp-json\/wp\/v2\/media\/35537"}],"wp:attachment":[{"href":"https:\/\/portalfloresnoar.com\/floresnoar\/wp-json\/wp\/v2\/media?parent=35536"}],"wp:term":[{"taxonomy":"category","embeddable":true,"href":"https:\/\/portalfloresnoar.com\/floresnoar\/wp-json\/wp\/v2\/categories?post=35536"},{"taxonomy":"post_tag","embeddable":true,"href":"https:\/\/portalfloresnoar.com\/floresnoar\/wp-json\/wp\/v2\/tags?post=35536"}],"curies":[{"name":"wp","href":"https:\/\/api.w.org\/{rel}","templated":true}]}}