

{"id":35508,"date":"2019-03-25T14:20:17","date_gmt":"2019-03-25T17:20:17","guid":{"rendered":"http:\/\/portalfloresnoar.com\/floresnoar\/?p=35508"},"modified":"2019-03-25T14:21:19","modified_gmt":"2019-03-25T17:21:19","slug":"agenda-pe-yoga-com-historias-da-tv-ra-tim-bum-realiza-evento-no-recife-no-dia-134","status":"publish","type":"post","link":"https:\/\/portalfloresnoar.com\/floresnoar\/agenda-pe-yoga-com-historias-da-tv-ra-tim-bum-realiza-evento-no-recife-no-dia-134\/","title":{"rendered":"[AGENDA PE] Yoga Com Hist\u00f3rias, da TV R\u00e1-Tim-Bum, realiza evento no Recife no dia 13\/4"},"content":{"rendered":"<p><img decoding=\"async\" loading=\"lazy\" class=\"aligncenter wp-image-35509\" src=\"http:\/\/portalfloresnoar.com\/floresnoar\/wp-content\/uploads\/2019\/03\/JOAOROSA.jpg\" alt=\"\" width=\"632\" height=\"420\" srcset=\"https:\/\/portalfloresnoar.com\/floresnoar\/wp-content\/uploads\/2019\/03\/JOAOROSA.jpg 720w, https:\/\/portalfloresnoar.com\/floresnoar\/wp-content\/uploads\/2019\/03\/JOAOROSA-300x200.jpg 300w, https:\/\/portalfloresnoar.com\/floresnoar\/wp-content\/uploads\/2019\/03\/JOAOROSA-700x466.jpg 700w\" sizes=\"(max-width: 632px) 100vw, 632px\" \/><\/p>\n<p>Sucesso absoluto entre crian\u00e7as e adolescentes, os criadores do programa Yoga Com Hist\u00f3rias, da TV R\u00e1-Tim-Bum e exibido pela TV Cultura, Jo\u00e3o Soares e Rosa Muniz, desembarcam no Recife dia 13 de abril, no Caf\u00e9 Vicalli, em Boa Viagem. A convite do Mindhappiness \u2013 Centro de Desenvolvimento Socioemocional Infantil, a proposta \u00e9 oferecer um dia repleto de hist\u00f3rias e autoconhecimento para os pequenos e suas fam\u00edlias. Para isso, foram divididos dois turnos: manh\u00e3 (10h \u00e0s 12h), para crian\u00e7as entre 3 e 7 anos; e \u00e0 tarde (15h \u00e0s 17h), para crian\u00e7as de 8 a 12 anos.<\/p>\n<p>As aulas s\u00e3o elaboradas de forma l\u00fadica e que, por meio de hist\u00f3rias, contos e brincadeiras, estimulam pontos importantes do yoga, como valores, posturas, exerc\u00edcios respirat\u00f3rios e relaxamento. Al\u00e9m de proporcionar todos os benef\u00edcios f\u00edsicos, mentais e emocionais j\u00e1 conhecidos do yoga, este \u00e9 um momento significativo, especialmente elaborado para a crian\u00e7a que pratica se divertindo, aprendendo e desenvolvendo suas melhores habilidades.<\/p>\n<p>O adulto tamb\u00e9m se beneficia muito com o l\u00fadico, com as hist\u00f3rias e com o brincar. Por isso, as aulas n\u00e3o s\u00e3o s\u00f3 para crian\u00e7as e seus pais, mas tamb\u00e9m para adultos em geral, com muita ludicidade, mas sem perder a import\u00e2ncia da ess\u00eancia do yoga e de sua pr\u00e1tica.<\/p>\n<p>Jo\u00e3o Soares e Rosa Muniz ministram aulas de yoga para crian\u00e7as h\u00e1 24 anos e desenvolvem um rico trabalho de pesquisa sobre o universo infantil. A associa\u00e7\u00e3o destas duas pr\u00e1ticas resultou na metodologia hoje conhecida como Yoga com Hist\u00f3rias. Autores dos livros: Yoga com os Bichos 1 e 2, do CD Relaxamentos Para Crian\u00e7as com Hist\u00f3rias da \u00cdndia, do livro e DVD O Pequeno Yogue que encarou o monstro, dentre outras obras.<\/p>\n<p>SERVI\u00c7O<br \/>\n<strong>Yoga Com Hist\u00f3rias \u2013 Jo\u00e3o Soares e Rosa Muniz<\/strong><br \/>\n<strong>Data:<\/strong> 13\/04\/2019<br \/>\n<strong>Local:<\/strong> Caf\u00e9 Vicalli \u2013 Rua Maria Carolina, 574 \u2013 Boa Viagem \u2013 Recife<br \/>\n<strong>Hor\u00e1rio:<\/strong> 10h \u00e0s 12h (turmas de 3 a 7 anos) e das 15h \u00e0s 17h (turmas de 8 a 12 anos)<br \/>\n<strong>Investimento:<\/strong> R$120,00 (crian\u00e7a + acompanhante)<\/p>\n<p><strong>Inscri\u00e7\u00f5es:<\/strong>\u00a0<a href=\"https:\/\/mindhappiness.com.br\/evento\/yoga-para-pais-e-filhos\/\" target=\"_blank\" rel=\"noopener\">https:\/\/mindhappiness.com.br\/evento\/yoga-para-pais-e-filhos\/<\/a><\/p>\n<p><strong>Mais informa\u00e7\u00f5es:<\/strong> (81) 99877.7383 (Cristina Klein)<\/p>\n<p><strong>Canal no Youtube:\u00a0<\/strong><a href=\"https:\/\/www.youtube.com\/channel\/UCHcJTLeBoWgSqWHdcMYSO9g\" target=\"_blank\" rel=\"noopener\">https:\/\/www.youtube.com\/channel\/UCHcJTLeBoWgSqWHdcMYSO9g<\/a><\/p>\n","protected":false},"excerpt":{"rendered":"<p>Sucesso absoluto entre crian\u00e7as e adolescentes, os criadores do programa Yoga Com Hist\u00f3rias, da TV R\u00e1-Tim-Bum e exibido pela TV Cultura, Jo\u00e3o Soares e Rosa Muniz, desembarcam no Recife dia 13 de abril, no Caf\u00e9 Vicalli, em Boa Viagem. A convite do Mindhappiness \u2013 Centro de Desenvolvimento Socioemocional Infantil, a proposta \u00e9 oferecer um dia [&hellip;]<\/p>\n","protected":false},"author":1,"featured_media":35510,"comment_status":"open","ping_status":"open","sticky":false,"template":"","format":"standard","meta":{"om_disable_all_campaigns":false,"_monsterinsights_skip_tracking":false,"_monsterinsights_sitenote_active":false,"_monsterinsights_sitenote_note":"","_monsterinsights_sitenote_category":0,"footnotes":""},"categories":[8,224,214],"tags":[369,223,295,111,21],"acf":[],"publishpress_future_action":{"enabled":false,"date":"1969-12-31 21:00:00","action":"","terms":[],"taxonomy":"","browser_timezone_offset":0},"_links":{"self":[{"href":"https:\/\/portalfloresnoar.com\/floresnoar\/wp-json\/wp\/v2\/posts\/35508"}],"collection":[{"href":"https:\/\/portalfloresnoar.com\/floresnoar\/wp-json\/wp\/v2\/posts"}],"about":[{"href":"https:\/\/portalfloresnoar.com\/floresnoar\/wp-json\/wp\/v2\/types\/post"}],"author":[{"embeddable":true,"href":"https:\/\/portalfloresnoar.com\/floresnoar\/wp-json\/wp\/v2\/users\/1"}],"replies":[{"embeddable":true,"href":"https:\/\/portalfloresnoar.com\/floresnoar\/wp-json\/wp\/v2\/comments?post=35508"}],"version-history":[{"count":0,"href":"https:\/\/portalfloresnoar.com\/floresnoar\/wp-json\/wp\/v2\/posts\/35508\/revisions"}],"wp:featuredmedia":[{"embeddable":true,"href":"https:\/\/portalfloresnoar.com\/floresnoar\/wp-json\/wp\/v2\/media\/35510"}],"wp:attachment":[{"href":"https:\/\/portalfloresnoar.com\/floresnoar\/wp-json\/wp\/v2\/media?parent=35508"}],"wp:term":[{"taxonomy":"category","embeddable":true,"href":"https:\/\/portalfloresnoar.com\/floresnoar\/wp-json\/wp\/v2\/categories?post=35508"},{"taxonomy":"post_tag","embeddable":true,"href":"https:\/\/portalfloresnoar.com\/floresnoar\/wp-json\/wp\/v2\/tags?post=35508"}],"curies":[{"name":"wp","href":"https:\/\/api.w.org\/{rel}","templated":true}]}}