

{"id":35437,"date":"2019-01-09T07:26:48","date_gmt":"2019-01-09T10:26:48","guid":{"rendered":"http:\/\/portalfloresnoar.com\/floresnoar\/?p=35437"},"modified":"2019-03-17T09:09:49","modified_gmt":"2019-03-17T12:09:49","slug":"agenda-pe-curso-de-access-facelift-dia-17-de-marco-no-recifepe","status":"publish","type":"post","link":"https:\/\/portalfloresnoar.com\/floresnoar\/agenda-pe-curso-de-access-facelift-dia-17-de-marco-no-recifepe\/","title":{"rendered":"[AGENDA PE] Curso de Access Facelift, dia 17 de mar\u00e7o, no Recife\/PE"},"content":{"rendered":"<p><img decoding=\"async\" loading=\"lazy\" class=\"aligncenter wp-image-35439\" src=\"http:\/\/portalfloresnoar.com\/floresnoar\/wp-content\/uploads\/2019\/03\/CURSO-FACELIFT.jpg\" alt=\"\" width=\"611\" height=\"763\" srcset=\"https:\/\/portalfloresnoar.com\/floresnoar\/wp-content\/uploads\/2019\/03\/CURSO-FACELIFT.jpg 690w, https:\/\/portalfloresnoar.com\/floresnoar\/wp-content\/uploads\/2019\/03\/CURSO-FACELIFT-240x300.jpg 240w, https:\/\/portalfloresnoar.com\/floresnoar\/wp-content\/uploads\/2019\/03\/CURSO-FACELIFT-560x700.jpg 560w\" sizes=\"(max-width: 611px) 100vw, 611px\" \/><\/p>\n<p>A facilitadora certificada Arady Aguiar ministra no dia 17 de mar\u00e7o de 2019, no Recife, o Curso de Access Facelif. O curso acontece na Casa do Saber Pir\u00e2mide, no Derby, das 9h \u00e0s 19h.<\/p>\n<p>Facelift \u00e9 um processo energ\u00e9tico que potencia o rejuvenescimento de rosto e corpo sem cirurgias, inje\u00e7\u00f5es ou medica\u00e7\u00e3o. &#8220;O curso \u00e9 ideal para quem procura um processo de rejuvenescimento que combine o trabalho interior com o equil\u00edbrio f\u00edsico&#8221;, declara Arady.<\/p>\n<p><em><strong>Ap\u00f3s cada sess\u00e3o de Facelift, podem ser sentidos os seguintes benef\u00edcios:<\/strong><\/em><br \/>\n<em>\u2705 Uma sensa\u00e7\u00e3o de relaxamento e leveza fant\u00e1stica, notoriamente na sua express\u00e3o facial<\/em><br \/>\n<em> \u2705 A pele do rosto mais luminosa, macia e com maior vigor<\/em><br \/>\n<em> \u2705 Maior energia e vitalidade no corpo<\/em><br \/>\n<em> \u2705 Redu\u00e7\u00e3o de rugas, linhas e incha\u00e7os<\/em><br \/>\n<em> \u2705 Os maxilares, as sobrancelhas, o pesco\u00e7o, os seios e o corpo em geral mais levantados e firmes.<\/em><br \/>\n<em> \u2705 Redu\u00e7\u00e3o da pigmenta\u00e7\u00e3o da pele<\/em><br \/>\n<em> \u2705 Limpeza de zonas inflamadas, irritadas e manchadas da pele do rosto.<\/em><br \/>\n<em> \u2705 Melhoria da vis\u00e3o<\/em><br \/>\n<em> \u2705 Maior clareza mental<\/em><\/p>\n<p>SERVI\u00c7O<br \/>\n<strong>Curso de Access Facelift<\/strong><br \/>\n<strong>Data:<\/strong> 17 de mar\u00e7o de 2019 (domingo)<br \/>\n<strong>Hora:<\/strong> das 9h \u00e0s 19h<br \/>\n<strong>Local:<\/strong> Casa do Saber Pir\u00e2mide &#8211; Rua Viscondessa do Livramento, 198, Derby, Recife\/PE<\/p>\n<p><strong>Investimento:<\/strong> R$ 900,00<\/p>\n<p><strong>Inscri\u00e7\u00f5es:<\/strong>\u00a0<a href=\"http:\/\/quocientedeexpansao.com\/facelift-recife\" target=\"_blank\" rel=\"noopener\">http:\/\/quocientedeexpansao.com\/facelift-recife<\/a><br \/>\n.<br \/>\n<strong>Mais informa\u00e7\u00f5es:<\/strong> (85) 9.9995.4130<\/p>\n","protected":false},"excerpt":{"rendered":"<p>A facilitadora certificada Arady Aguiar ministra no dia 17 de mar\u00e7o de 2019, no Recife, o Curso de Access Facelif. O curso acontece na Casa do Saber Pir\u00e2mide, no Derby, das 9h \u00e0s 19h. Facelift \u00e9 um processo energ\u00e9tico que potencia o rejuvenescimento de rosto e corpo sem cirurgias, inje\u00e7\u00f5es ou medica\u00e7\u00e3o. &#8220;O curso \u00e9 [&hellip;]<\/p>\n","protected":false},"author":1,"featured_media":35438,"comment_status":"open","ping_status":"open","sticky":false,"template":"","format":"standard","meta":{"om_disable_all_campaigns":false,"_monsterinsights_skip_tracking":false,"_monsterinsights_sitenote_active":false,"_monsterinsights_sitenote_note":"","_monsterinsights_sitenote_category":0,"footnotes":""},"categories":[8,214],"tags":[167,689,260,642],"acf":[],"publishpress_future_action":{"enabled":false,"date":"1969-12-31 21:00:00","action":"","terms":[],"taxonomy":"","browser_timezone_offset":0},"_links":{"self":[{"href":"https:\/\/portalfloresnoar.com\/floresnoar\/wp-json\/wp\/v2\/posts\/35437"}],"collection":[{"href":"https:\/\/portalfloresnoar.com\/floresnoar\/wp-json\/wp\/v2\/posts"}],"about":[{"href":"https:\/\/portalfloresnoar.com\/floresnoar\/wp-json\/wp\/v2\/types\/post"}],"author":[{"embeddable":true,"href":"https:\/\/portalfloresnoar.com\/floresnoar\/wp-json\/wp\/v2\/users\/1"}],"replies":[{"embeddable":true,"href":"https:\/\/portalfloresnoar.com\/floresnoar\/wp-json\/wp\/v2\/comments?post=35437"}],"version-history":[{"count":0,"href":"https:\/\/portalfloresnoar.com\/floresnoar\/wp-json\/wp\/v2\/posts\/35437\/revisions"}],"wp:featuredmedia":[{"embeddable":true,"href":"https:\/\/portalfloresnoar.com\/floresnoar\/wp-json\/wp\/v2\/media\/35438"}],"wp:attachment":[{"href":"https:\/\/portalfloresnoar.com\/floresnoar\/wp-json\/wp\/v2\/media?parent=35437"}],"wp:term":[{"taxonomy":"category","embeddable":true,"href":"https:\/\/portalfloresnoar.com\/floresnoar\/wp-json\/wp\/v2\/categories?post=35437"},{"taxonomy":"post_tag","embeddable":true,"href":"https:\/\/portalfloresnoar.com\/floresnoar\/wp-json\/wp\/v2\/tags?post=35437"}],"curies":[{"name":"wp","href":"https:\/\/api.w.org\/{rel}","templated":true}]}}