

{"id":35384,"date":"2019-01-07T12:25:34","date_gmt":"2019-01-07T15:25:34","guid":{"rendered":"http:\/\/portalfloresnoar.com\/floresnoar\/?p=35384"},"modified":"2019-03-26T13:37:36","modified_gmt":"2019-03-26T16:37:36","slug":"agenda-pe-imersao-mulheres-em-flor-dias-22-23-e-243-com-lilian-alves-em-aldeia","status":"publish","type":"post","link":"https:\/\/portalfloresnoar.com\/floresnoar\/agenda-pe-imersao-mulheres-em-flor-dias-22-23-e-243-com-lilian-alves-em-aldeia\/","title":{"rendered":"[AGENDA PE] Imers\u00e3o Mulheres em Flor, dias 22, 23 e 24\/3, com Lilian Alves, em Aldeia"},"content":{"rendered":"<p><img decoding=\"async\" loading=\"lazy\" class=\"aligncenter wp-image-35386\" src=\"http:\/\/portalfloresnoar.com\/floresnoar\/wp-content\/uploads\/2019\/03\/imersao-mulheres-em-flor.jpg\" alt=\"\" width=\"649\" height=\"544\" srcset=\"https:\/\/portalfloresnoar.com\/floresnoar\/wp-content\/uploads\/2019\/03\/imersao-mulheres-em-flor.jpg 690w, https:\/\/portalfloresnoar.com\/floresnoar\/wp-content\/uploads\/2019\/03\/imersao-mulheres-em-flor-300x251.jpg 300w\" sizes=\"(max-width: 649px) 100vw, 649px\" \/><\/p>\n<p>Sob a reg\u00eancia da Lua Cheia &#8211; per\u00edodo de vitalidade, criatividade e momento de partejar projetos, ideias e de nos auto-parirmos &#8211; ser\u00e1 realizada, nos dias\u00a022, 23 e 24 de mar\u00e7o de 2019, mais uma edi\u00e7\u00e3o da &#8216;Imers\u00e3o Mulheres em Flor&#8217;, voltada para mulheres buscadoras, desbravadoras de si mesmas, anfitri\u00e3s de sua sacralidade interna. O encontro ser\u00e1 na\u00a0Ch\u00e1cara Pl\u00eaiades, em Aldeia\/PE.<\/p>\n<p>A imers\u00e3o \u00e9 conduzida por\u00a0Lilian Alves, uma buscadora do bem viver, que esteve recentemente durante um m\u00eas na \u00c1frica (Cabo Verde e Guin\u00e9 Bissau), onde experienciou a cultura local e sua ancestralidade como mulher negra, m\u00e3e, filha, benzedeira, tamboreira, curandeira e facilitadora de C\u00edrculos Femininos iniciada nos Saberes Andinos. Lilian \u00e9\u00a0terapeuta do Sistema Florais da Amaz\u00f4nia, iniciada na Comunidade Vila C\u00e9u do Mapi\u00e1 -AM, e canalizadora e Guardi\u00e3 do Ritual de Benze\u00e7\u00e3o do \u00datero. \u00c9 tamb\u00e9m soci\u00f3loga, p\u00f3s- graduanda em Psicologia Corporal e graduanda em Psicologia.<\/p>\n<p>&#8220;Se voc\u00ea tem buscado se conectar consigo mesma, com seus ancestrais e com a sua sabedoria interna, se achegue pra junto de n\u00f3s e de m\u00e3os dadas, vamos mergulhar e voar juntas! Nesta edi\u00e7\u00e3o teremos viv\u00eancias sob a influ\u00eancia de tudo o que tenho recebido e vivido da minha experi\u00eancia na Mama \u00c1frica: a ancestralidade, as dan\u00e7as, os sons, a filosofia de vida, as cores, beleza, a vida. Ser\u00e1 um prazer compartilhar com todas e com cada uma de voc\u00eas. Venham pulsar a energia medicinal do Amor!&#8221;, convida Lilian.<\/p>\n<p>PROGRAMA\u00c7\u00c3O<br \/>\n<strong>22\/03 &#8211; Sexta-feira<\/strong><br \/>\n17:00 \u00e0s 19:00 &#8211; Acolhimento (chegada).<br \/>\n20:00hs &#8211; Roda do Desapego na Fogueira e Ativa\u00e7\u00e3o da Benzedeira<\/p>\n<p><strong>23\/03 &#8211; S\u00e1bado<\/strong><br \/>\n7:00 &#8211; Viv\u00eancia e medita\u00e7\u00e3o<br \/>\n8:30 &#8211; Caf\u00e9 da manh\u00e3<br \/>\n11:00 &#8211; Caminho Interior<br \/>\n13:00 &#8211; Almo\u00e7o<br \/>\n17:00 &#8211; Cerim\u00f4nia Xam\u00e2nica<\/p>\n<p><strong>24\/03 &#8211; Domingo<\/strong><br \/>\n8:00 &#8211; Caf\u00e9 da manh\u00e3<br \/>\n10:00 &#8211; Roda Somos<\/p>\n<p>INVESTIMENTO<br \/>\n<strong>Valor promocional para as 10 primeiras inscri\u00e7\u00f5es:<\/strong>\u00a0 R$ 320,00.<br \/>\n<strong>Ap\u00f3s o preenchimento das 10 primeiras vagas:<\/strong> R$ 360,00.<\/p>\n<p><em>Vagas limitadas!<\/em><\/p>\n<p>MAIS INFORMA\u00c7\u00d5ES<br \/>\n<strong>Fone:<\/strong> (81) 98833.0031<br \/>\n<strong>Email:<\/strong> lilianpsa@gmail.com<br \/>\n<strong>Facebook:<\/strong> <a href=\"https:\/\/www.facebook.com\/lilian.alves.967\" target=\"_blank\" rel=\"noopener\">https:\/\/www.facebook.com\/lilian.alves.967<\/a><\/p>\n<p><strong>P\u00e1gina do evento:<\/strong> <a href=\"https:\/\/www.facebook.com\/events\/244667066411725\/?ti=cl\" target=\"_blank\" rel=\"noopener\">https:\/\/www.facebook.com\/events\/244667066411725\/?ti=cl<\/a><\/p>\n","protected":false},"excerpt":{"rendered":"<p>Sob a reg\u00eancia da Lua Cheia &#8211; per\u00edodo de vitalidade, criatividade e momento de partejar projetos, ideias e de nos auto-parirmos &#8211; ser\u00e1 realizada, nos dias\u00a022, 23 e 24 de mar\u00e7o de 2019, mais uma edi\u00e7\u00e3o da &#8216;Imers\u00e3o Mulheres em Flor&#8217;, voltada para mulheres buscadoras, desbravadoras de si mesmas, anfitri\u00e3s de sua sacralidade interna. O [&hellip;]<\/p>\n","protected":false},"author":1,"featured_media":35385,"comment_status":"open","ping_status":"open","sticky":false,"template":"","format":"standard","meta":{"om_disable_all_campaigns":false,"_monsterinsights_skip_tracking":false,"_monsterinsights_sitenote_active":false,"_monsterinsights_sitenote_note":"","_monsterinsights_sitenote_category":0,"footnotes":""},"categories":[8,214],"tags":[617,358,605,22,396,238,85],"acf":[],"publishpress_future_action":{"enabled":false,"date":"1969-12-31 21:00:00","action":"","terms":[],"taxonomy":"","browser_timezone_offset":0},"_links":{"self":[{"href":"https:\/\/portalfloresnoar.com\/floresnoar\/wp-json\/wp\/v2\/posts\/35384"}],"collection":[{"href":"https:\/\/portalfloresnoar.com\/floresnoar\/wp-json\/wp\/v2\/posts"}],"about":[{"href":"https:\/\/portalfloresnoar.com\/floresnoar\/wp-json\/wp\/v2\/types\/post"}],"author":[{"embeddable":true,"href":"https:\/\/portalfloresnoar.com\/floresnoar\/wp-json\/wp\/v2\/users\/1"}],"replies":[{"embeddable":true,"href":"https:\/\/portalfloresnoar.com\/floresnoar\/wp-json\/wp\/v2\/comments?post=35384"}],"version-history":[{"count":0,"href":"https:\/\/portalfloresnoar.com\/floresnoar\/wp-json\/wp\/v2\/posts\/35384\/revisions"}],"wp:featuredmedia":[{"embeddable":true,"href":"https:\/\/portalfloresnoar.com\/floresnoar\/wp-json\/wp\/v2\/media\/35385"}],"wp:attachment":[{"href":"https:\/\/portalfloresnoar.com\/floresnoar\/wp-json\/wp\/v2\/media?parent=35384"}],"wp:term":[{"taxonomy":"category","embeddable":true,"href":"https:\/\/portalfloresnoar.com\/floresnoar\/wp-json\/wp\/v2\/categories?post=35384"},{"taxonomy":"post_tag","embeddable":true,"href":"https:\/\/portalfloresnoar.com\/floresnoar\/wp-json\/wp\/v2\/tags?post=35384"}],"curies":[{"name":"wp","href":"https:\/\/api.w.org\/{rel}","templated":true}]}}