

{"id":35375,"date":"2019-01-04T09:04:00","date_gmt":"2019-01-04T12:04:00","guid":{"rendered":"http:\/\/portalfloresnoar.com\/floresnoar\/?p=35375"},"modified":"2019-03-09T18:30:35","modified_gmt":"2019-03-09T21:30:35","slug":"agenda-pe-yoga-dance-e-yogaterapia-hormonal-neste-sabado-em-comemoracao-ao-dia-da-mulher","status":"publish","type":"post","link":"https:\/\/portalfloresnoar.com\/floresnoar\/agenda-pe-yoga-dance-e-yogaterapia-hormonal-neste-sabado-em-comemoracao-ao-dia-da-mulher\/","title":{"rendered":"[AGENDA PE] Yoga Dance e Yogaterapia Hormonal neste s\u00e1bado, em comemora\u00e7\u00e3o ao Dia da Mulher"},"content":{"rendered":"<p><img decoding=\"async\" loading=\"lazy\" class=\"aligncenter wp-image-35376\" src=\"http:\/\/portalfloresnoar.com\/floresnoar\/wp-content\/uploads\/2019\/03\/yoga-dance.jpg\" alt=\"\" width=\"631\" height=\"631\" srcset=\"https:\/\/portalfloresnoar.com\/floresnoar\/wp-content\/uploads\/2019\/03\/yoga-dance.jpg 670w, https:\/\/portalfloresnoar.com\/floresnoar\/wp-content\/uploads\/2019\/03\/yoga-dance-150x150.jpg 150w, https:\/\/portalfloresnoar.com\/floresnoar\/wp-content\/uploads\/2019\/03\/yoga-dance-300x300.jpg 300w, https:\/\/portalfloresnoar.com\/floresnoar\/wp-content\/uploads\/2019\/03\/yoga-dance-100x100.jpg 100w\" sizes=\"(max-width: 631px) 100vw, 631px\" \/><\/p>\n<p>Em celebra\u00e7\u00e3o ao Dia Internacional da Mulher ser\u00e1 realizado no pr\u00f3ximo s\u00e1bado (9\/3), das 9h \u00e0s 16h, encontro com Yoga Dance e Yogaterapia Hormonal, pr\u00e1ticas que trazem conex\u00e3o, bem-estar e cura. Durante o dia tamb\u00e9m haver\u00e1 trilha guiada, banho de bica e almo\u00e7o saud\u00e1vel (vegetariano). O encontro ser\u00e1 realizado no Polo de Aperfei\u00e7oamento Integral (PAI), em Ribeir\u00e3o\/PE.<\/p>\n<p>YOGADANCE<br \/>\n&#8220;Yoga significa uni\u00e3o, unificar, significa o estado de consci\u00eancia unificada. Dan\u00e7a significa movimento cont\u00ednuo, forma sem forma, estar vol\u00favel. Yoga Dance \u00e9 uma pr\u00e1tica de autoconhecimento e da alegria de viver. Unindo a sabedoria e o poder de cura, e conex\u00e3o com o divino dessas duas pr\u00e1ticas milenares (Yoga e Dan\u00e7a), trazendo ferramentas do Yoga para a dan\u00e7a e assim nos tornamos a pr\u00f3pria dan\u00e7a e a dan\u00e7a se torna uma forma din\u00e2mica de Yoga&#8221;, explica a instrutora Idel Ver\u00edssimo.<\/p>\n<p>YOGATERAPIA HORMONAL<br \/>\n&#8220;A Yogaterapia Hormonal \u00e9 um m\u00e9todo natural que utiliza a respira\u00e7\u00e3o, o yoga energ\u00e9tico e t\u00e9cnicas tibetanas que agem sobre a hip\u00f3fise, tire\u00f3ide, ov\u00e1rios e supra-renais. A finalidade \u00e9 equilibrar e reativar a produ\u00e7\u00e3o dos horm\u00f4nios, aliviar os sintomas e prevenir as doen\u00e7as decorrentes da baixa hormonal, principalmente no que se refere aos sintomas decorrentes da TPM e menopausa e no tratamento de hipotireoidismo e ov\u00e1rio polic\u00edstico&#8221;, declara a yogaterapeuta Ana Maria Barros.<\/p>\n<p><strong>Valor:<\/strong> R$ 85,00 (+ um material de limpeza para doa\u00e7\u00e3o)<\/p>\n<p>INSCRI\u00c7\u00d5ES<br \/>\n(81) 99908.7552 | 99973.8972<\/p>\n","protected":false},"excerpt":{"rendered":"<p>Em celebra\u00e7\u00e3o ao Dia Internacional da Mulher ser\u00e1 realizado no pr\u00f3ximo s\u00e1bado (9\/3), das 9h \u00e0s 16h, encontro com Yoga Dance e Yogaterapia Hormonal, pr\u00e1ticas que trazem conex\u00e3o, bem-estar e cura. Durante o dia tamb\u00e9m haver\u00e1 trilha guiada, banho de bica e almo\u00e7o saud\u00e1vel (vegetariano). O encontro ser\u00e1 realizado no Polo de Aperfei\u00e7oamento Integral (PAI), [&hellip;]<\/p>\n","protected":false},"author":1,"featured_media":35377,"comment_status":"open","ping_status":"open","sticky":false,"template":"","format":"standard","meta":{"om_disable_all_campaigns":false,"_monsterinsights_skip_tracking":false,"_monsterinsights_sitenote_active":false,"_monsterinsights_sitenote_note":"","_monsterinsights_sitenote_category":0,"footnotes":""},"categories":[8,214],"tags":[22,21,788,165,789],"acf":[],"publishpress_future_action":{"enabled":false,"date":"1969-12-31 21:00:00","action":"","terms":[],"taxonomy":"","browser_timezone_offset":0},"_links":{"self":[{"href":"https:\/\/portalfloresnoar.com\/floresnoar\/wp-json\/wp\/v2\/posts\/35375"}],"collection":[{"href":"https:\/\/portalfloresnoar.com\/floresnoar\/wp-json\/wp\/v2\/posts"}],"about":[{"href":"https:\/\/portalfloresnoar.com\/floresnoar\/wp-json\/wp\/v2\/types\/post"}],"author":[{"embeddable":true,"href":"https:\/\/portalfloresnoar.com\/floresnoar\/wp-json\/wp\/v2\/users\/1"}],"replies":[{"embeddable":true,"href":"https:\/\/portalfloresnoar.com\/floresnoar\/wp-json\/wp\/v2\/comments?post=35375"}],"version-history":[{"count":0,"href":"https:\/\/portalfloresnoar.com\/floresnoar\/wp-json\/wp\/v2\/posts\/35375\/revisions"}],"wp:featuredmedia":[{"embeddable":true,"href":"https:\/\/portalfloresnoar.com\/floresnoar\/wp-json\/wp\/v2\/media\/35377"}],"wp:attachment":[{"href":"https:\/\/portalfloresnoar.com\/floresnoar\/wp-json\/wp\/v2\/media?parent=35375"}],"wp:term":[{"taxonomy":"category","embeddable":true,"href":"https:\/\/portalfloresnoar.com\/floresnoar\/wp-json\/wp\/v2\/categories?post=35375"},{"taxonomy":"post_tag","embeddable":true,"href":"https:\/\/portalfloresnoar.com\/floresnoar\/wp-json\/wp\/v2\/tags?post=35375"}],"curies":[{"name":"wp","href":"https:\/\/api.w.org\/{rel}","templated":true}]}}