

{"id":35326,"date":"2019-01-02T18:17:13","date_gmt":"2019-01-02T21:17:13","guid":{"rendered":"http:\/\/portalfloresnoar.com\/floresnoar\/?p=35326"},"modified":"2019-03-09T18:41:35","modified_gmt":"2019-03-09T21:41:35","slug":"agenda-pe-curso-de-florais-de-bach-a-partir-de-9-de-marco-no-recife","status":"publish","type":"post","link":"https:\/\/portalfloresnoar.com\/floresnoar\/agenda-pe-curso-de-florais-de-bach-a-partir-de-9-de-marco-no-recife\/","title":{"rendered":"[AGENDA PE] Curso de Florais de Bach a partir de 9 de mar\u00e7o no Recife"},"content":{"rendered":"<p><img decoding=\"async\" loading=\"lazy\" class=\"aligncenter wp-image-35327\" src=\"http:\/\/portalfloresnoar.com\/floresnoar\/wp-content\/uploads\/2019\/02\/curso-florais-bach-2019.png\" alt=\"\" width=\"570\" height=\"807\" srcset=\"https:\/\/portalfloresnoar.com\/floresnoar\/wp-content\/uploads\/2019\/02\/curso-florais-bach-2019.png 690w, https:\/\/portalfloresnoar.com\/floresnoar\/wp-content\/uploads\/2019\/02\/curso-florais-bach-2019-212x300.png 212w, https:\/\/portalfloresnoar.com\/floresnoar\/wp-content\/uploads\/2019\/02\/curso-florais-bach-2019-495x700.png 495w\" sizes=\"(max-width: 570px) 100vw, 570px\" \/><\/p>\n<p>O Espa\u00e7o Quintess\u00eancia, no Recife, oferece a partir de mar\u00e7o de 2019 uma nova turma do Curso Aprendendo a usar os Florias de Bach. O Curso, que ser\u00e1 ministrado pela terapeuta Leopoldina Alencar, tem a dura\u00e7\u00e3o de quatro meses com um encontro mensal (s\u00e1bado e domingo), iniciando nos dias 9 e 10 de mar\u00e7o.<\/p>\n<p>Os Florais s\u00e3o ess\u00eancias extra\u00eddas de flores, e pertencem \u00e0s praticas integrativas e complementares, reconhecidas pela Organiza\u00e7\u00e3o Mundial de Sa\u00fade e recomendadas pelo SUS. Sua indica\u00e7\u00e3o \u00e9 \u00fatil tanto como medida preventiva, quanto como tratamento, pois sua a\u00e7\u00e3o contempla os sofrimentos de origem emocional, energ\u00e9tico, mental e f\u00edsico&#8230;<\/p>\n<p>O programa do curso inclui, o conhecimento da hist\u00f3ria e do legado do Dr. Edward Bach, m\u00e9dico ingl\u00eas que desenvolveu este delicado sistema de cura utilizando a energia das flores; estudo detalhado das 38 ess\u00eancias que comp\u00f5em o sistema florais de Bach, dividindo-as em ess\u00eancias que atuam no temperamento individual , ess\u00eancias que tratam os adoecimentos cr\u00f4nicos e os florais para estados de alma e sofrimentos mais transit\u00f3rios, decorrentes de situa\u00e7\u00f5es do cotidiano.<\/p>\n<p>De acordo com a facilitadora, o curso utiliza metodologia te\u00f3rica e pr\u00e1tica, possibilitando a viv\u00eancia pessoal com cada floral, experi\u00eancia que contribui para a constru\u00e7\u00e3o de uma rela\u00e7\u00e3o mais pr\u00f3xima com o reino vegetal.\u00a0\u00a0&#8220;No curso abordaremos estudo de anamnese, pr\u00e1tica terap\u00eautica, set terap\u00eautico, o autocuidado e autotratamento, o uso continuado dos florais, a pr\u00e1tica supervisionada em ambulat\u00f3rio ou aten\u00e7\u00e3o volunt\u00e1ria no terceiro setor&#8221;, explica Leopoldina.<\/p>\n<p>O curso \u00e9 destinado a qualquer pessoa que queira aprender e conhecer as 38 ess\u00eancias florais.<\/p>\n<p>A certifica\u00e7\u00e3o \u00e9 internacional, pela Healingherbs da Inglaterra.<\/p>\n<p><strong>Local:\u00a0<\/strong>\u00a0Espa\u00e7o Quintess\u00eancia &#8211; Rua das Creoulas, 294, Gra\u00e7as, Recife.<\/p>\n<p>INSCRI\u00c7\u00d5ES E MAIS INFORMA\u00c7\u00d5ES<br \/>\n<strong>Fones:<\/strong> 3423-5653\/ 98611-1960<br \/>\n<strong>Ficha de inscri\u00e7\u00e3o:<\/strong> <a href=\"https:\/\/goo.gl\/forms\/BUMsL3OVhdG838bj1\" target=\"_blank\" rel=\"noopener\">https:\/\/goo.gl\/forms\/BUMsL3OVhdG838bj1<\/a><\/p>\n","protected":false},"excerpt":{"rendered":"<p>O Espa\u00e7o Quintess\u00eancia, no Recife, oferece a partir de mar\u00e7o de 2019 uma nova turma do Curso Aprendendo a usar os Florias de Bach. O Curso, que ser\u00e1 ministrado pela terapeuta Leopoldina Alencar, tem a dura\u00e7\u00e3o de quatro meses com um encontro mensal (s\u00e1bado e domingo), iniciando nos dias 9 e 10 de mar\u00e7o. Os [&hellip;]<\/p>\n","protected":false},"author":1,"featured_media":0,"comment_status":"open","ping_status":"open","sticky":false,"template":"","format":"standard","meta":{"om_disable_all_campaigns":false,"_monsterinsights_skip_tracking":false,"_monsterinsights_sitenote_active":false,"_monsterinsights_sitenote_note":"","_monsterinsights_sitenote_category":0,"footnotes":""},"categories":[8,214],"tags":[167,70,648,435],"acf":[],"publishpress_future_action":{"enabled":false,"date":"1969-12-31 21:00:00","action":"","terms":[],"taxonomy":"","browser_timezone_offset":0},"_links":{"self":[{"href":"https:\/\/portalfloresnoar.com\/floresnoar\/wp-json\/wp\/v2\/posts\/35326"}],"collection":[{"href":"https:\/\/portalfloresnoar.com\/floresnoar\/wp-json\/wp\/v2\/posts"}],"about":[{"href":"https:\/\/portalfloresnoar.com\/floresnoar\/wp-json\/wp\/v2\/types\/post"}],"author":[{"embeddable":true,"href":"https:\/\/portalfloresnoar.com\/floresnoar\/wp-json\/wp\/v2\/users\/1"}],"replies":[{"embeddable":true,"href":"https:\/\/portalfloresnoar.com\/floresnoar\/wp-json\/wp\/v2\/comments?post=35326"}],"version-history":[{"count":0,"href":"https:\/\/portalfloresnoar.com\/floresnoar\/wp-json\/wp\/v2\/posts\/35326\/revisions"}],"wp:attachment":[{"href":"https:\/\/portalfloresnoar.com\/floresnoar\/wp-json\/wp\/v2\/media?parent=35326"}],"wp:term":[{"taxonomy":"category","embeddable":true,"href":"https:\/\/portalfloresnoar.com\/floresnoar\/wp-json\/wp\/v2\/categories?post=35326"},{"taxonomy":"post_tag","embeddable":true,"href":"https:\/\/portalfloresnoar.com\/floresnoar\/wp-json\/wp\/v2\/tags?post=35326"}],"curies":[{"name":"wp","href":"https:\/\/api.w.org\/{rel}","templated":true}]}}