

{"id":35156,"date":"2018-10-07T15:00:28","date_gmt":"2018-10-07T18:00:28","guid":{"rendered":"http:\/\/portalfloresnoar.com\/floresnoar\/?p=35156"},"modified":"2019-02-09T14:51:27","modified_gmt":"2019-02-09T17:51:27","slug":"agenda-pe-oficina-de-alimentacao-ayurveda-neste-final-de-semana-em-olinda","status":"publish","type":"post","link":"https:\/\/portalfloresnoar.com\/floresnoar\/agenda-pe-oficina-de-alimentacao-ayurveda-neste-final-de-semana-em-olinda\/","title":{"rendered":"[AGENDA PE] Oficina de Alimenta\u00e7\u00e3o Ayurveda dias 9 e 10 de fevereiro em Olinda"},"content":{"rendered":"<p><img decoding=\"async\" loading=\"lazy\" class=\"aligncenter wp-image-35157 \" src=\"http:\/\/portalfloresnoar.com\/floresnoar\/wp-content\/uploads\/2019\/02\/oficina-alimentacao-ayurveda.jpg\" alt=\"\" width=\"673\" height=\"476\" srcset=\"https:\/\/portalfloresnoar.com\/floresnoar\/wp-content\/uploads\/2019\/02\/oficina-alimentacao-ayurveda.jpg 690w, https:\/\/portalfloresnoar.com\/floresnoar\/wp-content\/uploads\/2019\/02\/oficina-alimentacao-ayurveda-300x212.jpg 300w\" sizes=\"(max-width: 673px) 100vw, 673px\" \/><\/p>\n<p>O terapeuta Ayurv\u00e9dico Fernando Sujan facilita nos dias 9 e 10 de fevereiro de 2019, em Olinda, oficina de Alimenta\u00e7\u00e3o Ayurveda. O encontro ser\u00e1 das 8h \u00e0s 17h, no espa\u00e7o\u00a0Narayana Reiki.<\/p>\n<p>O prop\u00f3sito da oficina \u00e9 ensinar t\u00e9cnicas para o cuidado di\u00e1rio com a sa\u00fade f\u00edsico\/energ\u00e9tico\/mental, usando a alimenta\u00e7\u00e3o como instrumento, tanto na desintoxica\u00e7\u00e3o, quanto nos cuidados, na preven\u00e7\u00e3o, tratamento, desequil\u00edbrios e dist\u00farbios di\u00e1rios.<\/p>\n<p>A Alimenta\u00e7\u00e3o Ayurveda caracteriza-se por uma s\u00e9rie de fatores espirituais, psicol\u00f3gicos e f\u00edsicos para cada biotipo Ayurv\u00e9dico (Dosha). &#8220;A forma como lidamos com as nossa emo\u00e7\u00f5es e problemas di\u00e1rios, tem import\u00e2ncia fundamental na nossa alimenta\u00e7\u00e3o, digest\u00e3o e absor\u00e7\u00e3o dos nutrientes, promovendo sa\u00fade ou doen\u00e7as psicossom\u00e1ticas&#8221;, explica Sujan, acrescentando que a\u00a0alimenta\u00e7\u00e3o Ayurveda nos convida para observar a forma como lidamos com nosso corpo no dia a dia, como usamos o alimento como consolo emocional e como a ind\u00fastria qu\u00edmica se apropria desses momentos para incutir na mente das pessoas aditivos com alto \u00edndice de toxicidade, ofertados como fonte de prazer&#8221;.<\/p>\n<p><strong>Oficina de Alimenta\u00e7\u00e3o Ayurveda<\/strong><br \/>\n<strong>Data:<\/strong> 9 e 10 de fevereiro de 2019<br \/>\n<strong>Local:<\/strong> Narayana Reiki &#8211; Rua Maria Ramos, 341, Bairro Novo, Olinda\/PE<br \/>\n<strong>Hora:<\/strong> Das 8h \u00e0s 17h<br \/>\n<strong>Valor:<\/strong> R$: 400,00 (10% de desconto para casais)<\/p>\n","protected":false},"excerpt":{"rendered":"<p>O terapeuta Ayurv\u00e9dico Fernando Sujan facilita nos dias 9 e 10 de fevereiro de 2019, em Olinda, oficina de Alimenta\u00e7\u00e3o Ayurveda. O encontro ser\u00e1 das 8h \u00e0s 17h, no espa\u00e7o\u00a0Narayana Reiki. O prop\u00f3sito da oficina \u00e9 ensinar t\u00e9cnicas para o cuidado di\u00e1rio com a sa\u00fade f\u00edsico\/energ\u00e9tico\/mental, usando a alimenta\u00e7\u00e3o como instrumento, tanto na desintoxica\u00e7\u00e3o, quanto [&hellip;]<\/p>\n","protected":false},"author":1,"featured_media":35158,"comment_status":"open","ping_status":"open","sticky":false,"template":"","format":"standard","meta":{"om_disable_all_campaigns":false,"_monsterinsights_skip_tracking":false,"_monsterinsights_sitenote_active":false,"_monsterinsights_sitenote_note":"","_monsterinsights_sitenote_category":0,"footnotes":""},"categories":[8,214],"tags":[50,114,377,328],"acf":[],"publishpress_future_action":{"enabled":false,"date":"1969-12-31 21:00:00","action":"","terms":[],"taxonomy":"","browser_timezone_offset":0},"_links":{"self":[{"href":"https:\/\/portalfloresnoar.com\/floresnoar\/wp-json\/wp\/v2\/posts\/35156"}],"collection":[{"href":"https:\/\/portalfloresnoar.com\/floresnoar\/wp-json\/wp\/v2\/posts"}],"about":[{"href":"https:\/\/portalfloresnoar.com\/floresnoar\/wp-json\/wp\/v2\/types\/post"}],"author":[{"embeddable":true,"href":"https:\/\/portalfloresnoar.com\/floresnoar\/wp-json\/wp\/v2\/users\/1"}],"replies":[{"embeddable":true,"href":"https:\/\/portalfloresnoar.com\/floresnoar\/wp-json\/wp\/v2\/comments?post=35156"}],"version-history":[{"count":0,"href":"https:\/\/portalfloresnoar.com\/floresnoar\/wp-json\/wp\/v2\/posts\/35156\/revisions"}],"wp:featuredmedia":[{"embeddable":true,"href":"https:\/\/portalfloresnoar.com\/floresnoar\/wp-json\/wp\/v2\/media\/35158"}],"wp:attachment":[{"href":"https:\/\/portalfloresnoar.com\/floresnoar\/wp-json\/wp\/v2\/media?parent=35156"}],"wp:term":[{"taxonomy":"category","embeddable":true,"href":"https:\/\/portalfloresnoar.com\/floresnoar\/wp-json\/wp\/v2\/categories?post=35156"},{"taxonomy":"post_tag","embeddable":true,"href":"https:\/\/portalfloresnoar.com\/floresnoar\/wp-json\/wp\/v2\/tags?post=35156"}],"curies":[{"name":"wp","href":"https:\/\/api.w.org\/{rel}","templated":true}]}}