

{"id":34997,"date":"2018-10-26T11:14:23","date_gmt":"2018-10-26T14:14:23","guid":{"rendered":"http:\/\/portalfloresnoar.com\/floresnoar\/?p=34997"},"modified":"2019-02-02T15:36:34","modified_gmt":"2019-02-02T18:36:34","slug":"agenda-pe-mini-curso-imaginacao-criadora-e-processos-de-criacao-com-maddi-damiao-dia-22-no-recife","status":"publish","type":"post","link":"https:\/\/portalfloresnoar.com\/floresnoar\/agenda-pe-mini-curso-imaginacao-criadora-e-processos-de-criacao-com-maddi-damiao-dia-22-no-recife\/","title":{"rendered":"[AGENDA PE] Mini-curso: Imagina\u00e7\u00e3o Criadora e Processos de Cria\u00e7\u00e3o, com Maddi Dami\u00e3o, dia 2\/2, no Recife"},"content":{"rendered":"<p><img decoding=\"async\" loading=\"lazy\" class=\"aligncenter wp-image-34998\" src=\"http:\/\/portalfloresnoar.com\/floresnoar\/wp-content\/uploads\/2019\/01\/image2.jpeg\" alt=\"\" width=\"650\" height=\"812\" srcset=\"https:\/\/portalfloresnoar.com\/floresnoar\/wp-content\/uploads\/2019\/01\/image2.jpeg 1080w, https:\/\/portalfloresnoar.com\/floresnoar\/wp-content\/uploads\/2019\/01\/image2-240x300.jpeg 240w, https:\/\/portalfloresnoar.com\/floresnoar\/wp-content\/uploads\/2019\/01\/image2-768x960.jpeg 768w, https:\/\/portalfloresnoar.com\/floresnoar\/wp-content\/uploads\/2019\/01\/image2-560x700.jpeg 560w\" sizes=\"(max-width: 650px) 100vw, 650px\" \/><\/p>\n<p>O psic\u00f3logo junguiano Maddi Dami\u00e3o Jr (RJ) estar\u00e1 no Recife onde realizar\u00e1 no dia 2 de fevereiro de 2019 o mini-curso: Imagina\u00e7\u00e3o Criadora e Processos de Cria\u00e7\u00e3o. O encontro ser\u00e1 das 9h \u00e0s 12h e das 14h \u00e0s 17h, no Rizoma. As inscri\u00e7\u00f5es s\u00e3o realizadas no Lumen Novum, atrav\u00e9s dos telefones: (81) 3266.3044 |99659.6131.<\/p>\n<p><img decoding=\"async\" loading=\"lazy\" class=\"alignleft size-medium wp-image-35000\" src=\"http:\/\/portalfloresnoar.com\/floresnoar\/wp-content\/uploads\/2019\/01\/image1-280x300.jpeg\" alt=\"\" width=\"280\" height=\"300\" srcset=\"https:\/\/portalfloresnoar.com\/floresnoar\/wp-content\/uploads\/2019\/01\/image1-280x300.jpeg 280w, https:\/\/portalfloresnoar.com\/floresnoar\/wp-content\/uploads\/2019\/01\/image1.jpeg 308w\" sizes=\"(max-width: 280px) 100vw, 280px\" \/>Maddi Damiao \u00e9 psic\u00f3logo, professor da Universidade Federal Fluminense, membro analista da SBPA-RJ, coordenador do grupo de estudos do Museu de Imagens do Inconsciente, pesquisador no campo do imagin\u00e1rio,linguagem e criatividade.<\/p>\n<p><em><strong>Confira abaixo mais informa\u00e7\u00f5es atrav\u00e9s de entrevista realizada com Maddi!\u00a0\u00a0<\/strong><\/em><\/p>\n<p><strong><span style=\"letter-spacing: 0em;\">Como surgiu o interesse pela imagina\u00e7\u00e3o e pelos processos de cria\u00e7\u00e3o?<\/span><\/strong><\/p>\n<p>A partir do trabalho com a Dra. Nise da Silveira e os estudos da psicologia anal\u00edtica.<\/p>\n<p><strong>Qual a import\u00e2ncia desses processos no trabalho que voc\u00ea desenvolve?<\/strong><\/p>\n<p>Para a psicologia anal\u00edtica a cria\u00e7\u00e3o e os processos criativos s\u00e3o a base da sa\u00fade e da autonomia do indiv\u00edduo.<\/p>\n<p><strong>Qual a relev\u00e2ncia dos processos de cria\u00e7\u00e3o e da imagina\u00e7\u00e3o na atualidade?<\/strong><\/p>\n<p>A cria\u00e7\u00e3o, a criatividade e a imagina\u00e7\u00e3o s\u00e3o os fundamentos da afirma\u00e7\u00e3o da singularidade da vida, assim como da liberdade.<\/p>\n<p>Criar \u00e9 tornar o individuo singular e autor de sua pr\u00f3pria hist\u00f3ria, num fluxo de devir intermin\u00e1vel. Assim, adquire uma dimens\u00e3o pol\u00edtica e permite que o real se mostre como possibilidade. Ao inv\u00e9s de permanecermos como consumidores e presos a processos de adapta\u00e7\u00e3o, a cria\u00e7\u00e3o convoca o homem para que se torne o que desde sempre \u00e9, possibilidade.<\/p>\n<p>Inscri\u00e7\u00f5es e mais informa\u00e7\u00f5es sobre o mini-curso:<br \/>\n(81) 3266.3044 |99659.6131<\/p>\n","protected":false},"excerpt":{"rendered":"<p>O psic\u00f3logo junguiano Maddi Dami\u00e3o Jr (RJ) estar\u00e1 no Recife onde realizar\u00e1 no dia 2 de fevereiro de 2019 o mini-curso: Imagina\u00e7\u00e3o Criadora e Processos de Cria\u00e7\u00e3o. O encontro ser\u00e1 das 9h \u00e0s 12h e das 14h \u00e0s 17h, no Rizoma. As inscri\u00e7\u00f5es s\u00e3o realizadas no Lumen Novum, atrav\u00e9s dos telefones: (81) 3266.3044 |99659.6131. Maddi [&hellip;]<\/p>\n","protected":false},"author":1,"featured_media":35043,"comment_status":"open","ping_status":"open","sticky":false,"template":"","format":"standard","meta":{"om_disable_all_campaigns":false,"_monsterinsights_skip_tracking":false,"_monsterinsights_sitenote_active":false,"_monsterinsights_sitenote_note":"","_monsterinsights_sitenote_category":0,"footnotes":""},"categories":[8,214],"tags":[257,167,773],"acf":[],"publishpress_future_action":{"enabled":false,"date":"1969-12-31 21:00:00","action":"","terms":[],"taxonomy":"","browser_timezone_offset":0},"_links":{"self":[{"href":"https:\/\/portalfloresnoar.com\/floresnoar\/wp-json\/wp\/v2\/posts\/34997"}],"collection":[{"href":"https:\/\/portalfloresnoar.com\/floresnoar\/wp-json\/wp\/v2\/posts"}],"about":[{"href":"https:\/\/portalfloresnoar.com\/floresnoar\/wp-json\/wp\/v2\/types\/post"}],"author":[{"embeddable":true,"href":"https:\/\/portalfloresnoar.com\/floresnoar\/wp-json\/wp\/v2\/users\/1"}],"replies":[{"embeddable":true,"href":"https:\/\/portalfloresnoar.com\/floresnoar\/wp-json\/wp\/v2\/comments?post=34997"}],"version-history":[{"count":0,"href":"https:\/\/portalfloresnoar.com\/floresnoar\/wp-json\/wp\/v2\/posts\/34997\/revisions"}],"wp:featuredmedia":[{"embeddable":true,"href":"https:\/\/portalfloresnoar.com\/floresnoar\/wp-json\/wp\/v2\/media\/35043"}],"wp:attachment":[{"href":"https:\/\/portalfloresnoar.com\/floresnoar\/wp-json\/wp\/v2\/media?parent=34997"}],"wp:term":[{"taxonomy":"category","embeddable":true,"href":"https:\/\/portalfloresnoar.com\/floresnoar\/wp-json\/wp\/v2\/categories?post=34997"},{"taxonomy":"post_tag","embeddable":true,"href":"https:\/\/portalfloresnoar.com\/floresnoar\/wp-json\/wp\/v2\/tags?post=34997"}],"curies":[{"name":"wp","href":"https:\/\/api.w.org\/{rel}","templated":true}]}}