

{"id":34929,"date":"2018-10-05T11:01:18","date_gmt":"2018-10-05T14:01:18","guid":{"rendered":"http:\/\/portalfloresnoar.com\/floresnoar\/?p=34929"},"modified":"2019-01-30T13:02:38","modified_gmt":"2019-01-30T16:02:38","slug":"agenda-pe-fios-tecidos-e-linhas-serao-experimentados-em-encontro-no-dia-261-no-espaco-gerar","status":"publish","type":"post","link":"https:\/\/portalfloresnoar.com\/floresnoar\/agenda-pe-fios-tecidos-e-linhas-serao-experimentados-em-encontro-no-dia-261-no-espaco-gerar\/","title":{"rendered":"[AGENDA PE] \u00b4Fios, tecidos e linhas&#8217; ser\u00e3o experimentados em encontro no dia 26\/1 no Espa\u00e7o Gerar"},"content":{"rendered":"<p><img decoding=\"async\" loading=\"lazy\" class=\"aligncenter wp-image-34932\" src=\"http:\/\/portalfloresnoar.com\/floresnoar\/wp-content\/uploads\/2019\/01\/materiais-expressivos-gerar.jpg\" alt=\"\" width=\"532\" height=\"532\" srcset=\"https:\/\/portalfloresnoar.com\/floresnoar\/wp-content\/uploads\/2019\/01\/materiais-expressivos-gerar.jpg 690w, https:\/\/portalfloresnoar.com\/floresnoar\/wp-content\/uploads\/2019\/01\/materiais-expressivos-gerar-150x150.jpg 150w, https:\/\/portalfloresnoar.com\/floresnoar\/wp-content\/uploads\/2019\/01\/materiais-expressivos-gerar-300x300.jpg 300w, https:\/\/portalfloresnoar.com\/floresnoar\/wp-content\/uploads\/2019\/01\/materiais-expressivos-gerar-100x100.jpg 100w\" sizes=\"(max-width: 532px) 100vw, 532px\" \/><\/p>\n<p>O Espa\u00e7o Gerar Arteterapia e Bem-Estar realiza no dia 26 de janeiro de 2019 o M\u00f3dulo 8 da Forma\u00e7\u00e3o em Pesquisa de Materiais Expressivos. O tema do encontro, que acontecer\u00e1 das 9h \u00e0s 18h, ser\u00e1 : Fios, tecidos e linhas. A condu\u00e7\u00e3o ficar\u00e1 a cargo das irm\u00e3s artes\u00e3s Beth Ribeiro e \u00c2ngela Nascimento.<\/p>\n<p>ATEN\u00c7\u00c3O: Os m\u00f3dulos da forma\u00e7\u00e3o podem ser cursados de forma avulsa.<\/p>\n<figure id=\"attachment_34931\" aria-describedby=\"caption-attachment-34931\" style=\"width: 261px\" class=\"wp-caption alignleft\"><img decoding=\"async\" loading=\"lazy\" class=\"wp-image-34931\" src=\"http:\/\/portalfloresnoar.com\/floresnoar\/wp-content\/uploads\/2019\/01\/MATERIAIAS-EXPRESSIVOS-GERAR.jpeg\" alt=\"\" width=\"261\" height=\"287\" srcset=\"https:\/\/portalfloresnoar.com\/floresnoar\/wp-content\/uploads\/2019\/01\/MATERIAIAS-EXPRESSIVOS-GERAR.jpeg 490w, https:\/\/portalfloresnoar.com\/floresnoar\/wp-content\/uploads\/2019\/01\/MATERIAIAS-EXPRESSIVOS-GERAR-272x300.jpeg 272w\" sizes=\"(max-width: 261px) 100vw, 261px\" \/><figcaption id=\"caption-attachment-34931\" class=\"wp-caption-text\">Beth Ribeiro e \u00c2ngela Nascimento s\u00e3o as facilitadoras do m\u00f3dulo<\/figcaption><\/figure>\n<p>A Forma\u00e7\u00e3o em Pesquisa de Materiais Expressivos, pioneira na regi\u00e3o, visa instrumentalizar os profissionais e estudantes em diversas \u00e1reas de atua\u00e7\u00e3o, como: artes\u00e3os, pedagogxs, assistentes sociais, arteterapeutas, psic\u00f3logxs, educadorxs e outros, em suas atividades cl\u00ednicas, sociais, educacionais, comerciais e recreativas.<\/p>\n<p><strong>T\u00e9cnicas que ser\u00e3o experimentadas:<\/strong><br \/>\n1. Bordado em tecido<br \/>\n2. Bordado em papel<br \/>\n3. Macram\u00ea<br \/>\n4. Tecendo fios (em suporte de madeira)<br \/>\n5. Atar e desatar n\u00f3s<br \/>\n6. Letra em papel\u00e3o enrolada com linha ou cord\u00e3o<br \/>\n7. Palavras em arame grosso enrolado em linha<br \/>\n8. Bolas de cord\u00e3o (tendo como base bal\u00e3o de festas)<br \/>\n9. Garrafas enroladas com linha\/cord\u00e3o\/fios<\/p>\n<p>FACILITADORAS<br \/>\n<strong>Beth Ribeiro<\/strong> \u00e9 artes\u00e3, bordadeira, contadora de hist\u00f3rias, arterapeuta e assistente Social.<\/p>\n<p><strong>\u00c2ngela Nascimento<\/strong> \u00e9 artes\u00e3, bordadeira, facilitadora de oficinas de artes, com foco em reaproveitamento de materiais, decoradora de ambientes, festas e eventos e psic\u00f3loga.<br \/>\n<em>Instagram:<\/em> @art.cleo<\/p>\n<p><strong>Forma\u00e7\u00e3o em Pesquisa de Materiais Expressivos \u2013 M\u00f3dulo 8 \u2013 Fios, tecidos e linhas.<\/strong><br \/>\n<strong>Data:<\/strong> 26 de Janeiro de 2019<br \/>\n<strong>Hora:<\/strong> 9h \u00e0s 18h<br \/>\n<strong>Local:<\/strong> GERAR ARTETERAPIA E BEM-ESTAR \u2013 Rua Jorge de Albuquerque, 103, Casa Forte, Recife-PE<\/p>\n<p><strong>Investimento:<\/strong> R$ 300,00 (inclui todo o material a ser utilizado no m\u00f3dulo; consultoria, em data a combinar com o grupo, e supervis\u00e3o, que acontece no m\u00eas posterior, al\u00e9m de todo o material a ser utilizado durante o encontro.)<\/p>\n<p>MAIS INFORMA\u00c7\u00d5ES E INSCRI\u00c7\u00d5ES:<br \/>\n<strong>Fones:<\/strong> (81) 2368-1749 | 9.9760-6383 | 9.9831-9292 (whatsapp)<br \/>\n<strong>E-mail:<\/strong> gerararte@gmail.com<br \/>\n<strong>Site:<\/strong> <a href=\"http:\/\/www.gerararteterapiaebemestar.com\/\" target=\"_blank\" rel=\"noopener\">http:\/\/www.gerararteterapiaebemestar.com\/<\/a><\/p>\n","protected":false},"excerpt":{"rendered":"<p>O Espa\u00e7o Gerar Arteterapia e Bem-Estar realiza no dia 26 de janeiro de 2019 o M\u00f3dulo 8 da Forma\u00e7\u00e3o em Pesquisa de Materiais Expressivos. O tema do encontro, que acontecer\u00e1 das 9h \u00e0s 18h, ser\u00e1 : Fios, tecidos e linhas. A condu\u00e7\u00e3o ficar\u00e1 a cargo das irm\u00e3s artes\u00e3s Beth Ribeiro e \u00c2ngela Nascimento. ATEN\u00c7\u00c3O: Os [&hellip;]<\/p>\n","protected":false},"author":1,"featured_media":34933,"comment_status":"open","ping_status":"open","sticky":false,"template":"","format":"standard","meta":{"om_disable_all_campaigns":false,"_monsterinsights_skip_tracking":false,"_monsterinsights_sitenote_active":false,"_monsterinsights_sitenote_note":"","_monsterinsights_sitenote_category":0,"footnotes":""},"categories":[8,214],"tags":[301,770,673,328],"acf":[],"publishpress_future_action":{"enabled":false,"date":"1969-12-31 21:00:00","action":"","terms":[],"taxonomy":"","browser_timezone_offset":0},"_links":{"self":[{"href":"https:\/\/portalfloresnoar.com\/floresnoar\/wp-json\/wp\/v2\/posts\/34929"}],"collection":[{"href":"https:\/\/portalfloresnoar.com\/floresnoar\/wp-json\/wp\/v2\/posts"}],"about":[{"href":"https:\/\/portalfloresnoar.com\/floresnoar\/wp-json\/wp\/v2\/types\/post"}],"author":[{"embeddable":true,"href":"https:\/\/portalfloresnoar.com\/floresnoar\/wp-json\/wp\/v2\/users\/1"}],"replies":[{"embeddable":true,"href":"https:\/\/portalfloresnoar.com\/floresnoar\/wp-json\/wp\/v2\/comments?post=34929"}],"version-history":[{"count":0,"href":"https:\/\/portalfloresnoar.com\/floresnoar\/wp-json\/wp\/v2\/posts\/34929\/revisions"}],"wp:featuredmedia":[{"embeddable":true,"href":"https:\/\/portalfloresnoar.com\/floresnoar\/wp-json\/wp\/v2\/media\/34933"}],"wp:attachment":[{"href":"https:\/\/portalfloresnoar.com\/floresnoar\/wp-json\/wp\/v2\/media?parent=34929"}],"wp:term":[{"taxonomy":"category","embeddable":true,"href":"https:\/\/portalfloresnoar.com\/floresnoar\/wp-json\/wp\/v2\/categories?post=34929"},{"taxonomy":"post_tag","embeddable":true,"href":"https:\/\/portalfloresnoar.com\/floresnoar\/wp-json\/wp\/v2\/tags?post=34929"}],"curies":[{"name":"wp","href":"https:\/\/api.w.org\/{rel}","templated":true}]}}