

{"id":34800,"date":"2018-08-11T12:15:32","date_gmt":"2018-08-11T15:15:32","guid":{"rendered":"http:\/\/portalfloresnoar.com\/floresnoar\/?p=34800"},"modified":"2018-12-19T18:12:17","modified_gmt":"2018-12-19T21:12:17","slug":"agenda-pe-ritual-com-oraculo-akashico-dia-1912-no-recife","status":"publish","type":"post","link":"https:\/\/portalfloresnoar.com\/floresnoar\/agenda-pe-ritual-com-oraculo-akashico-dia-1912-no-recife\/","title":{"rendered":"[AGENDA PE] Ritual com &#8216;Or\u00e1culo Ak\u00e1shico&#8217; dia 19\/12 no Recife"},"content":{"rendered":"<p><img decoding=\"async\" loading=\"lazy\" class=\"aligncenter  wp-image-34801\" src=\"http:\/\/portalfloresnoar.com\/floresnoar\/wp-content\/uploads\/2018\/12\/Or\u00e1culo-Ak\u00e1shico-dezembro-2018-1.png\" alt=\"\" width=\"649\" height=\"649\" srcset=\"https:\/\/portalfloresnoar.com\/floresnoar\/wp-content\/uploads\/2018\/12\/Or\u00e1culo-Ak\u00e1shico-dezembro-2018-1.png 690w, https:\/\/portalfloresnoar.com\/floresnoar\/wp-content\/uploads\/2018\/12\/Or\u00e1culo-Ak\u00e1shico-dezembro-2018-1-150x150.png 150w, https:\/\/portalfloresnoar.com\/floresnoar\/wp-content\/uploads\/2018\/12\/Or\u00e1culo-Ak\u00e1shico-dezembro-2018-1-300x300.png 300w, https:\/\/portalfloresnoar.com\/floresnoar\/wp-content\/uploads\/2018\/12\/Or\u00e1culo-Ak\u00e1shico-dezembro-2018-1-100x100.png 100w\" sizes=\"(max-width: 649px) 100vw, 649px\" \/><\/p>\n<p>No dia 19 de dezembro as terapeutas ak\u00e1shicas Silvia Garcia e Viviana Gon\u00e7alves oferecer\u00e3o ritual com &#8216;Or\u00e1culo Ak\u00e1shico&#8217;. O encontro ser\u00e1 \u00e0s 18h, no bairro de Set\u00fabal, no Recife.<\/p>\n<p>&#8220;No ritual de purifica\u00e7\u00e3o descartaremos o velho para abrir um espa\u00e7o f\u00e9rtil para o novo garantindo uma manifesta\u00e7\u00e3o produtiva em infinitos n\u00edveis dimensionais e uma colheita pr\u00f3spera e abundante! Traremos informa\u00e7\u00f5es da nossa biblioteca c\u00f3smica sobre as li\u00e7\u00f5es aprendidas em 2018 que far\u00e3o todo o sentido para o nosso \u00eaxito em 2019&#8221;, declaram as terapeutas.<\/p>\n<p>&#8220;Nem sempre percebemos que os desafios oferecidos durante o ano ficaram marcados em nossa alma como li\u00e7\u00f5es aprendidas em diversas dimens\u00f5es de nossa exist\u00eancia. Como trazer essa consci\u00eancia \u00e0 tona e n\u00e3o perder essa preciosa oportunidade de avan\u00e7o espiritual!? O Universo nos oferece infinitas oportunidades de despertar para uma vida plena na inteireza de nossa magnitude.&#8221;<\/p>\n<p><strong>OR\u00c1CULO AK\u00c1SHICO<\/strong><br \/>\n<strong>Dia:<\/strong> 19\/12\/2018 (quarta-feira)<br \/>\n<strong>Hora:<\/strong> 18h<br \/>\n<strong>Local:<\/strong> Empresarial Jardim &#8211; Rua L\u00edbia de Castro Assis, 59, sala 105, Set\u00fabal, Recife\/PE<br \/>\n<strong>Investimento:<\/strong> R$ 100,00*<br \/>\n<em>*Obs.: Ser\u00e3o disponibilizadas algumas poucas vagas para contribui\u00e7\u00f5es conscientes<\/em><\/p>\n<p><strong>MAIS INFORMA\u00c7\u00d5ES<\/strong><br \/>\n<strong>E-mail:<\/strong> silvia.vieira.garcia@gmail.com<br \/>\n<strong>Fone\/Zap:<\/strong> 81-9900-8769<\/p>\n","protected":false},"excerpt":{"rendered":"<p>No dia 19 de dezembro as terapeutas ak\u00e1shicas Silvia Garcia e Viviana Gon\u00e7alves oferecer\u00e3o ritual com &#8216;Or\u00e1culo Ak\u00e1shico&#8217;. O encontro ser\u00e1 \u00e0s 18h, no bairro de Set\u00fabal, no Recife. &#8220;No ritual de purifica\u00e7\u00e3o descartaremos o velho para abrir um espa\u00e7o f\u00e9rtil para o novo garantindo uma manifesta\u00e7\u00e3o produtiva em infinitos n\u00edveis dimensionais e uma colheita [&hellip;]<\/p>\n","protected":false},"author":1,"featured_media":34802,"comment_status":"open","ping_status":"open","sticky":false,"template":"","format":"standard","meta":{"om_disable_all_campaigns":false,"_monsterinsights_skip_tracking":false,"_monsterinsights_sitenote_active":false,"_monsterinsights_sitenote_note":"","_monsterinsights_sitenote_category":0,"footnotes":""},"categories":[8,214],"tags":[388,611,390,707,363,304],"acf":[],"publishpress_future_action":{"enabled":false,"date":"1969-12-31 21:00:00","action":"","terms":[],"taxonomy":"","browser_timezone_offset":0},"_links":{"self":[{"href":"https:\/\/portalfloresnoar.com\/floresnoar\/wp-json\/wp\/v2\/posts\/34800"}],"collection":[{"href":"https:\/\/portalfloresnoar.com\/floresnoar\/wp-json\/wp\/v2\/posts"}],"about":[{"href":"https:\/\/portalfloresnoar.com\/floresnoar\/wp-json\/wp\/v2\/types\/post"}],"author":[{"embeddable":true,"href":"https:\/\/portalfloresnoar.com\/floresnoar\/wp-json\/wp\/v2\/users\/1"}],"replies":[{"embeddable":true,"href":"https:\/\/portalfloresnoar.com\/floresnoar\/wp-json\/wp\/v2\/comments?post=34800"}],"version-history":[{"count":0,"href":"https:\/\/portalfloresnoar.com\/floresnoar\/wp-json\/wp\/v2\/posts\/34800\/revisions"}],"wp:featuredmedia":[{"embeddable":true,"href":"https:\/\/portalfloresnoar.com\/floresnoar\/wp-json\/wp\/v2\/media\/34802"}],"wp:attachment":[{"href":"https:\/\/portalfloresnoar.com\/floresnoar\/wp-json\/wp\/v2\/media?parent=34800"}],"wp:term":[{"taxonomy":"category","embeddable":true,"href":"https:\/\/portalfloresnoar.com\/floresnoar\/wp-json\/wp\/v2\/categories?post=34800"},{"taxonomy":"post_tag","embeddable":true,"href":"https:\/\/portalfloresnoar.com\/floresnoar\/wp-json\/wp\/v2\/tags?post=34800"}],"curies":[{"name":"wp","href":"https:\/\/api.w.org\/{rel}","templated":true}]}}