

{"id":34668,"date":"2018-07-15T13:48:08","date_gmt":"2018-07-15T16:48:08","guid":{"rendered":"http:\/\/portalfloresnoar.com\/floresnoar\/?p=34668"},"modified":"2018-12-10T20:06:29","modified_gmt":"2018-12-10T23:06:29","slug":"agenda-pe-curso-de-destilacao-de-oleos-essenciais-dias-8-e-912-em-aldeia","status":"publish","type":"post","link":"https:\/\/portalfloresnoar.com\/floresnoar\/agenda-pe-curso-de-destilacao-de-oleos-essenciais-dias-8-e-912-em-aldeia\/","title":{"rendered":"[AGENDA PE] Curso de Destila\u00e7\u00e3o de \u00d3leos Essenciais dias 8 e 9\/12 em Aldeia"},"content":{"rendered":"<p><img decoding=\"async\" loading=\"lazy\" class=\"aligncenter wp-image-34670\" src=\"http:\/\/portalfloresnoar.com\/floresnoar\/wp-content\/uploads\/2018\/11\/CURSO-DESTILACAO-OLEOS-ESSENCIAIS-2.jpg\" alt=\"\" width=\"670\" height=\"503\" srcset=\"https:\/\/portalfloresnoar.com\/floresnoar\/wp-content\/uploads\/2018\/11\/CURSO-DESTILACAO-OLEOS-ESSENCIAIS-2.jpg 960w, https:\/\/portalfloresnoar.com\/floresnoar\/wp-content\/uploads\/2018\/11\/CURSO-DESTILACAO-OLEOS-ESSENCIAIS-2-300x225.jpg 300w, https:\/\/portalfloresnoar.com\/floresnoar\/wp-content\/uploads\/2018\/11\/CURSO-DESTILACAO-OLEOS-ESSENCIAIS-2-768x576.jpg 768w, https:\/\/portalfloresnoar.com\/floresnoar\/wp-content\/uploads\/2018\/11\/CURSO-DESTILACAO-OLEOS-ESSENCIAIS-2-700x525.jpg 700w, https:\/\/portalfloresnoar.com\/floresnoar\/wp-content\/uploads\/2018\/11\/CURSO-DESTILACAO-OLEOS-ESSENCIAIS-2-160x120.jpg 160w\" sizes=\"(max-width: 670px) 100vw, 670px\" \/>Nos dias 8 e 9 de dezembro de 2018 ser\u00e1 realizado, na UNATE, em Aldeia\/PE, o Curso de Destila\u00e7\u00e3o de \u00d3leos Essenciais. A forma\u00e7\u00e3o \u00e9 uma introdu\u00e7\u00e3o ao universo da Espagiria atrav\u00e9s do processo de Destila\u00e7\u00e3o Artesanal de \u00d3leos Essenciais e outros preparados terap\u00eauticos.<\/p>\n<p>&#8220;Este \u00e9 um curso pr\u00e1tico para todos os apaixonados pelas plantas arom\u00e1ticas e o Reino vegetal, onde ser\u00e3o feitos \u00f3leos essenciais, \u00e1guas arom\u00e1ticas, oleolitos e melitos&#8221;, declara Nat\u00e1lia de Souza, facilitadora do curso.<\/p>\n<p>A destila\u00e7\u00e3o \u00e9 um dos v\u00e1rios m\u00e9todos, usado desde a antiguidade, para extrair o \u00f3leo essencial \u2013 ou \u00e2nima \u2013 das plantas. Al\u00e9m de ser um m\u00e9todo de separa\u00e7\u00e3o e purifica\u00e7\u00e3o, \u00e9 uma arte. E, portanto, n\u00e3o somente uma t\u00e9cnica, mas a sensibilidade do artista determinar\u00e1 o resultado final. Se acredita tamb\u00e9m que a destila\u00e7\u00e3o extrai &#8216;virtudes&#8217; da mat\u00e9ria. A destila\u00e7\u00e3o se incorporou, como t\u00e9cnica, na qu\u00edmica moderna, mas provavelmente \u00e9 t\u00e3o antiga como a alquimia.<\/p>\n<p>Destilar \u00e9 separar o puro do impuro, o fixo do vol\u00e1til. Nas palavras do m\u00e9dico, bot\u00e2nico e alquimista Hieronymus Brunschwig (1450-1512) em seu livro &#8216;Book of destilation&#8217;: <em>\u201c&#8230; simplesmente separar o impuro a partir do sutil e do sutil a partir do impuro, cada um separado do outro, com o prop\u00f3sito de poder fazer aquilo que \u00e9 corrupt\u00edvel, incorrupt\u00edvel, e fazer da mat\u00e9ria, imaterial, e que o esp\u00edrito seja mais vivido.\u201d<\/em><\/p>\n<p>T\u00d3PICOS DO CURSO<br \/>\n&#8211; Introdu\u00e7\u00e3o ao estudo da Espagiria: quest\u00f5es etimol\u00f3gicas, os tr\u00eas princ\u00edpios filos\u00f3ficos, os quatros elementos e os 5 reinos;<br \/>\n&#8211; O que s\u00e3o os \u00f3leos essenciais, formas de extra\u00e7\u00e3o, usos e indica\u00e7\u00f5es;<br \/>\n&#8211; Aprofundamento na t\u00e9cnica de destila\u00e7\u00e3o artesanal de \u00f3leo essencial por arraste a vapor passo-a-passo;<br \/>\n&#8211; Prepara\u00e7\u00e3o de \u00e1guas arom\u00e1ticas, melitos e oleolitos (macerados espag\u00edricos);<br \/>\n&#8211; Os ciclos naturais, influ\u00eancias dos ciclos da lua e a colheita, micro e macrocosmos;<br \/>\n&#8211; Os sete planetas e assinaturas das plantas.<br \/>\n&#8211; Identifica\u00e7\u00e3o Bot\u00e2nica de Plantas arom\u00e1ticas e medicinais por recursos sensoriais e fitoter\u00e1picos<\/p>\n<p>FACILITADORA<br \/>\n<strong>Nat\u00e1lia de Souza<\/strong> &#8211; S\u00f3cia-idealizadora da empresa de ecologia feminina Pachamama (lapachamama.com.br), coordenou a cria\u00e7\u00e3o de cosm\u00e9ticos naturais e dire\u00e7\u00e3o de arte por mais de 7 anos na empresa. Bio arquiteta, permacultora e produtora agroflorestal em seu s\u00edtio Apu\u00e3 na Serra da Mantiqueira-MG. Dedica ao estudo e pr\u00e1tica da Espagiria a 6 anos, aluna de Stefano Stefani (It\u00e1lia) e Indio Gallo, em 2013 idealizou Spagiros, Laborat\u00f3rio-escola de pesquisas e estudos bot\u00e2nicos e desenvolvimento de produtos espag\u00edricos e cosm\u00e9ticos de alta qualidade. H\u00e1 4 anos facilita cursos de destila\u00e7\u00e3o e espagiria em Costa Rica, Uruguai, Mo\u00e7ambique e diversas partes do Brasil.<\/p>\n<p>PROGRAMA\u00c7\u00c3O<br \/>\n<strong>S\u00e1bado<\/strong><br \/>\n8:00- Chegada dos participantes e fechamentos das inscri\u00e7\u00f5es<br \/>\n09:00- Introdu\u00e7\u00e3o e apresenta\u00e7\u00e3o Baralho bot\u00e2nico arom\u00e1tico &#8211; Poder das plantas Identifica\u00e7\u00e3o bot\u00e2nica por recursos sensoriais e fitoter\u00e1picos. Viv\u00eancia com \u00f3leos essenciais.<br \/>\n10:30- Lanche<br \/>\n10:50- Manejo de plantas para destila\u00e7\u00e3o<br \/>\n11:20- Destila\u00e7\u00e3o a vapor passo a passo<br \/>\n12:30 -Almo\u00e7o<br \/>\n14:00 &#8211; Esquema da destila\u00e7\u00e3o,O que s\u00e3o os \u00f3leos essenciais, formas de extra\u00e7\u00e3o, etc<br \/>\n15:30 &#8211; Lanche<br \/>\n15:50 &#8211; Resinas, sementes, ra\u00edzes, madeiras, flores, etc. Os ciclos naturais.<br \/>\n17:00 &#8211; Fechamento<\/p>\n<p><strong>Domingo<\/strong><br \/>\n09:00 &#8211; Espagiria\/Alquimia, os 5 reinos, os tr\u00eas principios filos\u00f3ficos e os 4 elementos.<br \/>\n10:30- Lanche 10:50 &#8211; Leitura de textos, retifica\u00e7\u00e3o de \u00f3leo essencial.<br \/>\n12:30- Almo\u00e7o<br \/>\n14:00- V\u00eddeos<br \/>\nVidrarias especiais, circula\u00e7\u00e3o espag\u00edrica, tipos de fogos ,<br \/>\nPr\u00e1tica: \u00e1gua arom\u00e1tica, oleolito e melito. As luas e ciclos, micro e macrocosmo, Pensamento anal\u00f3gico, os setes planetas e assinaturas das plantas, quintess\u00eancia espag\u00edrica<br \/>\n16:30 &#8211; Roda de partilha e encerramento<\/p>\n<p><strong>No curso est\u00e3o inclusos:<\/strong> Materiais digitais, coffee break e um (1) vidro de \u00e1gua floral (hidrolato) destilado em aula<\/p>\n<p><strong>Data:<\/strong>\u00a08 e 9 de Dezembro de 2018<br \/>\n<strong>Local:<\/strong> UNATE &#8211; Aldeia &#8211; Camaragibe<\/p>\n<p><strong>Investimento:<\/strong> R$ 640,00 (at\u00e9 17\/11) | R$\u00a0690,00 ap\u00f3s 17\/11<br \/>\nLink para pagamento com cart\u00e3o via Mercado Pago (At\u00e9 12X): https:\/\/www.mercadopago.com\/mlb\/checkout\/start?pref_id=53849566-cc7a9b8f-97da-4902-9f94-fb69bfb9ac66<\/p>\n<p><em><strong>Obs.:<\/strong> A Inscri\u00e7\u00e3o \u00e9 efetivada mediante o preenchimento do formul\u00e1rio de inscri\u00e7\u00e3o no link abaixo e o pagamento integral do curso, ou 50%.<\/em><\/p>\n<p><strong>Conta para Dep\u00f3sito:<\/strong> CAIXA, AG 1765 conta\/poup 013 28612-0. CPF &#8211; 516365650-34, em nome de Edimar Jesus dos Santos.<\/p>\n<p>LINK FORMUL\u00c1RIO DE INSCRI\u00c7\u00c3O ON LINE: <a href=\"https:\/\/docs.google.com\/forms\/d\/1hm51Zx9KHxRpKnjS9ySAm_DEuY8UD5kCNbr0f1LIMSk\/edit\" target=\"_blank\" rel=\"noopener\">https:\/\/docs.google.com\/forms\/d\/1hm51Zx9KHxRpKnjS9ySAm_DEuY8UD5kCNbr0f1LIMSk\/edit<\/a><\/p>\n<p>CORTESIA: Os alunos que vir\u00e3o de longe e precisarem, poder\u00e3o dormir no pr\u00f3prio Espa\u00e7o durante o curso. Consulte mais informa\u00e7\u00f5es entrando em contato.<\/p>\n<p><strong>Mais informa\u00e7\u00f5es:<\/strong><br \/>\nEdimar Taroni: (81) 9 96165390<\/p>\n<p><strong>Evento no Facebook:<\/strong>\u00a0<a href=\"https:\/\/www.facebook.com\/events\/2261907970510740\/\" target=\"_blank\" rel=\"noopener\">https:\/\/www.facebook.com\/events\/2261907970510740\/<\/a><\/p>\n","protected":false},"excerpt":{"rendered":"<p>Nos dias 8 e 9 de dezembro de 2018 ser\u00e1 realizado, na UNATE, em Aldeia\/PE, o Curso de Destila\u00e7\u00e3o de \u00d3leos Essenciais. A forma\u00e7\u00e3o \u00e9 uma introdu\u00e7\u00e3o ao universo da Espagiria atrav\u00e9s do processo de Destila\u00e7\u00e3o Artesanal de \u00d3leos Essenciais e outros preparados terap\u00eauticos. &#8220;Este \u00e9 um curso pr\u00e1tico para todos os apaixonados pelas plantas [&hellip;]<\/p>\n","protected":false},"author":1,"featured_media":34669,"comment_status":"open","ping_status":"open","sticky":false,"template":"","format":"standard","meta":{"om_disable_all_campaigns":false,"_monsterinsights_skip_tracking":false,"_monsterinsights_sitenote_active":false,"_monsterinsights_sitenote_note":"","_monsterinsights_sitenote_category":0,"footnotes":""},"categories":[8,214],"tags":[73,167,75,616,126],"acf":[],"publishpress_future_action":{"enabled":false,"date":"1969-12-31 21:00:00","action":"","terms":[],"taxonomy":"","browser_timezone_offset":0},"_links":{"self":[{"href":"https:\/\/portalfloresnoar.com\/floresnoar\/wp-json\/wp\/v2\/posts\/34668"}],"collection":[{"href":"https:\/\/portalfloresnoar.com\/floresnoar\/wp-json\/wp\/v2\/posts"}],"about":[{"href":"https:\/\/portalfloresnoar.com\/floresnoar\/wp-json\/wp\/v2\/types\/post"}],"author":[{"embeddable":true,"href":"https:\/\/portalfloresnoar.com\/floresnoar\/wp-json\/wp\/v2\/users\/1"}],"replies":[{"embeddable":true,"href":"https:\/\/portalfloresnoar.com\/floresnoar\/wp-json\/wp\/v2\/comments?post=34668"}],"version-history":[{"count":0,"href":"https:\/\/portalfloresnoar.com\/floresnoar\/wp-json\/wp\/v2\/posts\/34668\/revisions"}],"wp:featuredmedia":[{"embeddable":true,"href":"https:\/\/portalfloresnoar.com\/floresnoar\/wp-json\/wp\/v2\/media\/34669"}],"wp:attachment":[{"href":"https:\/\/portalfloresnoar.com\/floresnoar\/wp-json\/wp\/v2\/media?parent=34668"}],"wp:term":[{"taxonomy":"category","embeddable":true,"href":"https:\/\/portalfloresnoar.com\/floresnoar\/wp-json\/wp\/v2\/categories?post=34668"},{"taxonomy":"post_tag","embeddable":true,"href":"https:\/\/portalfloresnoar.com\/floresnoar\/wp-json\/wp\/v2\/tags?post=34668"}],"curies":[{"name":"wp","href":"https:\/\/api.w.org\/{rel}","templated":true}]}}