

{"id":3446,"date":"2012-10-23T08:15:25","date_gmt":"2012-10-23T11:15:25","guid":{"rendered":"http:\/\/portalfloresnoar.hospedagemdesites.ws\/floresnoar\/?p=3446"},"modified":"2012-10-23T08:16:54","modified_gmt":"2012-10-23T11:16:54","slug":"entrevista-com-wallace-liimaa-sobre-fisica-quantica","status":"publish","type":"post","link":"https:\/\/portalfloresnoar.com\/floresnoar\/entrevista-com-wallace-liimaa-sobre-fisica-quantica\/","title":{"rendered":"&#8220;O sintoma de uma doen\u00e7a transforma-se numa excelente oportunidade do ser humano se olhar integralmente, buscando aperfei\u00e7oar-se&#8221;. Confira entrevista com Wallace Liimaa sobre F\u00edsica Qu\u00e2ntica"},"content":{"rendered":"<p><img decoding=\"async\" loading=\"lazy\" class=\"alignleft size-full wp-image-3449\" title=\"wallace liimaa\" src=\"http:\/\/portalfloresnoar.hospedagemdesites.ws\/floresnoar\/wp-content\/uploads\/2012\/10\/wallace-liimaa1.png\" alt=\"\" width=\"176\" height=\"234\" srcset=\"https:\/\/portalfloresnoar.com\/floresnoar\/wp-content\/uploads\/2012\/10\/wallace-liimaa1.png 176w, https:\/\/portalfloresnoar.com\/floresnoar\/wp-content\/uploads\/2012\/10\/wallace-liimaa1-112x150.png 112w\" sizes=\"(max-width: 176px) 100vw, 176px\" \/>O professor, consultor, terapeuta qu\u00e2ntico e realizador do <a href=\"http:\/\/www.simposiosaudequantica.com.br\/\" target=\"_blank\">Simp\u00f3sio Internacional Sa\u00fade Qu\u00e2ntica e Qualidade de Vida<\/a>, <a href=\"http:\/\/portalfloresnoar.hospedagemdesites.ws\/guiafloresnoar\/?p=492\" target=\"_blank\">Wallace Liimaa<\/a> realiza nos dias 17 e 18 de novembro o semin\u00e1rio te\u00f3rico-vivencial <a href=\"http:\/\/portalfloresnoar.hospedagemdesites.ws\/floresnoar\/seminario-teorico-vivencial-transforme-a-sua-realidade-quanticamente-dias-17-e-18-de-novembro-com-wallace-liimaa\/\" target=\"_blank\">\u201cTransforme a sua Realidade Quanticamente\u201d<\/a>. Conhe\u00e7a um pouco mais sobre f\u00edsica qu\u00e2ntica na entrevista abaixo:<\/p>\n<p><span style=\"color: #ff0000;\">O que \u00e9 F\u00edsica Qu\u00e2ntica?<\/span><br \/>\n<span style=\"color: #003300;\">Prof. Wallace<\/span> \u2013 A F\u00edsica Qu\u00e2ntica \u00e9 uma \u00e1rea da F\u00edsica moderna que estuda o mundo subat\u00f4mico, o microcosmo da mat\u00e9ria do qual todos n\u00f3s somos feitos. Os princ\u00edpios da F\u00edsica Qu\u00e2ntica possibilitaram o desenvolvimento das tecnologias mais avan\u00e7adas do nosso tempo que vai desde os raios lasers \u00e0 nanotecnologia, tendo tamb\u00e9m fundamental import\u00e2ncia das tecnologias utilizadas na \u00e1rea da sa\u00fade como a resson\u00e2ncia magn\u00e9tica e tomografia computadorizada, entre outras.<\/p>\n<p><span style=\"color: #ff0000;\">Que benef\u00edcios \u00e0 sa\u00fade n\u00f3s podemos obter atrav\u00e9s da F\u00edsica Qu\u00e2ntica?<\/span><br \/>\n<span style=\"color: #003300;\">Prof. Wallace<\/span> &#8211; A abordagem qu\u00e2ntica contempla o ser humano em todas as dimens\u00f5es: f\u00edsica, mental, emocional e espiritual. Atrav\u00e9s dessa perspectiva o sintoma de uma doen\u00e7a transforma-se numa excelente oportunidade do ser humano se olhar integralmente, buscando aperfei\u00e7oar-se. A elimina\u00e7\u00e3o de um sintoma f\u00edsico deve ser sempre acompanhada da busca do autoconhecimento que nos torna mais felizes e respons\u00e1veis pela nossa realidade, ao inv\u00e9s de v\u00edtimas.<!--more--><\/p>\n<p><span style=\"color: #ff0000;\">Como ela funciona?<\/span><br \/>\n<span style=\"color: #003300;\">Prof. Wallace<\/span> &#8211; Nessa abordagem, o mais importante \u00e9 estimular na pessoa o entendimento da causa que proporcionou o desequil\u00edbrio. Desse modo, podemos agir dentro de uma perspectiva de prevenir a doen\u00e7a e ter atitudes que promovam a sa\u00fade. O foco passa a ser a sa\u00fade e n\u00e3o a doen\u00e7a. Mudan\u00e7as alimentares, novas atitudes mentais que possibilitam lidar melhor com as emo\u00e7\u00f5es destrutivas, bem como o est\u00edmulo de pr\u00e1ticas contemplativas, meditativas e f\u00edsicas s\u00e3o a\u00e7\u00f5es voltadas para promover sa\u00fade, bem-estar e prevenir as doen\u00e7as. A utiliza\u00e7\u00e3o de terapias n\u00e3o invasivas como Homeopatia, Terapias Florais, Fitoterapia, Reiki, bem como acupuntura, entre outras fazem parte de uma a\u00e7\u00e3o de cuidado com o corpo e as subst\u00e2ncias t\u00f3xicas devem ser a \u00faltima op\u00e7\u00e3o e n\u00e3o a primeira a ser usada, com exce\u00e7\u00e3o das emerg\u00eancias m\u00e9dicas que exigem a\u00e7\u00f5es invasivas como o uso dos antibi\u00f3ticos com naturalidade, por exemplo.<\/p>\n<p><span style=\"color: #ff0000;\">Qualquer pessoa pode ter acesso?<\/span><br \/>\n<span style=\"color: #003300;\">Prof. Wallace<\/span> &#8211; Qualquer pessoa pode ter acesso a uma abordagem qu\u00e2ntica na sa\u00fade. A atitude da pessoa perante o processo \u00e9 fundamental para acelerar a recupera\u00e7\u00e3o. O profissional dessa \u00e1rea deve estar consciente de que ele \u00e9 apenas um mediador e facilitador da cura capaz de estimular no cliente a sua capacidade de se reconciliar internamente nos diversos n\u00edveis, investigando o que est\u00e1 por tr\u00e1s dos sintomas f\u00edsicos que provocou a doen\u00e7a.<\/p>\n<p><span style=\"color: #ff0000;\">Na pr\u00e1tica, como ela age no corpo humano ?<\/span><br \/>\n<span style=\"color: #003300;\">Prof. Wallace<\/span> \u2013 Ela atua harmonizando o corpo-mente- esp\u00edrito, trazendo de volta o indiv\u00edduo ao estado normal de sa\u00fade, que \u00e9 a nossa condi\u00e7\u00e3o natural. A doen\u00e7a \u00e9 como uma porta que bate, avisando que h\u00e1 algum desequil\u00edbrio e que precisamos estar atentos a isso. Por isso, apenas eliminar o sintoma atrav\u00e9s de drogas inibidoras, equivale a colocar o lixo debaixo do tapete e que em algum momento ele vai reaparecer. O essencial \u00e9 estimular em cada um o papel de investigador e respons\u00e1vel pela sua sa\u00fade e qualidade de vida.<\/p>\n<p><span style=\"color: #ff0000;\">No Recife, existem especialistas capacitados?<\/span><br \/>\n<span style=\"color: #003300;\">Prof. Wallace<\/span> &#8211; No II Simp\u00f3sio de Sa\u00fade Qu\u00e2ntica e Qualidade de Vida que aconteceu em setembro, um grupo de profissionais de sa\u00fade apresentou esse modelo para a sociedade. Ele vem sendo aperfei\u00e7oado a cada dia e a nossa inten\u00e7\u00e3o \u00e9 que no futuro fa\u00e7a parte dos programas de sa\u00fade p\u00fablica.<\/p>\n<p><span style=\"color: #ff0000;\">A F\u00edsica Qu\u00e2ntica \u00e9 indicada para aliviar doen\u00e7as, quais s\u00e3o?<\/span><br \/>\n<span style=\"color: #003300;\">Prof. Wallace<\/span> \u2013 Hoje, praticamente todas as doen\u00e7as podem ser tratadas utilizando as terapias qu\u00e2nticas. As interven\u00e7\u00f5es de radioterapia e quimioterapia, quando acompanhadas das terapias qu\u00e2nticas reduzem drasticamente os efeitos colaterais comuns nessas terapias invasivas. As terapias qu\u00e2nticas possuem excelentes resultados nas doen\u00e7as cr\u00f4nicas, como asma, alergias, diabetes, depress\u00e3o, c\u00e2ncer, fibromialgia, esclerose m\u00faltipla, entre outras, muitas delas consideradas incur\u00e1veis dentro da abordagem meramente alop\u00e1tica voltada apenas para a elimina\u00e7\u00e3o dos sintomas.<\/p>\n<p><span style=\"color: #ff0000;\">As pessoas ainda desconhecem esta terapia?<\/span><br \/>\n<span style=\"color: #003300;\">Prof. Wallace<\/span> &#8211; O desconhecimento dessas terapias por muitas pessoas se d\u00e1 pelo fato de que a forma\u00e7\u00e3o preponderante dos profissionais \u00e9 voltada para a supress\u00e3o dos sintomas atrav\u00e9s das drogas alop\u00e1ticas, causadoras de outros sintomas, os famosos efeitos colaterais. O fracasso desse modelo com a escalada alarmante das doen\u00e7as cr\u00f4nicas em todo o mundo abriu a janela para o modelo qu\u00e2ntico, capaz de olhar para a dimens\u00e3o humana em toda a sua complexidade. Em todo o mundo novas pesquisas est\u00e3o sendo desenvolvidas e novas e eficientes tecnologias n\u00e3o invasivas est\u00e3o sendo criadas, fortalecendo o campo de uma abordagem de sa\u00fade integral.<\/p>\n","protected":false},"excerpt":{"rendered":"<p>O professor, consultor, terapeuta qu\u00e2ntico e realizador do Simp\u00f3sio Internacional Sa\u00fade Qu\u00e2ntica e Qualidade de Vida, Wallace Liimaa realiza nos dias 17 e 18 de novembro o semin\u00e1rio te\u00f3rico-vivencial \u201cTransforme a sua Realidade Quanticamente\u201d. Conhe\u00e7a um pouco mais sobre f\u00edsica qu\u00e2ntica na entrevista abaixo: O que \u00e9 F\u00edsica Qu\u00e2ntica? Prof. Wallace \u2013 A F\u00edsica Qu\u00e2ntica [&hellip;]<\/p>\n","protected":false},"author":1,"featured_media":3448,"comment_status":"open","ping_status":"open","sticky":false,"template":"","format":"standard","meta":{"om_disable_all_campaigns":false,"_monsterinsights_skip_tracking":false,"_monsterinsights_sitenote_active":false,"_monsterinsights_sitenote_note":"","_monsterinsights_sitenote_category":0,"footnotes":""},"categories":[11],"tags":[25],"acf":[],"publishpress_future_action":{"enabled":false,"date":"1969-12-31 21:00:00","action":"","terms":[],"taxonomy":"","browser_timezone_offset":0},"_links":{"self":[{"href":"https:\/\/portalfloresnoar.com\/floresnoar\/wp-json\/wp\/v2\/posts\/3446"}],"collection":[{"href":"https:\/\/portalfloresnoar.com\/floresnoar\/wp-json\/wp\/v2\/posts"}],"about":[{"href":"https:\/\/portalfloresnoar.com\/floresnoar\/wp-json\/wp\/v2\/types\/post"}],"author":[{"embeddable":true,"href":"https:\/\/portalfloresnoar.com\/floresnoar\/wp-json\/wp\/v2\/users\/1"}],"replies":[{"embeddable":true,"href":"https:\/\/portalfloresnoar.com\/floresnoar\/wp-json\/wp\/v2\/comments?post=3446"}],"version-history":[{"count":0,"href":"https:\/\/portalfloresnoar.com\/floresnoar\/wp-json\/wp\/v2\/posts\/3446\/revisions"}],"wp:featuredmedia":[{"embeddable":true,"href":"https:\/\/portalfloresnoar.com\/floresnoar\/wp-json\/wp\/v2\/media\/3448"}],"wp:attachment":[{"href":"https:\/\/portalfloresnoar.com\/floresnoar\/wp-json\/wp\/v2\/media?parent=3446"}],"wp:term":[{"taxonomy":"category","embeddable":true,"href":"https:\/\/portalfloresnoar.com\/floresnoar\/wp-json\/wp\/v2\/categories?post=3446"},{"taxonomy":"post_tag","embeddable":true,"href":"https:\/\/portalfloresnoar.com\/floresnoar\/wp-json\/wp\/v2\/tags?post=3446"}],"curies":[{"name":"wp","href":"https:\/\/api.w.org\/{rel}","templated":true}]}}