

{"id":34295,"date":"2018-10-02T11:38:39","date_gmt":"2018-10-02T14:38:39","guid":{"rendered":"http:\/\/portalfloresnoar.com\/floresnoar\/?p=34295"},"modified":"2018-11-27T11:35:30","modified_gmt":"2018-11-27T14:35:30","slug":"integrando-saude-bhakti-yoga-amor-como-caminho-direto-parte-01-o-livro-do-amit","status":"publish","type":"post","link":"https:\/\/portalfloresnoar.com\/floresnoar\/integrando-saude-bhakti-yoga-amor-como-caminho-direto-parte-01-o-livro-do-amit\/","title":{"rendered":"[INTEGRANDO SA\u00daDE] Bhakti Yoga: Amor como Caminho Direto  (parte 01 \u2013 O livro do Amit)"},"content":{"rendered":"<figure id=\"attachment_34296\" aria-describedby=\"caption-attachment-34296\" style=\"width: 720px\" class=\"wp-caption aligncenter\"><img decoding=\"async\" loading=\"lazy\" class=\"wp-image-34296 size-full\" src=\"http:\/\/portalfloresnoar.com\/floresnoar\/wp-content\/uploads\/2018\/10\/Bhakti-Yoga_-por-Gabi-Sencades.jpg\" alt=\"\" width=\"720\" height=\"441\" srcset=\"https:\/\/portalfloresnoar.com\/floresnoar\/wp-content\/uploads\/2018\/10\/Bhakti-Yoga_-por-Gabi-Sencades.jpg 720w, https:\/\/portalfloresnoar.com\/floresnoar\/wp-content\/uploads\/2018\/10\/Bhakti-Yoga_-por-Gabi-Sencades-300x184.jpg 300w, https:\/\/portalfloresnoar.com\/floresnoar\/wp-content\/uploads\/2018\/10\/Bhakti-Yoga_-por-Gabi-Sencades-700x429.jpg 700w\" sizes=\"(max-width: 720px) 100vw, 720px\" \/><figcaption id=\"caption-attachment-34296\" class=\"wp-caption-text\">Fonte da imagem: Pixabay<\/figcaption><\/figure>\n<p>|\u00a0<em>Por Gabriela Sencades Migge*<\/em>\u00a0|<\/p>\n<p>Recentemente li um livro muito interessante que me despertou para uma concatena\u00e7\u00e3o de muitas ideias, <em>links<\/em> e<em> insights<\/em>, resultando por fim nos escritos desta s\u00e9rie de artigos que vou publicar aqui no Portal Flores no Ar, na sequ\u00eancia, mensalmente. Trata-se do livro cujo autor \u00e9 o F\u00edsico Amit Goswami, intitulado \u201cO Universo Autoconsciente, Como A Consci\u00eancia Cria o Mundo Material.\u201d<\/p>\n<p>Apesar de gostar muito dele, para mim n\u00e3o foi um livro muito f\u00e1cil de se ler, pois \u00e0\u00a0 medida que o livro avan\u00e7a, o autor vai entrando e aprofundando conceitos da f\u00edsica cl\u00e1ssica (que entendi j\u00e1 superadas), assim como da nova f\u00edsica que desponta em nosso s\u00e9culo atual (o XXI), que \u00e9 a f\u00edsica qu\u00e2ntica.<\/p>\n<p>Confesso que fiz um esfor\u00e7o para entender esses novos conceitos e paradigmas que a f\u00edsica qu\u00e2ntica revela, pois nunca fui grande apaixonada pelas ci\u00eancias exatas, na verdade sempre fugi delas. Iniciei minha vida acad\u00eamica na \u00e1rea de humanas e hoje me encontro totalmente imersa e fascinada pela \u00e1rea da sa\u00fade. Por\u00e9m, quando se \u00e9 de humanas, at\u00e9 d\u00e1 pra escapar das exatas, mas dentro da sa\u00fade&#8230;<\/p>\n<p>Ainda mais quando entendemos sa\u00fade no seu sentido mais amplo, pois tendemos a ir fundo na investiga\u00e7\u00e3o do que \u00e9 vida, corpo e, principalmente, consci\u00eancia. Conceitos de filosofia acabam emaranhando-se na matem\u00e1tica a fim de respaldar e produzir provas de sua veracidade, acarretando ent\u00e3o no que chamamos de ci\u00eancia.<\/p>\n<p>Tal ci\u00eancia tenta explicar a forma\u00e7\u00e3o das gal\u00e1xias, dos mundos e de todos os seres. V\u00e3o investigando e desconstruindo seres e objetos em mol\u00e9culas, \u00e1tomos, pr\u00f3tons, n\u00eautrons, el\u00e9trons, at\u00e9 a menor part\u00edcula, a fim de entender como se constroem todas as coisas.<\/p>\n<p>Como o universo se constr\u00f3i? Como se expande? Como se contrai? Existe um s\u00f3 mundo? Quantos mundos mais existem? Do que s\u00e3o feitos? E a nossa realidade? O que faz dela ser real?<\/p>\n<p>A todas essas perguntas a ci\u00eancia avan\u00e7a nos campos ideal e material a fim de se entender melhor o \u201cmist\u00e9rio\u201d que \u00e9 a vida. \u00c0 medida que a humanidade vai avan\u00e7ando, vamos lan\u00e7ando luz a muitos questionamentos, mas sempre \u00e0s custas de muitos debates e paix\u00f5es arraigadas sobre a pr\u00f3pria constitui\u00e7\u00e3o dos mundos, por exemplo.<\/p>\n<p>Nesse panorama estamos vivendo uma disputa entre o paradigma materialista e idealista. E todo o trabalho do livro do Amit baseia-se em apresentar essa grande disputa por conta do desejo de ser dono da raz\u00e3o e a perda de tempo que \u00e9 tentar se segurar a coisas j\u00e1 h\u00e1 muito ultrapassadas, mas que um dia serviram de constata\u00e7\u00e3o. Assim, agradecemos e flu\u00edmos. Lembrar do passado \u00e9 importante e fundamental para o processo de aprendizagem, por\u00e9m se agarrar a ele \u00e9 querer viver com fantasmas assombrados, n\u00e3o permitindo que caminhemos o fluxo natural da vida que se expande e se recolhe em seu ritmo pr\u00f3prio.<\/p>\n<p>Estamos vivendo uma grande mudan\u00e7a de paradigmas e o Amit, com a excel\u00eancia de um mestre, vai discorrendo ponto a ponto, algumas vezes com conceitos matem\u00e1ticos (que deram o maior n\u00f3 na minha cabe\u00e7a, mas superei sem muito sofrimento. S\u00f3 um pouquinho! Rsrsrs), inclusive de como deixamos de ser essencialmente materialistas e imergirmos em uma caminhada que podemos entender (comprovar e explicar) como sendo um mundo baseado no monismo idealista.<\/p>\n<p>Tal idealismo viria exatamente com a percep\u00e7\u00e3o do que seria consci\u00eancia. Seria apenas um epifen\u00f4meno do c\u00e9rebro (como afirmam os materialistas)? Ou seria algo n\u00e3o-local, pr\u00e9vio \u00e0 mat\u00e9ria, talvez?<\/p>\n<p>Assim, a entrada da consci\u00eancia como pauta de estudos no mundo da ci\u00eancia vem causando espanto, cr\u00edticas e medos, pois retira de muitos o dogma da mat\u00e9ria (em que esta seria real, palp\u00e1vel e pr\u00e1tica). A vida parece que deixa de ser meramente uma equa\u00e7\u00e3o matem\u00e1tica e passa a produzir fen\u00f4menos que desafiam a l\u00f3gica de qualquer sistema.<\/p>\n<p>E para entender esse novo paradigma a humanidade precisa dar um mergulho profundo para dentro de si. Mergulho este que o Amit considera uma reconex\u00e3o profunda com estruturas que est\u00e3o dentro de n\u00f3s mesmos. Seria uma esp\u00e9cie de chave fundamental para o esclarecimento de v\u00e1rias quest\u00f5es. A meu ver, a consci\u00eancia seria a liga\u00e7\u00e3o que os taoistas chamam de conex\u00e3o entre o c\u00e9u e a terra (sutil e mat\u00e9ria). A partir desta conex\u00e3o revelar\u00edamos pontos chaves para nosso natural fluir no mundo, entendendo, por exemplo, o que somos e qual o nosso papel no mundo. Que s\u00e3o quest\u00f5es chaves para a ci\u00eancia.<\/p>\n<p>Assim, a aproxima\u00e7\u00e3o entre ci\u00eancia e espiritualidade ganha destaque fundamental na revela\u00e7\u00e3o de tais quest\u00f5es. Parece inevit\u00e1vel n\u00e3o olharmos agora para essa express\u00e3o sutil, como j\u00e1 orientavam escrituras antigas,\u00a0como o Bhagavad Gita, e mestres milenares, chamados de \u201cm\u00edsticos\u201d, mas que tiveram papel fundamental para toda evolu\u00e7\u00e3o humana, como Lao-tzu (escritor do Tao The King), Buda, Jesus, S\u00e3o Francisco de Assis e os contempor\u00e2neos como Gandhi, Madre Tereza, o XIV Dalai Lama dentre muitos outros.<\/p>\n<p>Todos estes implementaram em sua cultura novos paradigmas (novas formas de ver o mundo), influenciando uma grande mudan\u00e7a de pensamentos e h\u00e1bitos que fundamentam at\u00e9 hoje as bases \u00e9ticas, culturais e sociais do mundo. Esses seres n\u00e3o vieram para pregar essa ou aquela ordem ou religi\u00e3o, vieram para agir. E, atrav\u00e9s de seus exemplos, tomamos para n\u00f3s as suas a\u00e7\u00f5es norteadoras de sabedoria e compaix\u00e3o.<\/p>\n<p>Espiritualidade aqui transcende o conceito de religi\u00e3o, mas n\u00e3o o descarta, pelo contr\u00e1rio o inclui tamb\u00e9m. Pois a espiritualidade ir\u00e1 perpassar o conceito de ego e realidade, alcan\u00e7ando algo n\u00e3o-localmente fixado, algo essencialmente livre de conceitos e eminentemente criativo. A essa cria\u00e7\u00e3o que brota em nossa consci\u00eancia e permeia todas as coisas, vamos chamar de a\u00e7\u00e3o divina e o criador vamos chamar de Deus.<\/p>\n<p>Deus, nesse sentido, n\u00e3o seria alguma entidade que manda, desmanda, coroa ou castiga e que dever\u00edamos agrad\u00e1-lo. N\u00e3o se trata disso. Deus n\u00e3o seria um ser temporal e local, no sentido da nossa exist\u00eancia. Este n\u00e3o estaria em um lugar que pud\u00e9ssemos apontar e dizer isso \u00e9 Deus, pois Deus estaria livre de qualquer constru\u00e7\u00e3o egoica do ser, como se d\u00e1 na constru\u00e7\u00e3o de um \u00eddolo.<\/p>\n<p>Deus n\u00e3o \u00e9 isso e aquilo, Deus apenas \u00c9.<\/p>\n<p>Deus n\u00e3o est\u00e1 neste ou naquele ser ou lugar. Deus permeia todos os seres e lugares.<\/p>\n<p>Deus n\u00e3o pertence a esta ou \u00e0quela religi\u00e3o. Deus \u00e9 partida, caminho e chegada para todas elas.<\/p>\n<p>Dessa forma, Deus seria praticar e servir, com plenitude de realiza\u00e7\u00e3o, a sabedoria e a compaix\u00e3o. Sendo que h\u00e1 v\u00e1rios caminhos e escolhas para realizar Deus, por\u00e9m o seu caminho mais direto, sem d\u00favida, \u00e9 atrav\u00e9s do Amor e aqui quero deixar um trecho do livro do Amit em que ele faz a introdu\u00e7\u00e3o \u00e0 pr\u00e1tica do caminho do amor:<\/p>\n<p><em>No Bhagavad Gita, Kristna faz um coment\u00e1rio altamente revelador para Arjuna. Arjuna, diz ele, vou lhe contar um segredo de todos os segredos, o caminho mais direto para o despertar Buddhi. Ele consiste em praticar ver Brahman (neste contexto, traduza Brahman como Deus) em tudo e em todos e em servir a Brahman como devoto. N\u00e3o h\u00e1 necessidade nem mesmo de medita\u00e7\u00e3o formal. Simplesmente, ame a Deus e sirva ao Deus em todos.<\/em> (Isto se parece um pouco com a carta do jogo de Monop\u00f3lio que diz: \u201cSiga diretamente para a cal\u00e7ada de t\u00e1buas.\u201d) (p\u00e1g.292)<\/p>\n<p>Nesse cap\u00edtulo ele fala em seis formas de amar a Deus, da qual queria me ater junto a voc\u00eas, compartilhando meus pequenos <em>insights<\/em> sobre cada forma de realizar Deus atrav\u00e9s do amor, considerando estas formas mais r\u00e1pidas e eficazes de superarmos toda carga de sofrimento e realizando em cada uma delas compaix\u00e3o e sabedoria.<\/p>\n<p><strong>As formas consideradas por Amit s\u00e3o:<\/strong><br \/>\n1. Amar a Deus amando a si mesmo;<br \/>\n2. Amar a Deus atrav\u00e9s do servi\u00e7o;<br \/>\n3. Amar a Deus atrav\u00e9s da amizade;<br \/>\n4. Amar a Deus da rela\u00e7\u00e3o M\u00e3e\u2013filho;<br \/>\n5. Amar a Deus atrav\u00e9s de um relacionamento er\u00f3tico;<br \/>\n6. Amar a Deus atrav\u00e9s da rela\u00e7\u00e3o com a natureza.<\/p>\n<p>Tais formas n\u00e3o s\u00e3o formas finais, \u00fanicas e exclusivas de amar a Deus, as possibilidades s\u00e3o infinitas e cada um realiza esse amor divino \u00e0 sua maneira. Mas me parece urgente e importante que tragamos consci\u00eancia para esse amor, na inten\u00e7\u00e3o de que nossas vidas sejam orientadas plenamente por tal vibra\u00e7\u00e3o que \u00e9 pura cria\u00e7\u00e3o, movimento e alegria. Ela \u00e9 o que trar\u00e1 de volta nosso \u201creencantamento\u201d pela vida.<\/p>\n<p>At\u00e9 breve!<\/p>\n<p><em>PS: Existe um programa no Youtube, chamado \u201cO Porqu\u00ea das Coisas\u201d, que achei bem interessante para olharmos e simplificarmos alguns conceitos de f\u00edsica qu\u00e2ntica. Aos interessados, deixo aqui algumas explica\u00e7\u00f5es interessantes que nos iniciam nessas discuss\u00f5es:<\/em><\/p>\n<p><iframe loading=\"lazy\" width=\"500\" height=\"281\" src=\"https:\/\/www.youtube.com\/embed\/ABZ8rrDMc54?feature=oembed\" frameborder=\"0\" allow=\"accelerometer; autoplay; encrypted-media; gyroscope; picture-in-picture\" allowfullscreen><\/iframe><\/p>\n<p><iframe loading=\"lazy\" width=\"500\" height=\"281\" src=\"https:\/\/www.youtube.com\/embed\/d-WPQdVzIRc?feature=oembed\" frameborder=\"0\" allow=\"accelerometer; autoplay; encrypted-media; gyroscope; picture-in-picture\" allowfullscreen><\/iframe><\/p>\n<p><iframe loading=\"lazy\" width=\"500\" height=\"281\" src=\"https:\/\/www.youtube.com\/embed\/XQ__IskIGs8?feature=oembed\" frameborder=\"0\" allow=\"accelerometer; autoplay; encrypted-media; gyroscope; picture-in-picture\" allowfullscreen><\/iframe><\/p>\n<p><iframe loading=\"lazy\" width=\"500\" height=\"281\" src=\"https:\/\/www.youtube.com\/embed\/JtW0oN5noSo?feature=oembed\" frameborder=\"0\" allow=\"accelerometer; autoplay; encrypted-media; gyroscope; picture-in-picture\" allowfullscreen><\/iframe><\/p>\n<p><iframe loading=\"lazy\" width=\"500\" height=\"281\" src=\"https:\/\/www.youtube.com\/embed\/xktb9Q8JQ14?feature=oembed\" frameborder=\"0\" allow=\"accelerometer; autoplay; encrypted-media; gyroscope; picture-in-picture\" allowfullscreen><\/iframe><\/p>\n<p><iframe loading=\"lazy\" width=\"500\" height=\"281\" src=\"https:\/\/www.youtube.com\/embed\/zELvfprOOCI?feature=oembed\" frameborder=\"0\" allow=\"accelerometer; autoplay; encrypted-media; gyroscope; picture-in-picture\" allowfullscreen><\/iframe><\/p>\n<p><iframe loading=\"lazy\" width=\"500\" height=\"281\" src=\"https:\/\/www.youtube.com\/embed\/oKV6g66i7VY?feature=oembed\" frameborder=\"0\" allow=\"accelerometer; autoplay; encrypted-media; gyroscope; picture-in-picture\" allowfullscreen><\/iframe><\/p>\n<p>&nbsp;<\/p>\n<p align=\"JUSTIFY\"><b><img decoding=\"async\" loading=\"lazy\" class=\" wp-image-32742 alignleft\" src=\"http:\/\/portalfloresnoar.com\/floresnoar\/wp-content\/uploads\/2018\/03\/Gabriela-Sencades-MIgge.jpg\" sizes=\"(max-width: 171px) 100vw, 171px\" srcset=\"http:\/\/portalfloresnoar.com\/floresnoar\/wp-content\/uploads\/2018\/03\/Gabriela-Sencades-MIgge.jpg 208w, http:\/\/portalfloresnoar.com\/floresnoar\/wp-content\/uploads\/2018\/03\/Gabriela-Sencades-MIgge-198x300.jpg 198w\" alt=\"\" width=\"171\" height=\"259\" \/><\/b><\/p>\n<p align=\"JUSTIFY\">\n<p align=\"JUSTIFY\"><b>* Gabriela Sencades Migge<\/b>\u00a0\u00e9 terapeuta hol\u00edstica, co-fundadora do Espa\u00e7o Cuidar, mestra em reiki, frequenciadora de luz, aur\u00edculoterapeuta, terapeuta floral, terapeuta pr\u00e2nica, thetahealer, facilitadora em medita\u00e7\u00e3o. Realiza atendimentos presenciais no bairro das Gra\u00e7as, no Recife-PE, Brasil.<\/p>\n<p align=\"JUSTIFY\"><strong>Marque sua consulta pelo n\u00famero:<\/strong>\u00a0(81) 9.9163-5351 (claro\/whatsapp).<br \/>\n<strong>Facebook:<\/strong>\u00a0gabrielasencades<br \/>\n<strong>Atendimentos via Skype:<\/strong>\u00a0Gabi Sencades<\/p>\n","protected":false},"excerpt":{"rendered":"<p>|\u00a0Por Gabriela Sencades Migge*\u00a0| Recentemente li um livro muito interessante que me despertou para uma concatena\u00e7\u00e3o de muitas ideias, links e insights, resultando por fim nos escritos desta s\u00e9rie de artigos que vou publicar aqui no Portal Flores no Ar, na sequ\u00eancia, mensalmente. Trata-se do livro cujo autor \u00e9 o F\u00edsico Amit Goswami, intitulado \u201cO [&hellip;]<\/p>\n","protected":false},"author":1,"featured_media":34296,"comment_status":"open","ping_status":"open","sticky":false,"template":"","format":"standard","meta":{"om_disable_all_campaigns":false,"_monsterinsights_skip_tracking":false,"_monsterinsights_sitenote_active":false,"_monsterinsights_sitenote_note":"","_monsterinsights_sitenote_category":0,"footnotes":""},"categories":[220,623],"tags":[499,25],"acf":[],"publishpress_future_action":{"enabled":false,"date":"1969-12-31 21:00:00","action":"","terms":[],"taxonomy":"","browser_timezone_offset":0},"_links":{"self":[{"href":"https:\/\/portalfloresnoar.com\/floresnoar\/wp-json\/wp\/v2\/posts\/34295"}],"collection":[{"href":"https:\/\/portalfloresnoar.com\/floresnoar\/wp-json\/wp\/v2\/posts"}],"about":[{"href":"https:\/\/portalfloresnoar.com\/floresnoar\/wp-json\/wp\/v2\/types\/post"}],"author":[{"embeddable":true,"href":"https:\/\/portalfloresnoar.com\/floresnoar\/wp-json\/wp\/v2\/users\/1"}],"replies":[{"embeddable":true,"href":"https:\/\/portalfloresnoar.com\/floresnoar\/wp-json\/wp\/v2\/comments?post=34295"}],"version-history":[{"count":0,"href":"https:\/\/portalfloresnoar.com\/floresnoar\/wp-json\/wp\/v2\/posts\/34295\/revisions"}],"wp:featuredmedia":[{"embeddable":true,"href":"https:\/\/portalfloresnoar.com\/floresnoar\/wp-json\/wp\/v2\/media\/34296"}],"wp:attachment":[{"href":"https:\/\/portalfloresnoar.com\/floresnoar\/wp-json\/wp\/v2\/media?parent=34295"}],"wp:term":[{"taxonomy":"category","embeddable":true,"href":"https:\/\/portalfloresnoar.com\/floresnoar\/wp-json\/wp\/v2\/categories?post=34295"},{"taxonomy":"post_tag","embeddable":true,"href":"https:\/\/portalfloresnoar.com\/floresnoar\/wp-json\/wp\/v2\/tags?post=34295"}],"curies":[{"name":"wp","href":"https:\/\/api.w.org\/{rel}","templated":true}]}}