

{"id":34108,"date":"2018-07-08T11:13:41","date_gmt":"2018-07-08T14:13:41","guid":{"rendered":"http:\/\/portalfloresnoar.com\/floresnoar\/?p=34108"},"modified":"2018-09-16T18:16:39","modified_gmt":"2018-09-16T21:16:39","slug":"agenda-pe-oficina-de-harmonizacao-de-ambientes-dia-159-no-recife","status":"publish","type":"post","link":"https:\/\/portalfloresnoar.com\/floresnoar\/agenda-pe-oficina-de-harmonizacao-de-ambientes-dia-159-no-recife\/","title":{"rendered":"[AGENDA PE] Oficina de Harmoniza\u00e7\u00e3o de Ambientes, dia 15\/9, no Recife"},"content":{"rendered":"<p><img decoding=\"async\" loading=\"lazy\" class=\"aligncenter wp-image-34110\" src=\"http:\/\/portalfloresnoar.com\/floresnoar\/wp-content\/uploads\/2018\/09\/feng-shui-no-recife.jpg\" alt=\"\" width=\"692\" height=\"584\" srcset=\"https:\/\/portalfloresnoar.com\/floresnoar\/wp-content\/uploads\/2018\/09\/feng-shui-no-recife.jpg 715w, https:\/\/portalfloresnoar.com\/floresnoar\/wp-content\/uploads\/2018\/09\/feng-shui-no-recife-300x253.jpg 300w, https:\/\/portalfloresnoar.com\/floresnoar\/wp-content\/uploads\/2018\/09\/feng-shui-no-recife-700x590.jpg 700w\" sizes=\"(max-width: 692px) 100vw, 692px\" \/><\/p>\n<p>Est\u00e3o abertas as inscri\u00e7\u00f5es para a &#8216;Oficina de Harmoniza\u00e7\u00e3o de Ambientes &#8211; A Morada Interior e Exterior e a Primavera&#8217;, que ser\u00e1 facilitada por Prem Achala no dia 15 de setembro (s\u00e1bado), das 9h \u00e0s 13h, no Espa\u00e7o Equilibre, localizado no bairro das Gra\u00e7as, no Recife. A oficina \u00e9 aberta a toda(o)s que buscam harmonia e satisfa\u00e7\u00e3o em seus ambientes de moradia e de trabalho.<\/p>\n<p>&#8220;Sabe aquele per\u00edodo do ano que voc\u00ea tem vontade de desabrochar, mudar, fazer diferente? Pois bem, est\u00e1 chegando a primavera! Momento especial para o nosso reflorescer! Vamos juntos cuidar da nossa morada interior e exterior? Vamos observar o que \u00e9 importante para esse momento de vida e cuidar dos nossos ambientes em sintonia com esse prop\u00f3sito?&#8221;, convida Prem Achala.<\/p>\n<p>Inspirada nos princ\u00edpios do Ancestral Feng Shui e da Constela\u00e7\u00e3o Sist\u00eamica e Familiar, ser\u00e3o priorizados os seguintes aspectos na oficina:<br \/>\n&#8211; O Autoconhecimento<br \/>\n&#8211; Os Impedimentos<br \/>\n&#8211; Os Ambientes<br \/>\n&#8211; A Autorrealiza\u00e7\u00e3o<\/p>\n<p>FACILITADORA<br \/>\nPrem Achala h\u00e1 mais de 21 anos vem trilhando seu caminho profissional, \u00e9 psicoterapeuta; consteladora Sist\u00eamica e familiar; reikiana; membro da Sociedade Feng Shui, consultora e difusora do Feng Shui; idealizadora e guardi\u00e3 do Projeto Reflorescer, que tem como objetivo a Qualidade de Vida e a Autorrealiza\u00e7\u00e3o.<\/p>\n<p><strong>&#8216;Oficina de Harmoniza\u00e7\u00e3o de Ambientes &#8211; A Morada Interior e Exterior e a Primavera&#8217;<\/strong><br \/>\n<strong>Data:<\/strong> 15 de setembro de 2018 (s\u00e1bado)<br \/>\n<strong>Hora:<\/strong> 9h \u00e0s 13h<br \/>\n<strong>Local:<\/strong> Espa\u00e7o Equilibre &#8211; Rua An\u00edbal Falc\u00e3o 151, Gra\u00e7as, Recife\/PE<\/p>\n<p><strong>Contribui\u00e7\u00e3o sugerida:<\/strong> R$ 50,00<br \/>\n<strong>Para casais:<\/strong> R$ 80,00<\/p>\n<p><em><strong>Obs.:<\/strong> Visando a organiza\u00e7\u00e3o e a qualidade do evento, \u00e9 solicitado que a inscri\u00e7\u00e3o seja realizada com anteced\u00eancia (vagas limitadas).<\/em><\/p>\n<p>INSCRI\u00c7\u00d5ES E MAIS INFORMA\u00c7\u00d5ES<br \/>\n<strong>Fone\/Whats:<\/strong> (85) 9.9969-0239<br \/>\n<strong>E-mail:<\/strong> reflorescer7@gmail.com<\/p>\n","protected":false},"excerpt":{"rendered":"<p>Est\u00e3o abertas as inscri\u00e7\u00f5es para a &#8216;Oficina de Harmoniza\u00e7\u00e3o de Ambientes &#8211; A Morada Interior e Exterior e a Primavera&#8217;, que ser\u00e1 facilitada por Prem Achala no dia 15 de setembro (s\u00e1bado), das 9h \u00e0s 13h, no Espa\u00e7o Equilibre, localizado no bairro das Gra\u00e7as, no Recife. A oficina \u00e9 aberta a toda(o)s que buscam harmonia [&hellip;]<\/p>\n","protected":false},"author":1,"featured_media":34112,"comment_status":"open","ping_status":"open","sticky":false,"template":"","format":"standard","meta":{"om_disable_all_campaigns":false,"_monsterinsights_skip_tracking":false,"_monsterinsights_sitenote_active":false,"_monsterinsights_sitenote_note":"","_monsterinsights_sitenote_category":0,"footnotes":""},"categories":[8,214],"tags":[734,102,143,328],"acf":[],"publishpress_future_action":{"enabled":false,"date":"1969-12-31 21:00:00","action":"","terms":[],"taxonomy":"","browser_timezone_offset":0},"_links":{"self":[{"href":"https:\/\/portalfloresnoar.com\/floresnoar\/wp-json\/wp\/v2\/posts\/34108"}],"collection":[{"href":"https:\/\/portalfloresnoar.com\/floresnoar\/wp-json\/wp\/v2\/posts"}],"about":[{"href":"https:\/\/portalfloresnoar.com\/floresnoar\/wp-json\/wp\/v2\/types\/post"}],"author":[{"embeddable":true,"href":"https:\/\/portalfloresnoar.com\/floresnoar\/wp-json\/wp\/v2\/users\/1"}],"replies":[{"embeddable":true,"href":"https:\/\/portalfloresnoar.com\/floresnoar\/wp-json\/wp\/v2\/comments?post=34108"}],"version-history":[{"count":0,"href":"https:\/\/portalfloresnoar.com\/floresnoar\/wp-json\/wp\/v2\/posts\/34108\/revisions"}],"wp:featuredmedia":[{"embeddable":true,"href":"https:\/\/portalfloresnoar.com\/floresnoar\/wp-json\/wp\/v2\/media\/34112"}],"wp:attachment":[{"href":"https:\/\/portalfloresnoar.com\/floresnoar\/wp-json\/wp\/v2\/media?parent=34108"}],"wp:term":[{"taxonomy":"category","embeddable":true,"href":"https:\/\/portalfloresnoar.com\/floresnoar\/wp-json\/wp\/v2\/categories?post=34108"},{"taxonomy":"post_tag","embeddable":true,"href":"https:\/\/portalfloresnoar.com\/floresnoar\/wp-json\/wp\/v2\/tags?post=34108"}],"curies":[{"name":"wp","href":"https:\/\/api.w.org\/{rel}","templated":true}]}}