

{"id":33816,"date":"2018-07-02T13:59:33","date_gmt":"2018-07-02T16:59:33","guid":{"rendered":"http:\/\/portalfloresnoar.com\/floresnoar\/?p=33816"},"modified":"2018-09-10T11:45:57","modified_gmt":"2018-09-10T14:45:57","slug":"agenda-pe-despertar-terapias-integrativas-oferece-salas-para-aluguel-e-sub-locacao-no-recife","status":"publish","type":"post","link":"https:\/\/portalfloresnoar.com\/floresnoar\/agenda-pe-despertar-terapias-integrativas-oferece-salas-para-aluguel-e-sub-locacao-no-recife\/","title":{"rendered":"[AGENDA PE] Despertar Terapias Integrativas oferece salas para aluguel e sub-loca\u00e7\u00e3o no Recife"},"content":{"rendered":"<p><img decoding=\"async\" loading=\"lazy\" class=\"aligncenter wp-image-33847\" src=\"http:\/\/portalfloresnoar.com\/floresnoar\/wp-content\/uploads\/2018\/08\/despertar-terapias-integrativas-2.jpg\" alt=\"\" width=\"615\" height=\"820\" srcset=\"https:\/\/portalfloresnoar.com\/floresnoar\/wp-content\/uploads\/2018\/08\/despertar-terapias-integrativas-2.jpg 720w, https:\/\/portalfloresnoar.com\/floresnoar\/wp-content\/uploads\/2018\/08\/despertar-terapias-integrativas-2-225x300.jpg 225w, https:\/\/portalfloresnoar.com\/floresnoar\/wp-content\/uploads\/2018\/08\/despertar-terapias-integrativas-2-525x700.jpg 525w\" sizes=\"(max-width: 615px) 100vw, 615px\" \/><\/p>\n<p>O Despertar Terapias Integrativas, localizado no bairro dos Aflitos, no Recife, oferece salas para aluguel e sub-loca\u00e7\u00e3o, voltadas para profissionais de sa\u00fade e de terapias integrativas\/hol\u00edsticas, que desejem um espa\u00e7o com infra-estrutura adequada e assessoria de comunica\u00e7\u00e3o.<\/p>\n<p>O ambiente \u00e9 super bacana e a localiza\u00e7\u00e3o \u00e9 de f\u00e1cil acesso. Disp\u00f5e de seguran\u00e7a 24h, estacionamento e manobrista.<\/p>\n<p><strong>Endere\u00e7o:<\/strong> Avenida Rosa e Silva, 670, sala 504 (entrada pela Rua Am\u00e9lia), Recife\/PE<\/p>\n<p>MAIS INFORMA\u00c7\u00d5ES<br \/>\n(81) 996573067<br \/>\n<a href=\"https:\/\/www.facebook.com\/despertarterapiass\/\" target=\"_blank\" rel=\"noopener\">facebook.com\/despertarterapiass<\/a><br \/>\n<a href=\"https:\/\/www.instagram.com\/despertarterapias\/\" target=\"_blank\" rel=\"noopener\">Instagram.com\/despertarterapias<\/a><\/p>\n<p><em>CONFIRA ABAIXO OUTRAS FOTOS DO ESPA\u00c7O!<\/em><\/p>\n<p><img decoding=\"async\" loading=\"lazy\" class=\"aligncenter wp-image-33848\" src=\"http:\/\/portalfloresnoar.com\/floresnoar\/wp-content\/uploads\/2018\/08\/despertar-terapias-integrativas-3.jpg\" alt=\"\" width=\"615\" height=\"979\" srcset=\"https:\/\/portalfloresnoar.com\/floresnoar\/wp-content\/uploads\/2018\/08\/despertar-terapias-integrativas-3.jpg 720w, https:\/\/portalfloresnoar.com\/floresnoar\/wp-content\/uploads\/2018\/08\/despertar-terapias-integrativas-3-188x300.jpg 188w, https:\/\/portalfloresnoar.com\/floresnoar\/wp-content\/uploads\/2018\/08\/despertar-terapias-integrativas-3-440x700.jpg 440w\" sizes=\"(max-width: 615px) 100vw, 615px\" \/> <img decoding=\"async\" loading=\"lazy\" class=\"aligncenter wp-image-33846\" src=\"http:\/\/portalfloresnoar.com\/floresnoar\/wp-content\/uploads\/2018\/08\/despertar-terapias-integrativas-1.jpg\" alt=\"\" width=\"615\" height=\"1011\" srcset=\"https:\/\/portalfloresnoar.com\/floresnoar\/wp-content\/uploads\/2018\/08\/despertar-terapias-integrativas-1.jpg 720w, https:\/\/portalfloresnoar.com\/floresnoar\/wp-content\/uploads\/2018\/08\/despertar-terapias-integrativas-1-182x300.jpg 182w, https:\/\/portalfloresnoar.com\/floresnoar\/wp-content\/uploads\/2018\/08\/despertar-terapias-integrativas-1-426x700.jpg 426w\" sizes=\"(max-width: 615px) 100vw, 615px\" \/><\/p>\n","protected":false},"excerpt":{"rendered":"<p>O Despertar Terapias Integrativas, localizado no bairro dos Aflitos, no Recife, oferece salas para aluguel e sub-loca\u00e7\u00e3o, voltadas para profissionais de sa\u00fade e de terapias integrativas\/hol\u00edsticas, que desejem um espa\u00e7o com infra-estrutura adequada e assessoria de comunica\u00e7\u00e3o. O ambiente \u00e9 super bacana e a localiza\u00e7\u00e3o \u00e9 de f\u00e1cil acesso. Disp\u00f5e de seguran\u00e7a 24h, estacionamento e [&hellip;]<\/p>\n","protected":false},"author":1,"featured_media":33850,"comment_status":"open","ping_status":"open","sticky":false,"template":"","format":"standard","meta":{"om_disable_all_campaigns":false,"_monsterinsights_skip_tracking":false,"_monsterinsights_sitenote_active":false,"_monsterinsights_sitenote_note":"","_monsterinsights_sitenote_category":0,"footnotes":""},"categories":[8,214],"tags":[243,394],"acf":[],"publishpress_future_action":{"enabled":false,"date":"1969-12-31 21:00:00","action":"","terms":[],"taxonomy":"","browser_timezone_offset":0},"_links":{"self":[{"href":"https:\/\/portalfloresnoar.com\/floresnoar\/wp-json\/wp\/v2\/posts\/33816"}],"collection":[{"href":"https:\/\/portalfloresnoar.com\/floresnoar\/wp-json\/wp\/v2\/posts"}],"about":[{"href":"https:\/\/portalfloresnoar.com\/floresnoar\/wp-json\/wp\/v2\/types\/post"}],"author":[{"embeddable":true,"href":"https:\/\/portalfloresnoar.com\/floresnoar\/wp-json\/wp\/v2\/users\/1"}],"replies":[{"embeddable":true,"href":"https:\/\/portalfloresnoar.com\/floresnoar\/wp-json\/wp\/v2\/comments?post=33816"}],"version-history":[{"count":0,"href":"https:\/\/portalfloresnoar.com\/floresnoar\/wp-json\/wp\/v2\/posts\/33816\/revisions"}],"wp:featuredmedia":[{"embeddable":true,"href":"https:\/\/portalfloresnoar.com\/floresnoar\/wp-json\/wp\/v2\/media\/33850"}],"wp:attachment":[{"href":"https:\/\/portalfloresnoar.com\/floresnoar\/wp-json\/wp\/v2\/media?parent=33816"}],"wp:term":[{"taxonomy":"category","embeddable":true,"href":"https:\/\/portalfloresnoar.com\/floresnoar\/wp-json\/wp\/v2\/categories?post=33816"},{"taxonomy":"post_tag","embeddable":true,"href":"https:\/\/portalfloresnoar.com\/floresnoar\/wp-json\/wp\/v2\/tags?post=33816"}],"curies":[{"name":"wp","href":"https:\/\/api.w.org\/{rel}","templated":true}]}}