

{"id":33805,"date":"2018-08-07T12:46:14","date_gmt":"2018-08-07T15:46:14","guid":{"rendered":"http:\/\/portalfloresnoar.com\/floresnoar\/?p=33805"},"modified":"2018-08-07T12:46:14","modified_gmt":"2018-08-07T15:46:14","slug":"integrando-saude-boca-cuidado-com-o-que-entra-mais-ainda-com-o-que-sai","status":"publish","type":"post","link":"https:\/\/portalfloresnoar.com\/floresnoar\/integrando-saude-boca-cuidado-com-o-que-entra-mais-ainda-com-o-que-sai\/","title":{"rendered":"[INTEGRANDO SA\u00daDE] BOCA: Cuidado com o que entra, mais ainda com o que sai"},"content":{"rendered":"<p>|\u00a0<em>Por Gabriela Sencades Migge*<\/em>\u00a0|<\/p>\n<p style=\"text-align: right;\"><em>\u201cO chacra da garganta \u00e9 a ponte espiritual para o mundo superior. Na busca do desenvolvimento espiritual, \u00e9 importante entender que o que vem da sua boca \u00e9 mais importante do que o que entra. Isto est\u00e1 impl\u00edcito em Marcos 7:15-22 e Ef\u00e9sios 4:29. Quando algo impuro entra na boca, ele suja o corpo. Mas, se algo sair da mente, ent\u00e3o suja a sua alma. Assim, \u00e9 importante concentrar-se mais na pr\u00e1tica de \u2018pensamentos puros\u2019 e \u2018discurso puro\u2019, em vez de ingerir \u2018coisas limpas\u2019.\u201d (Mestre Choa Kok Sui)<\/em><\/p>\n<p>Energeticamente, podemos considerar nossa boca como sendo o fluir da nossa express\u00e3o. Tudo que sai dela foi elaborado por nossa mente\/cora\u00e7\u00e3o, criado em sua forma de express\u00e3o pela garganta, at\u00e9 que flui pela boca na forma de palavras como decorr\u00eancia natural do que foi anteriormente criado na forma de pensamento pela sequ\u00eancia mente\/cora\u00e7\u00e3o-garganta.<\/p>\n<p>Desse modo, aquilo que sai pela nossa boca \u00e9 o reflexo exato daquilo que h\u00e1 de mais profundo em nosso cora\u00e7\u00e3o. Aquilo que somos flui de nossa boca e nos apresentam \u00e0queles que nos escutam. E por isso devemos ter todo cuidado e consci\u00eancia com aquilo que elaboramos com as palavras, pois al\u00e9m de nos denunciar, mancha nossa ess\u00eancia como uma n\u00f3doa dif\u00edcil de sair, al\u00e9m de contaminar nosso ouvinte.<\/p>\n<p>Nesse mesmo racioc\u00ednio, se dissermos coisas positivas, se procurarmos transmutar o que h\u00e1 de negativo nas situa\u00e7\u00f5es, se n\u00e3o perdermos tempo com mentiras, reclama\u00e7\u00f5es in\u00f3cuas, manipula\u00e7\u00f5es ou revivificar situa\u00e7\u00e3o \u201cmagoadoras\u201d, estaremos sempre promovendo uma \u201cauto limpeza\u201d energ\u00e9tica. Aquilo que emitimos se torna um b\u00e1lsamo para os outros seres, pois passamos a inspir\u00e1-los, encoraj\u00e1-los e assim aumentamos a vibra\u00e7\u00e3o e a autoestima, tanto nossa como a do outro. Pois pensamentos e palavras s\u00e3o impulsos de energias que influenciam a n\u00f3s mesmos e aos outros.<\/p>\n<p>J\u00e1 a mentira, a m\u00e1goa, falar mal dos outros, a manipula\u00e7\u00e3o, a ridiculariza\u00e7\u00e3o alheia, reclama\u00e7\u00f5es in\u00f3cuas, lamenta\u00e7\u00f5es sem fim etc. nos denigre tanto quanto ao outro ser afetado, pois al\u00e9m de enviarmos energias densas para nosso \u201calvo\u201d, \u201csujamos\u201d nossa pr\u00f3pria energia com emo\u00e7\u00f5es densas e super adoecedoras como m\u00e1goa, ci\u00fame, inveja, raiva etc. Passamos a contaminar os outros com uma esp\u00e9cie de v\u00edrus sutil da maledic\u00eancia e da mentira.<\/p>\n<p>O ouvinte contaminado passa a ver o mundo sob a perspectiva do ser que o contaminou com a tal doen\u00e7a. O \u201calvo\u201d do maledicente tamb\u00e9m ser\u00e1 afetado, pois passa a ser visto com desprezo, estranhamento e at\u00e9 horror, a depender do que se foi falado. Al\u00e9m disso, o evento da critica negativa (maledic\u00eancias, ridiculariza\u00e7\u00e3o, calunia etc) s\u00f3 corroboram com as vibra\u00e7\u00f5es densas, que j\u00e1 estavam sendo enviadas para o \u201calvo\u201d na forma ainda de pensamento.<\/p>\n<p>Tais vibra\u00e7\u00f5es s\u00e3o instaladas no ser que as disseminaram e tamb\u00e9m no ser que as ouviram em um ciclo perturbador e com consequ\u00eancias t\u00e3o sutis que nem atribu\u00edmos a tal evento, mas que teve sua raiz nele e foi tomando propor\u00e7\u00f5es desastrosas. \u00c9 o caso, por exemplo, dos boatos, que podem macular a imagem de algu\u00e9m a ponto de prejudicar seriamente a sua profiss\u00e3o, isso considerando o alvo, mas que pode ter reverbera\u00e7\u00f5es para o ouvinte tamb\u00e9m!<\/p>\n<p>Um grande mestre do Budismo Tibetano chamado Chogyal Namkhay Norbu, em seu livro Dzochen The Self-perfected State, logo no primeiro cap\u00edtulo fala nos aspectos individuais dos seres: o corpo, fala e mente (body, voice, mind). Esse segundo aspecto que gostaria de observar aqui, seria o modo pelo qual podemos acessar nossa energia uma vez que a fala \u00e9 nossa respira\u00e7\u00e3o e atrav\u00e9s de nossa respira\u00e7\u00e3o modulamos nossa energia vital. Por isso as pr\u00e1ticas com mantras s\u00e3o t\u00e3o transmutadoras de energia, pois a modulamos com sua verbaliza\u00e7\u00e3o junto com a intens\u00e3o (aspecto da mente) em cada mantra.<\/p>\n<p>Lembro de um exemplo da import\u00e2ncia da fala como sendo moduladora de nossa energia, no caso em que meu tutor em medita\u00e7\u00e3o, o Henrique, falava, quando ele, ainda no tempo de faculdade, ouviu uma conversa entre dois colegas em que falavam mal de uma terceira pessoa, de repente essa terceira pessoa chega e ele, o Henrique, que n\u00e3o tinha nada a ver com a hist\u00f3ria, j\u00e1 estava com raiva daquele ser, sem nem mesmo o conhecer. Ele mesmo cita isso como exemplo de como podemos nos contaminar com as energias sutis dos outros e uma forma muito f\u00e1cil disso acontecer \u00e9 pela fala, que \u00e9, em geral, nosso principal meio de comunica\u00e7\u00e3o.<\/p>\n<p>O chakra da boca \u00e9 um chakra pequeno, n\u00e3o faz parte dos nossos principais centros de energia, mas para \u201climp\u00e1-lo\u201d pode ser mais complicado do que parece. Lembra daquela amea\u00e7a da mam\u00e3e \u201cvou lavar sua boca com sab\u00e3o\u201d para a crian\u00e7a parar de dizer besteira? Haaa&#8230; se fosse simples assim limpar toda a mentira, maledic\u00eancia, intrigas, fofocas, acessos de raiva, ci\u00fames, manipula\u00e7\u00f5es que nossa boca profere seria mais tranquilo.<\/p>\n<p>Isso acontece porque para limpar nossa boca temos que limpar primeiro nossa mente-cora\u00e7\u00e3o. Chamo de mente-cora\u00e7\u00e3o aspectos racionais e intuitivos, seriam formas de pensamento constru\u00eddas sob quais agimos. Assim, temos impress\u00f5es (racional) e sensa\u00e7\u00f5es (intuitivas) de mundo que s\u00e3o constru\u00eddas sob a base das paisagens de gosto e n\u00e3o gosto, aquilo pode e aquilo n\u00e3o, \u201ceu aceito este e este ser, por\u00e9m aqueles n\u00e3o\u201d, \u201ceu aceito esse Deus, mas Aquele n\u00e3o\u201d. E assim vamos construindo pensamentos sob o pano de fundo dessas impress\u00f5es e sensa\u00e7\u00f5es.<\/p>\n<p>Para resumir vamos formando pensamentos sob princ\u00edpios \u00e9ticos-morais-religiosos-culturais que fazem com que desejemos excluir e\/ou dominar os outros. A consequ\u00eancia disso \u00e9 irmos minando o funcionamento de nossos chakras desde a base at\u00e9 a garganta e a\u00ed quando chega \u00e0 boca h\u00e1 tanta \u201csujeira\u201d sendo proferida que acabamos prejudicando, primeiro, a n\u00f3s mesmos, depois aquele de quem se fala e por fim o nosso ouvinte, pois h\u00e1 energia sendo encaminhada para esse ser tamb\u00e9m e, sob a forma de ataques e ganchos ps\u00edquicos, s\u00f3 dificultam e amarram em la\u00e7os negativos os falantes, ouvintes e os \u201cmal-falados\u201d (se houver).<\/p>\n<p>Para definitivamente podermos nos livrar de todo cinismo, sarcasmo, fofocas, lamenta\u00e7\u00f5es, reclama\u00e7\u00f5es etc. primeiro devemos purificar nosso cora\u00e7\u00e3o. Queremos passar a vida como? Acolhendo os seres com sinceridade ou destruindo e manipulando suas vidas? Primeiro podemos come\u00e7ar cultivando a compaix\u00e3o e a vontade sincera de ajudar os seres e de dar um basta em condutas nocivas a n\u00f3s mesmos e aos outros.<\/p>\n<p>Sabe, eu disse que n\u00e3o seria um come\u00e7o f\u00e1cil, mas, podemos come\u00e7ar, sem sermos muito sinceros mesmo. Aqui estamos primeiro despertando, tomando consci\u00eancia de que precisamos sanar todo mal disseminado, sem a\u00e7\u00e3o ainda, apenas conscientiza\u00e7\u00e3o. Por\u00e9m, podemos ir exercitando outras coisas concomitantemente, como a gentileza.<\/p>\n<p>O amado papa Francisco em um dos seus serm\u00f5es tamb\u00e9m j\u00e1 falou sobre isso dizendo assim: \u201cTodas as vezes que me vier \u00e0 boca a vontade de semear disc\u00f3rdia e divis\u00e3o e falar mal do outro&#8230; Morder a l\u00edngua!\u201d,\u00a0 e antes disso ele comparou aquele que fofoca a um terrorista, pois s\u00f3 semeia a disc\u00f3rdia, n\u00e3o cultiva a paz.<\/p>\n<p>Vale a pena conferir um trecho do seu serm\u00e3o:<br \/>\n<iframe loading=\"lazy\" width=\"500\" height=\"281\" src=\"https:\/\/www.youtube.com\/embed\/mUircNumjYc?feature=oembed\" frameborder=\"0\" allow=\"autoplay; encrypted-media\" allowfullscreen><\/iframe><\/p>\n<p>Eu n\u00e3o me atrevo a ser t\u00e3o dura como o Papa, afinal ele pode n\u00e9!? (rsrsrsr)<\/p>\n<p>Eu, humildemente, sugiro come\u00e7ar primeiro trazendo \u00e0 consci\u00eancia a qualidade da sua pr\u00f3pria fala. Como voc\u00ea considera aquilo que voc\u00ea fala? Tem muita raiva e m\u00e1goa naquilo que voc\u00ea profere? Tem o fim de machucar, ridicularizar ou denegrir algu\u00e9m? Constr\u00f3i algo ou \u00e9 destrutivo? H\u00e1 algum interesse por tr\u00e1s? Parece uma espada afiada, machucando indiscriminadamente? H\u00e1 alguma demanda sua que n\u00e3o esta sendo atendida?<\/p>\n<p>Sugiro come\u00e7ar com esse exerc\u00edcio noturno. A noite ao deitar, puxe em sua mem\u00f3ria aquilo que voc\u00ea falou. Machucou algu\u00e9m? Foi raivoso? Foi cruel? Duro demais? Sua motiva\u00e7\u00e3o era construir, ajudar ou destruir, manipular e iludir?<\/p>\n<p>Se detectar negatividades pe\u00e7a desculpas sinceras, primeiro \u00e0 sua pr\u00f3pria consci\u00eancia, depois se mentalize pedindo desculpas, tente enviar positividades aquele que voc\u00ea ataca ou atacou psiquicamente. Isso j\u00e1 \u00e9 um come\u00e7o. Nesse caso, n\u00e3o conseguimos evitar o mal feito, mas podemos tentar anul\u00e1-lo no \u00e2mbito sutil. Por\u00e9m, se surtiu efeitos materiais, tipo algu\u00e9m perdeu o emprego por isso ou desmanchou o casamento, sugiro ir pessoalmente pedir desculpas sinceras, falar dos equ\u00edvocos e tentar anular os danos materiais causados.<\/p>\n<p>Seguimos fazendo esse exerc\u00edcio \u00e0 noite, at\u00e9 que vamos tomando consci\u00eancia mais r\u00e1pido daquilo que \u00e9 danoso e quando vier \u00e0 mente e quiser ser proferido pela boca, vamos simplesmente engolir e transformar em constru\u00e7\u00f5es mais positivas. Dessa forma usamos nosso ego de forma positiva, colhendo as impress\u00f5es positivas dos seres e ambientes e transformando aquilo que foi criado de negativo em processos realmente \u00fateis e positivos a n\u00f3s e aos outros.<\/p>\n<p>Por fim, um livro muito precioso na arte de se comunicar se chama C<em>omunica\u00e7\u00e3o N\u00e3o-Violenta, T\u00e9cnicas Para Aprimorar Relacionamentos Pessoais E Profissionais,<\/em> de Marshall B. Rosenberg. Ele d\u00e1 exemplos e exerc\u00edcios pr\u00e1ticos de como se expressar com clareza e com o cora\u00e7\u00e3o, sem intens\u00e3o de manipular. Ele diz:\u00a0 \u201cO que quero em minha vida \u00e9 compaix\u00e3o, um fluxo entre mim mesmo e os outros com base numa entrega m\u00fatua, do fundo do cora\u00e7\u00e3o\u201d. Um livro muito tocante em que ele vai descrevendo na pr\u00e1tica como faz para conseguir esse fluir entre as pessoas. Para mim valeu muito \u00e0 pena de ser lido e tem sido desafiador pratic\u00e1-lo.<\/p>\n<p>Bem, o caminho \u00e9 simples, mas n\u00e3o \u00e9 nada f\u00e1cil, por\u00e9m, como dizem: devagar se vai ao longe, n\u00e9!? Vamos caminhar?<\/p>\n<p align=\"JUSTIFY\"><b><img decoding=\"async\" loading=\"lazy\" class=\" wp-image-32742 alignleft\" src=\"http:\/\/portalfloresnoar.com\/floresnoar\/wp-content\/uploads\/2018\/03\/Gabriela-Sencades-MIgge.jpg\" sizes=\"(max-width: 171px) 100vw, 171px\" srcset=\"http:\/\/portalfloresnoar.com\/floresnoar\/wp-content\/uploads\/2018\/03\/Gabriela-Sencades-MIgge.jpg 208w, http:\/\/portalfloresnoar.com\/floresnoar\/wp-content\/uploads\/2018\/03\/Gabriela-Sencades-MIgge-198x300.jpg 198w\" alt=\"\" width=\"171\" height=\"259\" \/><\/b><\/p>\n<p align=\"JUSTIFY\">\n<p align=\"JUSTIFY\"><b>* Gabriela Sencades Migge<\/b>\u00a0\u00e9 terapeuta hol\u00edstica, co-fundadora do Espa\u00e7o Cuidar, mestra em reiki, frequenciadora de luz, aur\u00edculoterapeuta, terapeuta floral, terapeuta pr\u00e2nica, thetahealer, facilitadora em medita\u00e7\u00e3o. Realiza atendimentos presenciais no bairro das Gra\u00e7as, no Recife-PE, Brasil.<\/p>\n<p align=\"JUSTIFY\"><strong>Marque sua consulta pelo n\u00famero:<\/strong>\u00a0(81) 9.9163-5351 (claro\/whatsapp).<br \/>\n<strong>Facebook:<\/strong>\u00a0gabrielasencades<br \/>\n<strong>Atendimentos via Skype:<\/strong>\u00a0Gabi Sencades<\/p>\n","protected":false},"excerpt":{"rendered":"<p>|\u00a0Por Gabriela Sencades Migge*\u00a0| \u201cO chacra da garganta \u00e9 a ponte espiritual para o mundo superior. Na busca do desenvolvimento espiritual, \u00e9 importante entender que o que vem da sua boca \u00e9 mais importante do que o que entra. Isto est\u00e1 impl\u00edcito em Marcos 7:15-22 e Ef\u00e9sios 4:29. Quando algo impuro entra na boca, ele [&hellip;]<\/p>\n","protected":false},"author":1,"featured_media":33806,"comment_status":"open","ping_status":"open","sticky":false,"template":"","format":"standard","meta":{"om_disable_all_campaigns":false,"_monsterinsights_skip_tracking":false,"_monsterinsights_sitenote_active":false,"_monsterinsights_sitenote_note":"","_monsterinsights_sitenote_category":0,"footnotes":""},"categories":[220,623],"tags":[499,136,719,147],"acf":[],"publishpress_future_action":{"enabled":false,"date":"1969-12-31 21:00:00","action":"","terms":[],"taxonomy":"","browser_timezone_offset":0},"_links":{"self":[{"href":"https:\/\/portalfloresnoar.com\/floresnoar\/wp-json\/wp\/v2\/posts\/33805"}],"collection":[{"href":"https:\/\/portalfloresnoar.com\/floresnoar\/wp-json\/wp\/v2\/posts"}],"about":[{"href":"https:\/\/portalfloresnoar.com\/floresnoar\/wp-json\/wp\/v2\/types\/post"}],"author":[{"embeddable":true,"href":"https:\/\/portalfloresnoar.com\/floresnoar\/wp-json\/wp\/v2\/users\/1"}],"replies":[{"embeddable":true,"href":"https:\/\/portalfloresnoar.com\/floresnoar\/wp-json\/wp\/v2\/comments?post=33805"}],"version-history":[{"count":0,"href":"https:\/\/portalfloresnoar.com\/floresnoar\/wp-json\/wp\/v2\/posts\/33805\/revisions"}],"wp:featuredmedia":[{"embeddable":true,"href":"https:\/\/portalfloresnoar.com\/floresnoar\/wp-json\/wp\/v2\/media\/33806"}],"wp:attachment":[{"href":"https:\/\/portalfloresnoar.com\/floresnoar\/wp-json\/wp\/v2\/media?parent=33805"}],"wp:term":[{"taxonomy":"category","embeddable":true,"href":"https:\/\/portalfloresnoar.com\/floresnoar\/wp-json\/wp\/v2\/categories?post=33805"},{"taxonomy":"post_tag","embeddable":true,"href":"https:\/\/portalfloresnoar.com\/floresnoar\/wp-json\/wp\/v2\/tags?post=33805"}],"curies":[{"name":"wp","href":"https:\/\/api.w.org\/{rel}","templated":true}]}}