

{"id":33800,"date":"2018-05-06T22:11:01","date_gmt":"2018-05-07T01:11:01","guid":{"rendered":"http:\/\/portalfloresnoar.com\/floresnoar\/?p=33800"},"modified":"2018-08-24T20:18:17","modified_gmt":"2018-08-24T23:18:17","slug":"agenda-pe-festival-mundial-da-paz-ekam-dia-198-na-unipazpe","status":"publish","type":"post","link":"https:\/\/portalfloresnoar.com\/floresnoar\/agenda-pe-festival-mundial-da-paz-ekam-dia-198-na-unipazpe\/","title":{"rendered":"[AGENDA PE] Festival Mundial da Paz EKAM, dia 19\/8, na Unipaz\/PE"},"content":{"rendered":"<p><img decoding=\"async\" loading=\"lazy\" class=\"aligncenter wp-image-33802\" src=\"http:\/\/portalfloresnoar.com\/floresnoar\/wp-content\/uploads\/2018\/08\/Ekam-Festival.png\" alt=\"\" width=\"635\" height=\"635\" srcset=\"https:\/\/portalfloresnoar.com\/floresnoar\/wp-content\/uploads\/2018\/08\/Ekam-Festival.png 726w, https:\/\/portalfloresnoar.com\/floresnoar\/wp-content\/uploads\/2018\/08\/Ekam-Festival-150x150.png 150w, https:\/\/portalfloresnoar.com\/floresnoar\/wp-content\/uploads\/2018\/08\/Ekam-Festival-300x300.png 300w, https:\/\/portalfloresnoar.com\/floresnoar\/wp-content\/uploads\/2018\/08\/Ekam-Festival-700x700.png 700w, https:\/\/portalfloresnoar.com\/floresnoar\/wp-content\/uploads\/2018\/08\/Ekam-Festival-100x100.png 100w\" sizes=\"(max-width: 635px) 100vw, 635px\" \/> O Festival Mundial da Paz Ekam, realizado pela O&amp;O Academy \u2013 \u00cdndia, \u00e9 um per\u00edodo em que centenas de milhares de pessoas em todo o planeta meditam juntas e ao mesmo tempo, para provocar uma mudan\u00e7a maci\u00e7a na consci\u00eancia humana.<\/p>\n<p>O Festival acontecer\u00e1 no EKAM, um Espa\u00e7o M\u00edstico de Transcend\u00eancia, um Gerador e Amplificador de Estados de Despertar. A estrutura do EKAM \u00e9 um fen\u00f4meno em si mesmo pela maneira como afeta e eleva a consci\u00eancia para reinos transcendentais. Esta vis\u00e3o sagrada para um espa\u00e7o dedicado \u00e0 transforma\u00e7\u00e3o humana foi criada e dirigida por Krishna Ji, para preencher a vis\u00e3o de seus pais Sri Amma Bhagavan.<\/p>\n<p>Durante o Festival, que ocorre entre 9 e 19 de agosto de 2018, o EKAM\u00a0\u00a0&#8211; irradia infinita Gra\u00e7a, aben\u00e7oando todos que est\u00e3o l\u00e1, ampliando e irradiando energia c\u00f3smica para trazer a paz ao mundo.<\/p>\n<p>Na programa\u00e7\u00e3o para cada dia do Festival, medita\u00e7\u00f5es espec\u00edficas para os diversos aspectos que levam a este resultado de mais Paz em cada indiv\u00edduo participante, em sua fam\u00edlia, bairro, cidade, e assim em ondas de energia, em seu pa\u00eds e em todo o planeta. Haver\u00e1 transmiss\u00e3o online para todos os participantes do Festival.<\/p>\n<p>No dia 19 de agosto ser\u00e1 a culmina\u00e7\u00e3o do Festival, pessoas do mundo inteiro estar\u00e3o se reunindo nos PONTOS DE LUZ DE PODER DA PAZ em n\u00fameros massivos e conectando-se ao Fen\u00f4meno do Ekam, no mesmo hor\u00e1rio em que ali 25 mil pessoas, dentre elas monges e l\u00edderes iluminados, vindos de todos os lugares do mundo, reunidos para criar essa enorme onda de energia de Paz. E todos os PONTOS DE LUZ do Brasil e do mundo inteiro, unidos online ao EKAM, a esses 25 mil meditadores, meditando pela Paz Mundial.<\/p>\n<p>A UNIPAZ Pernambuco \u00e9 um PONTO DE LUZ do EKAM no Brasil e no dia 19 de agosto, das 12h \u00e0s 15h, realiza a medita\u00e7\u00e3o em sua sede, localizada no bairro da Encruzilhada, no Recife. A entrada \u00e9 gratuita!<\/p>\n<p><em>Obs.: O evento na Unipaz\/PE estar\u00e1 conectado com o evento na \u00cdndia, atrav\u00e9s da internet. Ser\u00e3o oferecidas op\u00e7\u00f5es de lanche e almo\u00e7o no local.<\/em><\/p>\n<p><strong>Data:<\/strong> 19 de agosto de 2018<br \/>\n<strong>Hora:<\/strong> 12h \u00e0s 15h<br \/>\n<strong>Local:<\/strong> Unipaz Pernambuco &#8211; R. Dr. En\u00e9as de Lucena, 244 &#8211; Encruzilhada, Recife\/PE<\/p>\n<p><em>Entrada gratuita!<\/em><\/p>\n<p><strong>Mais informa\u00e7\u00f5es e link para formul\u00e1rio de inscri\u00e7\u00e3o:<\/strong><br \/>\n<a href=\"https:\/\/www.facebook.com\/events\/250723015760451\/\" target=\"_blank\" rel=\"noopener\">https:\/\/www.facebook.com\/events\/250723015760451\/<\/a><br \/>\n<a href=\"https:\/\/www.facebook.com\/DeekshaRecife\/\" target=\"_blank\" rel=\"noopener\">https:\/\/www.facebook.com\/DeekshaRecife\/<\/a><br \/>\ndeeksharecife@gmail.com<\/p>\n","protected":false},"excerpt":{"rendered":"<p>O Festival Mundial da Paz Ekam, realizado pela O&amp;O Academy \u2013 \u00cdndia, \u00e9 um per\u00edodo em que centenas de milhares de pessoas em todo o planeta meditam juntas e ao mesmo tempo, para provocar uma mudan\u00e7a maci\u00e7a na consci\u00eancia humana. O Festival acontecer\u00e1 no EKAM, um Espa\u00e7o M\u00edstico de Transcend\u00eancia, um Gerador e Amplificador de [&hellip;]<\/p>\n","protected":false},"author":1,"featured_media":33803,"comment_status":"open","ping_status":"open","sticky":false,"template":"","format":"standard","meta":{"om_disable_all_campaigns":false,"_monsterinsights_skip_tracking":false,"_monsterinsights_sitenote_active":false,"_monsterinsights_sitenote_note":"","_monsterinsights_sitenote_category":0,"footnotes":""},"categories":[8,214],"tags":[336,43],"acf":[],"publishpress_future_action":{"enabled":false,"date":"1969-12-31 21:00:00","action":"","terms":[],"taxonomy":"","browser_timezone_offset":0},"_links":{"self":[{"href":"https:\/\/portalfloresnoar.com\/floresnoar\/wp-json\/wp\/v2\/posts\/33800"}],"collection":[{"href":"https:\/\/portalfloresnoar.com\/floresnoar\/wp-json\/wp\/v2\/posts"}],"about":[{"href":"https:\/\/portalfloresnoar.com\/floresnoar\/wp-json\/wp\/v2\/types\/post"}],"author":[{"embeddable":true,"href":"https:\/\/portalfloresnoar.com\/floresnoar\/wp-json\/wp\/v2\/users\/1"}],"replies":[{"embeddable":true,"href":"https:\/\/portalfloresnoar.com\/floresnoar\/wp-json\/wp\/v2\/comments?post=33800"}],"version-history":[{"count":0,"href":"https:\/\/portalfloresnoar.com\/floresnoar\/wp-json\/wp\/v2\/posts\/33800\/revisions"}],"wp:featuredmedia":[{"embeddable":true,"href":"https:\/\/portalfloresnoar.com\/floresnoar\/wp-json\/wp\/v2\/media\/33803"}],"wp:attachment":[{"href":"https:\/\/portalfloresnoar.com\/floresnoar\/wp-json\/wp\/v2\/media?parent=33800"}],"wp:term":[{"taxonomy":"category","embeddable":true,"href":"https:\/\/portalfloresnoar.com\/floresnoar\/wp-json\/wp\/v2\/categories?post=33800"},{"taxonomy":"post_tag","embeddable":true,"href":"https:\/\/portalfloresnoar.com\/floresnoar\/wp-json\/wp\/v2\/tags?post=33800"}],"curies":[{"name":"wp","href":"https:\/\/api.w.org\/{rel}","templated":true}]}}