

{"id":33760,"date":"2018-05-02T15:23:07","date_gmt":"2018-05-02T18:23:07","guid":{"rendered":"http:\/\/portalfloresnoar.com\/floresnoar\/?p=33760"},"modified":"2018-08-10T10:12:55","modified_gmt":"2018-08-10T13:12:55","slug":"agenda-pe-leitura-de-aura-em-grupo-dia-98-no-espaco-gerar","status":"publish","type":"post","link":"https:\/\/portalfloresnoar.com\/floresnoar\/agenda-pe-leitura-de-aura-em-grupo-dia-98-no-espaco-gerar\/","title":{"rendered":"[AGENDA PE] Leitura de Aura em grupo, dia 9\/8, no Espa\u00e7o Gerar"},"content":{"rendered":"<p><img decoding=\"async\" loading=\"lazy\" class=\"aligncenter wp-image-33761\" src=\"http:\/\/portalfloresnoar.com\/floresnoar\/wp-content\/uploads\/2018\/08\/leitura-de-aura-no-recife_foto-pixabay-free.jpg\" alt=\"\" width=\"670\" height=\"445\" srcset=\"https:\/\/portalfloresnoar.com\/floresnoar\/wp-content\/uploads\/2018\/08\/leitura-de-aura-no-recife_foto-pixabay-free.jpg 960w, https:\/\/portalfloresnoar.com\/floresnoar\/wp-content\/uploads\/2018\/08\/leitura-de-aura-no-recife_foto-pixabay-free-300x199.jpg 300w, https:\/\/portalfloresnoar.com\/floresnoar\/wp-content\/uploads\/2018\/08\/leitura-de-aura-no-recife_foto-pixabay-free-768x510.jpg 768w, https:\/\/portalfloresnoar.com\/floresnoar\/wp-content\/uploads\/2018\/08\/leitura-de-aura-no-recife_foto-pixabay-free-700x465.jpg 700w\" sizes=\"(max-width: 670px) 100vw, 670px\" \/><\/p>\n<p>O terapeuta Azul Acosta realiza no dia 9 de agosto de 2018, \u00e0s 19h, no Espa\u00e7o Gerar, a Rodada do Beija-flor (Leitura de Aura em grupo).<\/p>\n<p>A rodada do Beija-Flor \u00e9 uma Leitura de Aura em Grupo na qual o Leitor faz uma breve Leitura de Aura de cada um dos participantes. O nome desta din\u00e2mica \u00e9 inspirado no Beija-flor que d\u00e1 um pequeno \u2018beijo\u2019 em cada flor. Da mesma forma o Leitor vai poder ler um pouco da Aura de cada participante.\u00a0A Leitura pode ter um tema espec\u00edfico para todos da roda ou um tema livre permitindo que a Leitura de Aura traga o que \u00e9 mais importante para cada participante.<\/p>\n<p>&#8220;\u00c9 um aprendizado em grupo e individual, pois a informa\u00e7\u00e3o que toca a um participante pode beneficiar aos demais, al\u00e9m de refor\u00e7ar a conex\u00e3o estabelecida atrav\u00e9s da uni\u00e3o de inten\u00e7\u00f5es em grupo&#8221;, declara Azul.<\/p>\n<p><strong>Data:<\/strong> 9 de agosto de 2018\u00a0 (quinta-feira)<br \/>\n<strong>Hora:<\/strong> 19h<br \/>\n<strong>Local:<\/strong> GERAR &#8211; ARTETERAPIA E BEM-ESTAR: Rua Jorge de Albuquerque, 103, Casa Forte, Recife-PE.\u00a0Fones: (81) 3268.1749 | (81) 9.9760-6383.<\/p>\n<p><span style=\"letter-spacing: 0em;\">Evento gratuito!<\/span><\/p>\n<p><em>As vagas s\u00e3o limitadas!<\/em><\/p>\n<p>MAIS INFORMA\u00c7\u00d5ES E INSCRI\u00c7\u00d5ES<br \/>\n<strong>Fone:<\/strong> (81) 9.9433-2762<br \/>\n<strong>E-mail:<\/strong> azul.acosta.foto@gmail.com<\/p>\n","protected":false},"excerpt":{"rendered":"<p>O terapeuta Azul Acosta realiza no dia 9 de agosto de 2018, \u00e0s 19h, no Espa\u00e7o Gerar, a Rodada do Beija-flor (Leitura de Aura em grupo). A rodada do Beija-Flor \u00e9 uma Leitura de Aura em Grupo na qual o Leitor faz uma breve Leitura de Aura de cada um dos participantes. O nome desta [&hellip;]<\/p>\n","protected":false},"author":1,"featured_media":33761,"comment_status":"open","ping_status":"open","sticky":false,"template":"","format":"standard","meta":{"om_disable_all_campaigns":false,"_monsterinsights_skip_tracking":false,"_monsterinsights_sitenote_active":false,"_monsterinsights_sitenote_note":"","_monsterinsights_sitenote_category":0,"footnotes":""},"categories":[8,214],"tags":[246],"acf":[],"publishpress_future_action":{"enabled":false,"date":"1969-12-31 21:00:00","action":"","terms":[],"taxonomy":"","browser_timezone_offset":0},"_links":{"self":[{"href":"https:\/\/portalfloresnoar.com\/floresnoar\/wp-json\/wp\/v2\/posts\/33760"}],"collection":[{"href":"https:\/\/portalfloresnoar.com\/floresnoar\/wp-json\/wp\/v2\/posts"}],"about":[{"href":"https:\/\/portalfloresnoar.com\/floresnoar\/wp-json\/wp\/v2\/types\/post"}],"author":[{"embeddable":true,"href":"https:\/\/portalfloresnoar.com\/floresnoar\/wp-json\/wp\/v2\/users\/1"}],"replies":[{"embeddable":true,"href":"https:\/\/portalfloresnoar.com\/floresnoar\/wp-json\/wp\/v2\/comments?post=33760"}],"version-history":[{"count":0,"href":"https:\/\/portalfloresnoar.com\/floresnoar\/wp-json\/wp\/v2\/posts\/33760\/revisions"}],"wp:featuredmedia":[{"embeddable":true,"href":"https:\/\/portalfloresnoar.com\/floresnoar\/wp-json\/wp\/v2\/media\/33761"}],"wp:attachment":[{"href":"https:\/\/portalfloresnoar.com\/floresnoar\/wp-json\/wp\/v2\/media?parent=33760"}],"wp:term":[{"taxonomy":"category","embeddable":true,"href":"https:\/\/portalfloresnoar.com\/floresnoar\/wp-json\/wp\/v2\/categories?post=33760"},{"taxonomy":"post_tag","embeddable":true,"href":"https:\/\/portalfloresnoar.com\/floresnoar\/wp-json\/wp\/v2\/tags?post=33760"}],"curies":[{"name":"wp","href":"https:\/\/api.w.org\/{rel}","templated":true}]}}