

{"id":33731,"date":"2018-09-01T13:00:37","date_gmt":"2018-09-01T16:00:37","guid":{"rendered":"http:\/\/portalfloresnoar.com\/floresnoar\/?p=33731"},"modified":"2018-09-21T09:53:00","modified_gmt":"2018-09-21T12:53:00","slug":"agenda-pe-curso-os-florais-da-amazonia-e-os-sete-pontos-de-forca-dias-22-e-239-com-maria-alice","status":"publish","type":"post","link":"https:\/\/portalfloresnoar.com\/floresnoar\/agenda-pe-curso-os-florais-da-amazonia-e-os-sete-pontos-de-forca-dias-22-e-239-com-maria-alice\/","title":{"rendered":"[AGENDA PE] Curso &#8216;Os Florais da Amaz\u00f4nia e Os Sete Pontos de For\u00e7a&#8217;, dias 22 e 23\/9, com Maria Alice"},"content":{"rendered":"<p><img decoding=\"async\" loading=\"lazy\" class=\"aligncenter wp-image-33732\" src=\"http:\/\/portalfloresnoar.com\/floresnoar\/wp-content\/uploads\/2018\/08\/curso-florais-da-amazonia-no-recife.jpg\" alt=\"\" width=\"684\" height=\"910\" srcset=\"https:\/\/portalfloresnoar.com\/floresnoar\/wp-content\/uploads\/2018\/08\/curso-florais-da-amazonia-no-recife.jpg 690w, https:\/\/portalfloresnoar.com\/floresnoar\/wp-content\/uploads\/2018\/08\/curso-florais-da-amazonia-no-recife-225x300.jpg 225w, https:\/\/portalfloresnoar.com\/floresnoar\/wp-content\/uploads\/2018\/08\/curso-florais-da-amazonia-no-recife-526x700.jpg 526w\" sizes=\"(max-width: 684px) 100vw, 684px\" \/><\/p>\n<p>A co-sintonizadora dos Florais da Amaz\u00f4nia e integrante do Conselho Internacional das Treze Av\u00f3s Nativas, Maria Alice Campos Freire, estar\u00e1 no Recife, nos dias 22 e 23 de setembro de 2018, onde realizar\u00e1 o curso &#8216;Os Florais da Amaz\u00f4nia e os Sete Pontos de For\u00e7a&#8217;. O curso tem como foco o\u00a0estudo dos sete chacras na terap\u00eautica dos Florais da Amaz\u00f4nia. As aulas ser\u00e3o realizadas das 9h \u00e0s 18h no Espa\u00e7o TeSer.<\/p>\n<p>Desde o in\u00edcio da pesquisa, as pesquisadoras do sistema Florais da Amaz\u00f4nia identificaram padr\u00f5es relacionadas aos sete chacras nas mensagens reveladas na sintonia com as flores. Este aspecto da atua\u00e7\u00e3o das ess\u00eancias \u00e9 mencionado na literatura dos Florais da Amaz\u00f4nia como o \u201cponto de for\u00e7a&#8221;, ou seja, o chacra atrav\u00e9s do qual se d\u00e1 a abordagem da ess\u00eancia. Ao longo dos anos, este estudo vem se desenvolvendo e aprofundando.<\/p>\n<p>No curso os Sete Pontos de For\u00e7a, a pesquisadora Maria Alice Campos Freire apresenta as f\u00f3rmulas de cada chacra, aprofundando o estudo da atua\u00e7\u00e3o dos grupos de flores nos padr\u00f5es relacionados a cada centro de energia, no alinhamento do ser humano. A din\u00e2mica do curso \u00e9 vivencial, o que significa que os estudantes ser\u00e3o convidados a fazer o estudo de seus pr\u00f3prios pontos de for\u00e7a, tomando os florais e experienciando sua a\u00e7\u00e3o.<\/p>\n<p>CONTE\u00daDO DO CURSO<br \/>\n&#8211; Estudo da atua\u00e7\u00e3o das ess\u00eancias das flores nos padr\u00f5es relacionados aos sete chakras;<br \/>\n&#8211; Apresenta\u00e7\u00e3o das f\u00f3rmulas dos sete chakras, descri\u00e7\u00e3o das flores e dos crit\u00e9rios de associa\u00e7\u00e3o delas na composi\u00e7\u00e3o das f\u00f3rmulas.<\/p>\n<p>DATA<br \/>\n22 e 23 de setembro de 2018 (s\u00e1bado e domingo)<\/p>\n<p>HORA<br \/>\nDas 9h \u00e0s 18h<\/p>\n<p>CARGA HOR\u00c1RIA DO CURSO<br \/>\n16 horas<\/p>\n<p>LOCAL<br \/>\nEspa\u00e7o TeSer &#8211; Av. Santos Dumont, 1084 &#8211; Rosarinho, Recife &#8211; PE<\/p>\n<p>INVESTIMENTO<br \/>\nR$ 480,00 pagamento integral antecipado com desconto at\u00e9 a data 05\/08;<br \/>\nR$ 510,00 (pagamento \u00e0 vista integral);<br \/>\nR$ 540,00 (pagamento parcelado em at\u00e9 10x pelo PagSeguro UOL).<\/p>\n<p>INSCRI\u00c7\u00d5ES E MAIS INFORMA\u00c7\u00d5ES<br \/>\n<strong>E-mail:<\/strong> floraisdaamazonia.recife@gmail.com<br \/>\n<strong>Celular (Tim) e Whatsapp:<\/strong> (81) 999759781 [Rayssa Matsuyama] | (81) 997940225 [Paula Frassinetti ]<\/p>\n<p><strong>Evento no Facebook:\u00a0<\/strong><a href=\"https:\/\/www.facebook.com\/events\/348695752296141\/\" target=\"_blank\" rel=\"noopener\">https:\/\/www.facebook.com\/events\/348695752296141\/<\/a><\/p>\n<p><strong>P\u00e1ginas no Facebook:<\/strong><br \/>\n<a href=\"https:\/\/www.facebook.com\/SeteSereias\/\" target=\"_blank\" rel=\"noopener\">facebook.com\/SeteSereias\/<\/a><br \/>\n<a href=\"https:\/\/www.facebook.com\/FloraisRecife\/\" target=\"_blank\" rel=\"noopener\">facebook.com\/FloraisRecife\/<\/a><\/p>\n<p><strong>Site dos Florais da Amaz\u00f4nia:<\/strong>\u00a0<a href=\"http:\/\/floraisdaamazonia.com.br\/\" target=\"_blank\" rel=\"noopener\">http:\/\/floraisdaamazonia.com.br\/<\/a><\/p>\n","protected":false},"excerpt":{"rendered":"<p>A co-sintonizadora dos Florais da Amaz\u00f4nia e integrante do Conselho Internacional das Treze Av\u00f3s Nativas, Maria Alice Campos Freire, estar\u00e1 no Recife, nos dias 22 e 23 de setembro de 2018, onde realizar\u00e1 o curso &#8216;Os Florais da Amaz\u00f4nia e os Sete Pontos de For\u00e7a&#8217;. O curso tem como foco o\u00a0estudo dos sete chacras na [&hellip;]<\/p>\n","protected":false},"author":1,"featured_media":33735,"comment_status":"open","ping_status":"open","sticky":false,"template":"","format":"standard","meta":{"om_disable_all_campaigns":false,"_monsterinsights_skip_tracking":false,"_monsterinsights_sitenote_active":false,"_monsterinsights_sitenote_note":"","_monsterinsights_sitenote_category":0,"footnotes":""},"categories":[8,214],"tags":[167,70,569,435],"acf":[],"publishpress_future_action":{"enabled":false,"date":"1969-12-31 21:00:00","action":"","terms":[],"taxonomy":"","browser_timezone_offset":0},"_links":{"self":[{"href":"https:\/\/portalfloresnoar.com\/floresnoar\/wp-json\/wp\/v2\/posts\/33731"}],"collection":[{"href":"https:\/\/portalfloresnoar.com\/floresnoar\/wp-json\/wp\/v2\/posts"}],"about":[{"href":"https:\/\/portalfloresnoar.com\/floresnoar\/wp-json\/wp\/v2\/types\/post"}],"author":[{"embeddable":true,"href":"https:\/\/portalfloresnoar.com\/floresnoar\/wp-json\/wp\/v2\/users\/1"}],"replies":[{"embeddable":true,"href":"https:\/\/portalfloresnoar.com\/floresnoar\/wp-json\/wp\/v2\/comments?post=33731"}],"version-history":[{"count":0,"href":"https:\/\/portalfloresnoar.com\/floresnoar\/wp-json\/wp\/v2\/posts\/33731\/revisions"}],"wp:featuredmedia":[{"embeddable":true,"href":"https:\/\/portalfloresnoar.com\/floresnoar\/wp-json\/wp\/v2\/media\/33735"}],"wp:attachment":[{"href":"https:\/\/portalfloresnoar.com\/floresnoar\/wp-json\/wp\/v2\/media?parent=33731"}],"wp:term":[{"taxonomy":"category","embeddable":true,"href":"https:\/\/portalfloresnoar.com\/floresnoar\/wp-json\/wp\/v2\/categories?post=33731"},{"taxonomy":"post_tag","embeddable":true,"href":"https:\/\/portalfloresnoar.com\/floresnoar\/wp-json\/wp\/v2\/tags?post=33731"}],"curies":[{"name":"wp","href":"https:\/\/api.w.org\/{rel}","templated":true}]}}