

{"id":33639,"date":"2018-07-24T10:51:54","date_gmt":"2018-07-24T13:51:54","guid":{"rendered":"http:\/\/portalfloresnoar.com\/floresnoar\/?p=33639"},"modified":"2018-08-06T11:31:15","modified_gmt":"2018-08-06T14:31:15","slug":"agenda-pe-grupo-terapeutico-para-jovens-universitarios-a-partir-de-78-no-espaco-gerar","status":"publish","type":"post","link":"https:\/\/portalfloresnoar.com\/floresnoar\/agenda-pe-grupo-terapeutico-para-jovens-universitarios-a-partir-de-78-no-espaco-gerar\/","title":{"rendered":"[AGENDA PE] Grupo Terap\u00eautico para Jovens Universit\u00e1rios, no Espa\u00e7o Gerar"},"content":{"rendered":"<p><img decoding=\"async\" loading=\"lazy\" class=\"aligncenter wp-image-33641\" src=\"http:\/\/portalfloresnoar.com\/floresnoar\/wp-content\/uploads\/2018\/07\/grupo-terapeutico-para-universitarios.jpg\" alt=\"\" width=\"535\" height=\"951\" srcset=\"https:\/\/portalfloresnoar.com\/floresnoar\/wp-content\/uploads\/2018\/07\/grupo-terapeutico-para-universitarios.jpg 540w, https:\/\/portalfloresnoar.com\/floresnoar\/wp-content\/uploads\/2018\/07\/grupo-terapeutico-para-universitarios-169x300.jpg 169w, https:\/\/portalfloresnoar.com\/floresnoar\/wp-content\/uploads\/2018\/07\/grupo-terapeutico-para-universitarios-394x700.jpg 394w\" sizes=\"(max-width: 535px) 100vw, 535px\" \/><\/p>\n<p>Os psic\u00f3logos Roberta Barbosa e Rodrigo Lira est\u00e3o realizando o Grupo Terap\u00eautico para Jovens Universit\u00e1rios, no Espa\u00e7o Gerar, em Casa Forte. O objetivo do Grupo \u00e9 promover a troca de experi\u00eancias pessoais a fim de que sejam criados caminhos criativos de autoconhecimento e cuidado no formato grupal para o p\u00fablico jovem, que no contexto universit\u00e1rio, precisa lidar com diversas expectativas sociais e subjetivas que afetam o estado mental e emocional de cada um e cada uma.<\/p>\n<p>O grupo \u00e9 destinado aos jovens entre 18 e 29 anos que sejam alunos de curso de gradua\u00e7\u00e3o universit\u00e1ria.\u00a0Os encontros ser\u00e3o realizados nas ter\u00e7as-feiras, das 19h \u00e0s 20h30. As vagas encontram-se abertas!<\/p>\n<p>\u201cCompartilhar experi\u00eancias pessoais requer abertura, antes de tudo, para si mesmo. Ter a possibilidade de desenvolver essa atitude num contexto terap\u00eautico com grupos pode ser muito ben\u00e9fico, pois nesses espa\u00e7os, numa pulsa\u00e7\u00e3o coletiva, \u00e9 poss\u00edvel desenvolver formas de cuidado que promovem um processo de autoconhecimento que propicie a express\u00e3o daquilo que somos.\u201d, declaram os facilitadores Roberta e Rodrigo.<\/p>\n<p>FACILITADORES<br \/>\n<strong>Roberta Barbosa<\/strong> \u00e9 psic\u00f3loga cl\u00ednica (CRP 02\/20591) e arteterapeuta em forma\u00e7\u00e3o (ARTE-PE 127\/1002), com experi\u00eancia no acompanhamento terap\u00eautico individual e em grupo, em ambiente hospitalar, Sa\u00fade Mental, Cuidados Paliativos e Centro de Conviv\u00eancia. Atua com atendimento em psicoterapia individual para crian\u00e7as, adolescentes, adultos e idosos.<\/p>\n<p><strong>Rodrigo Lira<\/strong> \u00e9 psic\u00f3logo (CRP 02\/20655), com base na Psicologia Anal\u00edtica. Desenvolve trabalhos voltados para as juventudes em rela\u00e7\u00e3o \u00e0s discuss\u00f5es de g\u00eanero e sa\u00fade. Atende com psicologia cl\u00ednica ao p\u00fablico adolescente, jovem, adulto e idoso.<\/p>\n<p>Para participar basta entrar em contato e confirmar a participa\u00e7\u00e3o atrav\u00e9s dos telefones (81) 99432-5589 ou (81) 99685-3296.<\/p>\n<p><strong>GRUPO TERAP\u00caUTICO PARA JOVENS UNIVERSIT\u00c1RIOS<\/strong><br \/>\n<strong>Data:<\/strong>\u00a0Ter\u00e7as-feiras<br \/>\n<strong>Hora:<\/strong> das 19 \u00e0s 20h30<br \/>\n<strong>Local:<\/strong> Gerar Arteterapia e Bem-estar (Rua Jorge de Albuquerque, 103, Casa Forte, Recife\/PE (pr\u00f3ximo ao Museu do Homem do Nordeste da Avenida 17 de Agosto).<br \/>\n<strong>Investimento:<\/strong> R$ 200,00 (por m\u00eas).<\/p>\n<p><strong>MAIS INFORMA\u00c7\u00d5ES<\/strong><br \/>\n(81) 99432-5589 | (81) 99685-3296<\/p>\n","protected":false},"excerpt":{"rendered":"<p>Os psic\u00f3logos Roberta Barbosa e Rodrigo Lira est\u00e3o realizando o Grupo Terap\u00eautico para Jovens Universit\u00e1rios, no Espa\u00e7o Gerar, em Casa Forte. O objetivo do Grupo \u00e9 promover a troca de experi\u00eancias pessoais a fim de que sejam criados caminhos criativos de autoconhecimento e cuidado no formato grupal para o p\u00fablico jovem, que no contexto universit\u00e1rio, [&hellip;]<\/p>\n","protected":false},"author":1,"featured_media":33640,"comment_status":"open","ping_status":"open","sticky":false,"template":"","format":"standard","meta":{"om_disable_all_campaigns":false,"_monsterinsights_skip_tracking":false,"_monsterinsights_sitenote_active":false,"_monsterinsights_sitenote_note":"","_monsterinsights_sitenote_category":0,"footnotes":""},"categories":[8,224,214],"tags":[137,175],"acf":[],"publishpress_future_action":{"enabled":false,"date":"1969-12-31 21:00:00","action":"","terms":[],"taxonomy":"","browser_timezone_offset":0},"_links":{"self":[{"href":"https:\/\/portalfloresnoar.com\/floresnoar\/wp-json\/wp\/v2\/posts\/33639"}],"collection":[{"href":"https:\/\/portalfloresnoar.com\/floresnoar\/wp-json\/wp\/v2\/posts"}],"about":[{"href":"https:\/\/portalfloresnoar.com\/floresnoar\/wp-json\/wp\/v2\/types\/post"}],"author":[{"embeddable":true,"href":"https:\/\/portalfloresnoar.com\/floresnoar\/wp-json\/wp\/v2\/users\/1"}],"replies":[{"embeddable":true,"href":"https:\/\/portalfloresnoar.com\/floresnoar\/wp-json\/wp\/v2\/comments?post=33639"}],"version-history":[{"count":0,"href":"https:\/\/portalfloresnoar.com\/floresnoar\/wp-json\/wp\/v2\/posts\/33639\/revisions"}],"wp:featuredmedia":[{"embeddable":true,"href":"https:\/\/portalfloresnoar.com\/floresnoar\/wp-json\/wp\/v2\/media\/33640"}],"wp:attachment":[{"href":"https:\/\/portalfloresnoar.com\/floresnoar\/wp-json\/wp\/v2\/media?parent=33639"}],"wp:term":[{"taxonomy":"category","embeddable":true,"href":"https:\/\/portalfloresnoar.com\/floresnoar\/wp-json\/wp\/v2\/categories?post=33639"},{"taxonomy":"post_tag","embeddable":true,"href":"https:\/\/portalfloresnoar.com\/floresnoar\/wp-json\/wp\/v2\/tags?post=33639"}],"curies":[{"name":"wp","href":"https:\/\/api.w.org\/{rel}","templated":true}]}}